{"id":1125659,"date":"2019-07-14T14:45:37","date_gmt":"2019-07-14T12:45:37","guid":{"rendered":"https:\/\/automobile-guenther.de\/?p=1125659"},"modified":"2021-03-29T14:17:50","modified_gmt":"2021-03-29T12:17:50","slug":"michelangelo","status":"publish","type":"post","link":"https:\/\/guenther-gruppe.de\/nissan\/michelangelo\/","title":{"rendered":"NISSAN NV300 MICHELANGELO"},"content":{"rendered":"<p><div class=\"fusion-fullwidth fullwidth-box fusion-builder-row-1 fusion-flex-container nonhundred-percent-fullwidth non-hundred-percent-height-scrolling\" style=\"--awb-border-radius-top-left:0px;--awb-border-radius-top-right:0px;--awb-border-radius-bottom-right:0px;--awb-border-radius-bottom-left:0px;--awb-padding-top:0px;--awb-padding-right:10%;--awb-padding-bottom:0px;--awb-padding-left:10%;\" ><div class=\"fusion-builder-row fusion-row fusion-flex-align-items-flex-start\" style=\"max-width:1352px;margin-left: calc(-4% \/ 2 );margin-right: calc(-4% \/ 2 );\"><div class=\"fusion-layout-column fusion_builder_column fusion-builder-column-0 fusion_builder_column_1_1 1_1 fusion-flex-column\" style=\"--awb-padding-bottom:0px;--awb-bg-size:cover;--awb-width-large:100%;--awb-margin-top-large:0px;--awb-spacing-right-large:1.92%;--awb-margin-bottom-large:0px;--awb-spacing-left-large:1.92%;--awb-width-medium:100%;--awb-spacing-right-medium:1.92%;--awb-spacing-left-medium:1.92%;--awb-width-small:100%;--awb-spacing-right-small:1.92%;--awb-spacing-left-small:1.92%;\"><div class=\"fusion-column-wrapper fusion-flex-justify-content-flex-start fusion-content-layout-column\"><div class=\"fusion-separator fusion-full-width-sep\" style=\"align-self: center;margin-left: auto;margin-right: auto;margin-top:20px;width:100%;\"><\/div><div class=\"fusion-image-element \" style=\"--awb-caption-title-size:var(--h2_typography-font-size);--awb-caption-title-transform:var(--h2_typography-text-transform);--awb-caption-title-line-height:var(--h2_typography-line-height);--awb-caption-title-letter-spacing:var(--h2_typography-letter-spacing);\"><span class=\" fusion-imageframe imageframe-none imageframe-1 hover-type-none\"><img decoding=\"async\" src=\"https:\/\/automobile-guenther.de\/wp-content\/uploads\/2019\/03\/Linie-1.jpg\" alt class=\"img-responsive\"\/><\/span><\/div><div class=\"fusion-text fusion-text-1\"><div class=\"columns columns12bleed column section\">\n<div class=\"grid-row bleed\">\n<div class=\"col-12\">\n<div class=\"parsys col1-par\">\n<div class=\"section pageHeader\">\n<div class=\"c_023 \">\n<div class=\"container-inner\">\n<div class=\"c_023-1 default\">\n<div class=\"heading-group\">\n<h3 style=\"text-align: left;\"><span style=\"color: #c41631;\">MODULAR UND FLEXIBEL<br \/>\n<\/span><\/h3>\n<h1 style=\"text-align: left;\">NV300 UMBAU ZUM REISEMOBIL MICHELANGELO*<\/h1>\n<\/div>\n<\/div>\n<\/div>\n<\/div>\n<\/div>\n<\/div>\n<\/div>\n<\/div>\n<\/div>\n<\/div><\/div><\/div><\/div><\/div><div class=\"fusion-fullwidth fullwidth-box fusion-builder-row-2 fusion-flex-container nonhundred-percent-fullwidth non-hundred-percent-height-scrolling\" style=\"--awb-border-radius-top-left:0px;--awb-border-radius-top-right:0px;--awb-border-radius-bottom-right:0px;--awb-border-radius-bottom-left:0px;--awb-padding-top:0px;--awb-padding-right:10%;--awb-padding-bottom:0px;--awb-padding-left:10%;\" ><div class=\"fusion-builder-row fusion-row fusion-flex-align-items-flex-start\" style=\"max-width:1352px;margin-left: calc(-4% \/ 2 );margin-right: calc(-4% \/ 2 );\"><div class=\"fusion-layout-column fusion_builder_column fusion-builder-column-1 fusion_builder_column_1_1 1_1 fusion-flex-column\" style=\"--awb-bg-size:cover;--awb-width-large:100%;--awb-margin-top-large:0px;--awb-spacing-right-large:1.92%;--awb-margin-bottom-large:20px;--awb-spacing-left-large:1.92%;--awb-width-medium:100%;--awb-spacing-right-medium:1.92%;--awb-spacing-left-medium:1.92%;--awb-width-small:100%;--awb-spacing-right-small:1.92%;--awb-spacing-left-small:1.92%;\"><div class=\"fusion-column-wrapper fusion-flex-justify-content-flex-start fusion-content-layout-column\"><div class=\"fusion-image-element \" style=\"--awb-caption-title-size:var(--h2_typography-font-size);--awb-caption-title-transform:var(--h2_typography-text-transform);--awb-caption-title-line-height:var(--h2_typography-line-height);--awb-caption-title-letter-spacing:var(--h2_typography-letter-spacing);\"><span class=\" fusion-imageframe imageframe-none imageframe-2 hover-type-none\"><img decoding=\"async\" src=\"https:\/\/automobile-guenther.de\/wp-content\/uploads\/2018\/09\/michelangelo.jpg\" alt class=\"img-responsive\"\/><\/span><\/div><\/div><\/div><div class=\"fusion-layout-column fusion_builder_column fusion-builder-column-2 fusion_builder_column_1_1 1_1 fusion-flex-column\" style=\"--awb-padding-top:20px;--awb-bg-size:cover;--awb-width-large:100%;--awb-margin-top-large:0px;--awb-spacing-right-large:1.92%;--awb-margin-bottom-large:20px;--awb-spacing-left-large:1.92%;--awb-width-medium:100%;--awb-spacing-right-medium:1.92%;--awb-spacing-left-medium:1.92%;--awb-width-small:100%;--awb-spacing-right-small:1.92%;--awb-spacing-left-small:1.92%;\"><div class=\"fusion-column-wrapper fusion-flex-justify-content-flex-start fusion-content-layout-column\"><div class=\"fusion-text fusion-text-2\"><p style=\"text-align: center;\">Das modulare Bestuhlungssystem mit bis zu vier bequemen, herausnehmbaren und frei positionierbaren Einzelsitzen im Fahrgastraum erlaubt komfortables Reisen f\u00fcr bis zu sechs Personen und erm\u00f6glicht gleichzeitig volle Flexibilit\u00e4t f\u00fcr alle Beladungssituationen im Alltag. Auch die vier Schlafpl\u00e4tze \u00fcberzeugen mit ihren gro\u00dfz\u00fcgigen Abmessungen, hochwertigen Federelementen sowie Kaltschaum-Matratzen von erstklassiger Qualit\u00e4t. F\u00fcr erholsame N\u00e4chte und Privatsph\u00e4re sorgen die passgenauen, in die Innenverkleidung integrierten, Verdunklungs-Rollos.<\/p>\n<\/div><\/div><\/div><div class=\"fusion-layout-column fusion_builder_column fusion-builder-column-3 fusion_builder_column_1_1 1_1 fusion-flex-column\" style=\"--awb-bg-size:cover;--awb-width-large:100%;--awb-margin-top-large:0px;--awb-spacing-right-large:1.92%;--awb-margin-bottom-large:20px;--awb-spacing-left-large:1.92%;--awb-width-medium:100%;--awb-spacing-right-medium:1.92%;--awb-spacing-left-medium:1.92%;--awb-width-small:100%;--awb-spacing-right-small:1.92%;--awb-spacing-left-small:1.92%;\"><div class=\"fusion-column-wrapper fusion-flex-justify-content-flex-start fusion-content-layout-column\"><div class=\"fusion-separator fusion-full-width-sep\" style=\"align-self: center;margin-left: auto;margin-right: auto;margin-top:20px;margin-bottom:0px;width:100%;\"><\/div><div class=\"fusion-text fusion-text-3\"><h4 style=\"text-align: center;\">*NISSAN NV300 Kombi: Kraftstoffverbrauch kombiniert (l\/100 km): 6,8\u20135,6; CO2-Emissionen kombiniert (g\/km): 165\u2013149**<\/h4>\n<h4 style=\"text-align: center;\"><\/h4>\n<\/div><\/div><\/div><\/div><\/div><div class=\"fusion-fullwidth fullwidth-box fusion-builder-row-3 fusion-flex-container nonhundred-percent-fullwidth non-hundred-percent-height-scrolling\" style=\"--awb-border-radius-top-left:0px;--awb-border-radius-top-right:0px;--awb-border-radius-bottom-right:0px;--awb-border-radius-bottom-left:0px;--awb-padding-top:20px;--awb-padding-right:10%;--awb-padding-bottom:0px;--awb-padding-left:10%;\" ><div class=\"fusion-builder-row fusion-row fusion-flex-align-items-flex-start\" style=\"max-width:1352px;margin-left: calc(-4% \/ 2 );margin-right: calc(-4% \/ 2 );\"><div class=\"fusion-layout-column fusion_builder_column fusion-builder-column-4 fusion_builder_column_1_1 1_1 fusion-flex-column\" style=\"--awb-bg-size:cover;--awb-width-large:100%;--awb-margin-top-large:0px;--awb-spacing-right-large:1.92%;--awb-margin-bottom-large:20px;--awb-spacing-left-large:1.92%;--awb-width-medium:100%;--awb-spacing-right-medium:1.92%;--awb-spacing-left-medium:1.92%;--awb-width-small:100%;--awb-spacing-right-small:1.92%;--awb-spacing-left-small:1.92%;\"><div class=\"fusion-column-wrapper fusion-flex-justify-content-flex-start fusion-content-layout-column\"><div class=\"fusion-image-element \" style=\"--awb-caption-title-size:var(--h2_typography-font-size);--awb-caption-title-transform:var(--h2_typography-text-transform);--awb-caption-title-line-height:var(--h2_typography-line-height);--awb-caption-title-letter-spacing:var(--h2_typography-letter-spacing);\"><span class=\" fusion-imageframe imageframe-none imageframe-3 hover-type-none\"><img decoding=\"async\" src=\"https:\/\/automobile-guenther.de\/wp-content\/uploads\/2019\/03\/Linie-1.jpg\" alt class=\"img-responsive\"\/><\/span><\/div><div class=\"fusion-text fusion-text-4\"><div class=\"columns columns12bleed column section\">\n<div class=\"grid-row bleed\">\n<div class=\"col-12\">\n<div class=\"parsys col1-par\">\n<div class=\"section pageHeader\">\n<div class=\"c_023 \">\n<div class=\"container-inner\">\n<div class=\"c_023-1 default\">\n<div class=\"heading-group\">\n<h3 style=\"text-align: left;\"><span style=\"color: #c41631;\">URLAUB MIT DER GANZEN FAMILIE<\/span><\/h3>\n<h1 style=\"text-align: left;\">DER PERFEKTE REISEBEGLEITER<\/h1>\n<\/div>\n<\/div>\n<\/div>\n<\/div>\n<\/div>\n<\/div>\n<\/div>\n<\/div>\n<\/div>\n<\/div><\/div><\/div><\/div><\/div><div class=\"fusion-fullwidth fullwidth-box fusion-builder-row-4 fusion-flex-container nonhundred-percent-fullwidth non-hundred-percent-height-scrolling\" style=\"--awb-border-radius-top-left:0px;--awb-border-radius-top-right:0px;--awb-border-radius-bottom-right:0px;--awb-border-radius-bottom-left:0px;--awb-padding-top:0px;--awb-padding-right:10%;--awb-padding-bottom:0px;--awb-padding-left:10%;\" ><div class=\"fusion-builder-row fusion-row fusion-flex-align-items-flex-start\" style=\"max-width:1352px;margin-left: calc(-4% \/ 2 );margin-right: calc(-4% \/ 2 );\"><div class=\"fusion-layout-column fusion_builder_column fusion-builder-column-5 fusion_builder_column_2_3 2_3 fusion-flex-column\" style=\"--awb-padding-top:30px;--awb-bg-size:cover;--awb-width-large:66.666666666667%;--awb-margin-top-large:0px;--awb-spacing-right-large:2.88%;--awb-margin-bottom-large:20px;--awb-spacing-left-large:2.88%;--awb-width-medium:66.666666666667%;--awb-spacing-right-medium:2.88%;--awb-spacing-left-medium:2.88%;--awb-width-small:100%;--awb-spacing-right-small:1.92%;--awb-spacing-left-small:1.92%;\"><div class=\"fusion-column-wrapper fusion-flex-justify-content-flex-start fusion-content-layout-column\"><div class=\"fusion-video fusion-youtube\" style=\"--awb-max-width:800px;--awb-max-height:500px;\"><div class=\"video-shortcode\"><div class=\"fluid-width-video-wrapper\" style=\"padding-top:62.5%;\" > <div class=\"brlbs-cmpnt-container brlbs-cmpnt-content-blocker brlbs-cmpnt-with-individual-styles\" data-borlabs-cookie-content-blocker-id=\"youtube-content-blocker\" data-borlabs-cookie-content=\"PGlmcmFtZSB0aXRsZT0iWW91VHViZSB2aWRlbyBwbGF5ZXIgMSIgc3JjPSJodHRwczovL3d3dy55b3V0dWJlLW5vY29va2llLmNvbS9lbWJlZC95ZE13ckJLdWMtRT93bW9kZT10cmFuc3BhcmVudCZhdXRvcGxheT0wIiB3aWR0aD0iODAwIiBoZWlnaHQ9IjUwMCIgYWxsb3dmdWxsc2NyZWVuIGFsbG93PSJhdXRvcGxheTsgZnVsbHNjcmVlbiI+PC9pZnJhbWU+\"><div class=\"brlbs-cmpnt-cb-preset-c brlbs-cmpnt-cb-youtube\"> <div class=\"brlbs-cmpnt-cb-thumbnail\" style=\"background-image: url('https:\/\/guenther-gruppe.de\/nissan\/wp-content\/uploads\/borlabs-cookie\/6\/brlbs-cb-youtube-main.png')\"><\/div> <div class=\"brlbs-cmpnt-cb-main\"> <div class=\"brlbs-cmpnt-cb-play-button\"><\/div> <div class=\"brlbs-cmpnt-cb-content\"> <p class=\"brlbs-cmpnt-cb-description\">Sie sehen gerade einen Platzhalterinhalt von <strong>YouTube<\/strong>. Um auf den eigentlichen Inhalt zuzugreifen, klicken Sie auf die Schaltfl\u00e4che unten. Bitte beachten Sie, dass dabei Daten an Drittanbieter weitergegeben werden.<\/p> <a class=\"brlbs-cmpnt-cb-provider-toggle\" href=\"#\" data-borlabs-cookie-show-provider-information role=\"button\">Mehr Informationen<\/a> <\/div> <div class=\"brlbs-cmpnt-cb-buttons\"> <a class=\"brlbs-cmpnt-cb-btn\" href=\"#\" data-borlabs-cookie-unblock role=\"button\">Inhalt entsperren<\/a> <a class=\"brlbs-cmpnt-cb-btn\" href=\"#\" data-borlabs-cookie-accept-service role=\"button\" style=\"display: inherit\">Erforderlichen Service akzeptieren und Inhalte entsperren<\/a> <\/div> <\/div> <\/div><\/div><\/div><\/div><\/div><\/div><\/div><div class=\"fusion-layout-column fusion_builder_column fusion-builder-column-6 fusion_builder_column_1_3 1_3 fusion-flex-column\" style=\"--awb-bg-size:cover;--awb-width-large:33.333333333333%;--awb-margin-top-large:0px;--awb-spacing-right-large:5.76%;--awb-margin-bottom-large:20px;--awb-spacing-left-large:5.76%;--awb-width-medium:33.333333333333%;--awb-spacing-right-medium:5.76%;--awb-spacing-left-medium:5.76%;--awb-width-small:100%;--awb-spacing-right-small:1.92%;--awb-spacing-left-small:1.92%;\"><div class=\"fusion-column-wrapper fusion-flex-justify-content-flex-start fusion-content-layout-column\"><div class=\"fusion-text fusion-text-5\"><p style=\"text-align: left;\">Wer Fernweh hat, tr\u00e4umt auch gerne mal von einer Reise mit der ganzen Familie im Camper. Entdecken Sie die Welt ganz flexibel im Premium-Camper NISSAN NV300 Michelangelo, der sowohl als Reisebegleiter als auch als ger\u00e4umiges Alltagsmobil \u00fcberzeugt. Das modulare Bestuhlungssystem des NISSAN NV300 Michelangelo mit bis zu vier bequemen, herausnehmbaren und frei positionierbaren Einzelsitzen im Fahrgastraum erlaubt komfortables Reisen f\u00fcr bis zu sechs Personen und erm\u00f6glicht gleichzeitig volle Flexibilit\u00e4t f\u00fcr alle Beladungssituationen im Alltag. Auch die vier Schlafpl\u00e4tze \u00fcberzeugen mit ihren gro\u00dfz\u00fcgigen Abmessungen, hochwertigen Federelementen sowie Kaltschaum-Matratzen von erstklassiger Qualit\u00e4t. F\u00fcr erholsame N\u00e4chte und Privatsph\u00e4re sorgen die passgenauen, in die Innenverkleidung integrierten, Verdunklungs-Rollos. Aber auch Technikfreunde kommen beim NISSAN NV300 Michelangelo voll auf ihre Kosten: Klimaanlage, Licht- und Regensensoren, ein Tempo-Pilot mit Geschwindigkeitsbegrenzer, ein Navigationssystem mit 7-Zoll-Touchscreen und ein DAB-Radio machen unseren Michelangelo zu ihrem neuen Traumziel.<\/p>\n<\/div><\/div><\/div><\/div><\/div><div class=\"fusion-fullwidth fullwidth-box fusion-builder-row-5 fusion-flex-container nonhundred-percent-fullwidth non-hundred-percent-height-scrolling\" style=\"--awb-border-radius-top-left:0px;--awb-border-radius-top-right:0px;--awb-border-radius-bottom-right:0px;--awb-border-radius-bottom-left:0px;--awb-padding-top:0px;--awb-padding-right:10%;--awb-padding-bottom:0px;--awb-padding-left:10%;\" ><div class=\"fusion-builder-row fusion-row fusion-flex-align-items-flex-start\" style=\"max-width:1352px;margin-left: calc(-4% \/ 2 );margin-right: calc(-4% \/ 2 );\"><div class=\"fusion-layout-column fusion_builder_column fusion-builder-column-7 fusion_builder_column_1_1 1_1 fusion-flex-column\" style=\"--awb-bg-size:cover;--awb-width-large:100%;--awb-margin-top-large:0px;--awb-spacing-right-large:1.92%;--awb-margin-bottom-large:20px;--awb-spacing-left-large:1.92%;--awb-width-medium:100%;--awb-spacing-right-medium:1.92%;--awb-spacing-left-medium:1.92%;--awb-width-small:100%;--awb-spacing-right-small:1.92%;--awb-spacing-left-small:1.92%;\"><div class=\"fusion-column-wrapper fusion-flex-justify-content-flex-start fusion-content-layout-column\"><div class=\"fusion-image-element \" style=\"--awb-caption-title-size:var(--h2_typography-font-size);--awb-caption-title-transform:var(--h2_typography-text-transform);--awb-caption-title-line-height:var(--h2_typography-line-height);--awb-caption-title-letter-spacing:var(--h2_typography-letter-spacing);\"><span class=\" fusion-imageframe imageframe-none imageframe-4 hover-type-none\"><img decoding=\"async\" src=\"https:\/\/automobile-guenther.de\/wp-content\/uploads\/2019\/03\/Linie-1.jpg\" alt class=\"img-responsive\"\/><\/span><\/div><div class=\"fusion-text fusion-text-6\"><div class=\"columns columns12bleed column section\">\n<div class=\"grid-row bleed\">\n<div class=\"col-12\">\n<div class=\"parsys col1-par\">\n<div class=\"section pageHeader\">\n<div class=\"c_023 \">\n<div class=\"container-inner\">\n<div class=\"c_023-1 default\">\n<div class=\"heading-group\">\n<h3 style=\"text-align: left;\"><span style=\"color: #c41631;\">FLEXIBEL BIS INS KLEINSTE DETAIL<\/span><\/h3>\n<h1 style=\"text-align: left;\">F\u00dcR JEDE SITATION DIE PASSENDE SITZAUSRICHTUNG<\/h1>\n<\/div>\n<\/div>\n<\/div>\n<\/div>\n<\/div>\n<\/div>\n<\/div>\n<\/div>\n<\/div>\n<\/div><\/div><\/div><div class=\"fusion-layout-column fusion_builder_column fusion-builder-column-8 fusion_builder_column_1_2 1_2 fusion-flex-column\" style=\"--awb-bg-size:cover;--awb-width-large:50%;--awb-margin-top-large:0px;--awb-spacing-right-large:3.84%;--awb-margin-bottom-large:20px;--awb-spacing-left-large:3.84%;--awb-width-medium:50%;--awb-spacing-right-medium:3.84%;--awb-spacing-left-medium:3.84%;--awb-width-small:100%;--awb-spacing-right-small:1.92%;--awb-spacing-left-small:1.92%;\"><div class=\"fusion-column-wrapper fusion-flex-justify-content-flex-start fusion-content-layout-column\"><div class=\"fusion-image-element \" style=\"text-align:center;--awb-caption-title-size:var(--h2_typography-font-size);--awb-caption-title-transform:var(--h2_typography-text-transform);--awb-caption-title-line-height:var(--h2_typography-line-height);--awb-caption-title-letter-spacing:var(--h2_typography-letter-spacing);\"><span class=\" fusion-imageframe imageframe-none imageframe-5 hover-type-none\"><img decoding=\"async\" src=\"https:\/\/automobile-guenther.de\/wp-content\/uploads\/2018\/09\/Michelangelo-4-Sitzer-Konferenz-Stellung-Draufsicht.jpg.ximg_.l_6_m.smart_.jpg\" alt class=\"img-responsive\"\/><\/span><\/div><div class=\"fusion-title title fusion-title-1 fusion-sep-none fusion-title-text fusion-title-size-four\"><h4 class=\"title-heading-left fusion-responsive-typography-calculated\" style=\"margin:0;--fontSize:28;line-height:1.36;\">Ideal zum Verweilen: Bequeme Konferenz-Stellung im 4-Sitzer mit gedrehter erster Sitzreihe und hochwertigem Tisch in der Mitte.<\/h4><\/div><\/div><\/div><div class=\"fusion-layout-column fusion_builder_column fusion-builder-column-9 fusion_builder_column_1_2 1_2 fusion-flex-column\" style=\"--awb-bg-size:cover;--awb-width-large:50%;--awb-margin-top-large:0px;--awb-spacing-right-large:3.84%;--awb-margin-bottom-large:20px;--awb-spacing-left-large:3.84%;--awb-width-medium:50%;--awb-spacing-right-medium:3.84%;--awb-spacing-left-medium:3.84%;--awb-width-small:100%;--awb-spacing-right-small:1.92%;--awb-spacing-left-small:1.92%;\"><div class=\"fusion-column-wrapper fusion-flex-justify-content-flex-start fusion-content-layout-column\"><div class=\"fusion-image-element \" style=\"text-align:center;--awb-caption-title-size:var(--h2_typography-font-size);--awb-caption-title-transform:var(--h2_typography-text-transform);--awb-caption-title-line-height:var(--h2_typography-line-height);--awb-caption-title-letter-spacing:var(--h2_typography-letter-spacing);\"><span class=\" fusion-imageframe imageframe-none imageframe-6 hover-type-none\"><img decoding=\"async\" src=\"https:\/\/automobile-guenther.de\/wp-content\/uploads\/2018\/09\/Michelangelo-6-Sitzer-Draufsicht.jpg.ximg_.l_6_m.smart_.jpg\" alt class=\"img-responsive\"\/><\/span><\/div><div class=\"fusion-title title fusion-title-2 fusion-sep-none fusion-title-text fusion-title-size-four\"><h4 class=\"title-heading-left fusion-responsive-typography-calculated\" style=\"margin:0;--fontSize:28;line-height:1.36;\">Bis zu sechs Personen finden hier Platz und fahren bequem dem n\u00e4chsten Camping-Abenteuer entgegen.<\/h4><\/div><\/div><\/div><\/div><\/div><div class=\"fusion-fullwidth fullwidth-box fusion-builder-row-6 fusion-flex-container nonhundred-percent-fullwidth non-hundred-percent-height-scrolling\" style=\"--awb-border-radius-top-left:0px;--awb-border-radius-top-right:0px;--awb-border-radius-bottom-right:0px;--awb-border-radius-bottom-left:0px;--awb-padding-top:0px;--awb-padding-right:10%;--awb-padding-bottom:0px;--awb-padding-left:10%;\" ><div class=\"fusion-builder-row fusion-row fusion-flex-align-items-flex-start\" style=\"max-width:1352px;margin-left: calc(-4% \/ 2 );margin-right: calc(-4% \/ 2 );\"><div class=\"fusion-layout-column fusion_builder_column fusion-builder-column-10 fusion_builder_column_1_2 1_2 fusion-flex-column\" style=\"--awb-bg-size:cover;--awb-width-large:50%;--awb-margin-top-large:0px;--awb-spacing-right-large:3.84%;--awb-margin-bottom-large:20px;--awb-spacing-left-large:3.84%;--awb-width-medium:50%;--awb-spacing-right-medium:3.84%;--awb-spacing-left-medium:3.84%;--awb-width-small:100%;--awb-spacing-right-small:1.92%;--awb-spacing-left-small:1.92%;\"><div class=\"fusion-column-wrapper fusion-flex-justify-content-flex-start fusion-content-layout-column\"><div class=\"fusion-image-element \" style=\"text-align:center;--awb-caption-title-size:var(--h2_typography-font-size);--awb-caption-title-transform:var(--h2_typography-text-transform);--awb-caption-title-line-height:var(--h2_typography-line-height);--awb-caption-title-letter-spacing:var(--h2_typography-letter-spacing);\"><span class=\" fusion-imageframe imageframe-none imageframe-7 hover-type-none\"><img decoding=\"async\" src=\"https:\/\/automobile-guenther.de\/wp-content\/uploads\/2018\/09\/Michelangelo-4-Sitzer-mit-ausgebreitetem-Bett-Draufsicht.jpg.ximg_.l_6_m.smart_.jpg\" alt class=\"img-responsive\"\/><\/span><\/div><div class=\"fusion-title title fusion-title-3 fusion-sep-none fusion-title-text fusion-title-size-four\"><h4 class=\"title-heading-left fusion-responsive-typography-calculated\" style=\"margin:0;--fontSize:28;line-height:1.36;\">Bequem und erholsam l\u00e4sst es sich auf der 2,00 Meter x 1,25 Meter gro\u00dfen Liegefl\u00e4che des unteren Bettmoduls schlafen.<\/h4><\/div><\/div><\/div><div class=\"fusion-layout-column fusion_builder_column fusion-builder-column-11 fusion_builder_column_1_2 1_2 fusion-flex-column\" style=\"--awb-bg-size:cover;--awb-width-large:50%;--awb-margin-top-large:0px;--awb-spacing-right-large:3.84%;--awb-margin-bottom-large:20px;--awb-spacing-left-large:3.84%;--awb-width-medium:50%;--awb-spacing-right-medium:3.84%;--awb-spacing-left-medium:3.84%;--awb-width-small:100%;--awb-spacing-right-small:1.92%;--awb-spacing-left-small:1.92%;\"><div class=\"fusion-column-wrapper fusion-flex-justify-content-flex-start fusion-content-layout-column\"><div class=\"fusion-image-element \" style=\"text-align:center;--awb-caption-title-size:var(--h2_typography-font-size);--awb-caption-title-transform:var(--h2_typography-text-transform);--awb-caption-title-line-height:var(--h2_typography-line-height);--awb-caption-title-letter-spacing:var(--h2_typography-letter-spacing);\"><span class=\" fusion-imageframe imageframe-none imageframe-8 hover-type-none\"><img decoding=\"async\" src=\"https:\/\/automobile-guenther.de\/wp-content\/uploads\/2018\/09\/Michelangelo-4-Sitzer-mit-Surfbrett-Draufsicht.jpg.ximg_.l_6_m.smart_.jpg\" alt class=\"img-responsive\"\/><\/span><\/div><div class=\"fusion-title title fusion-title-4 fusion-sep-none fusion-title-text fusion-title-size-four\"><h4 class=\"title-heading-left fusion-responsive-typography-calculated\" style=\"margin:0;--fontSize:28;line-height:1.36;\">Durch die schnell ausbaubaren Einzelsitze bietet das Michelangelo-Reisemobil Flexibilit\u00e4t und Platz im Fahrgastraum &#8211; sogar ein Surfbrett passt hinein.<\/h4><\/div><\/div><\/div><\/div><\/div><div class=\"fusion-fullwidth fullwidth-box fusion-builder-row-7 fusion-flex-container nonhundred-percent-fullwidth non-hundred-percent-height-scrolling\" style=\"--awb-border-radius-top-left:0px;--awb-border-radius-top-right:0px;--awb-border-radius-bottom-right:0px;--awb-border-radius-bottom-left:0px;--awb-padding-top:0px;--awb-padding-right:10%;--awb-padding-bottom:0px;--awb-padding-left:10%;\" ><div class=\"fusion-builder-row fusion-row fusion-flex-align-items-flex-start\" style=\"max-width:1352px;margin-left: calc(-4% \/ 2 );margin-right: calc(-4% \/ 2 );\"><div class=\"fusion-layout-column fusion_builder_column fusion-builder-column-12 fusion_builder_column_1_1 1_1 fusion-flex-column\" style=\"--awb-bg-size:cover;--awb-width-large:100%;--awb-margin-top-large:0px;--awb-spacing-right-large:1.92%;--awb-margin-bottom-large:20px;--awb-spacing-left-large:1.92%;--awb-width-medium:100%;--awb-spacing-right-medium:1.92%;--awb-spacing-left-medium:1.92%;--awb-width-small:100%;--awb-spacing-right-small:1.92%;--awb-spacing-left-small:1.92%;\"><div class=\"fusion-column-wrapper fusion-flex-justify-content-flex-start fusion-content-layout-column\"><div class=\"fusion-image-element \" style=\"--awb-caption-title-size:var(--h2_typography-font-size);--awb-caption-title-transform:var(--h2_typography-text-transform);--awb-caption-title-line-height:var(--h2_typography-line-height);--awb-caption-title-letter-spacing:var(--h2_typography-letter-spacing);\"><span class=\" fusion-imageframe imageframe-none imageframe-9 hover-type-none\"><img decoding=\"async\" src=\"https:\/\/automobile-guenther.de\/wp-content\/uploads\/2019\/03\/Linie-1.jpg\" alt class=\"img-responsive\"\/><\/span><\/div><div class=\"fusion-text fusion-text-7\"><div class=\"columns columns12bleed column section\">\n<div class=\"grid-row bleed\">\n<div class=\"col-12\">\n<div class=\"parsys col1-par\">\n<div class=\"section pageHeader\">\n<div class=\"c_023 \">\n<div class=\"container-inner\">\n<div class=\"c_023-1 default\">\n<div class=\"heading-group\">\n<h3 style=\"text-align: left;\"><span style=\"color: #c41631;\">KAUM GRENZEN<\/span><\/h3>\n<h1 style=\"text-align: left;\">VIELE VERSCHIEDENE M\u00d6GLICHKEITEN<\/h1>\n<\/div>\n<\/div>\n<\/div>\n<\/div>\n<\/div>\n<\/div>\n<\/div>\n<\/div>\n<\/div>\n<\/div><\/div><\/div><div class=\"fusion-layout-column fusion_builder_column fusion-builder-column-13 fusion_builder_column_1_1 1_1 fusion-flex-column\" style=\"--awb-bg-size:cover;--awb-width-large:100%;--awb-margin-top-large:0px;--awb-spacing-right-large:1.92%;--awb-margin-bottom-large:20px;--awb-spacing-left-large:1.92%;--awb-width-medium:100%;--awb-spacing-right-medium:1.92%;--awb-spacing-left-medium:1.92%;--awb-width-small:100%;--awb-spacing-right-small:1.92%;--awb-spacing-left-small:1.92%;\"><div class=\"fusion-column-wrapper fusion-flex-justify-content-flex-start fusion-content-layout-column\"><div class=\"fusion-title title fusion-title-5 fusion-sep-none fusion-title-center fusion-title-text fusion-title-size-two\"><h2 class=\"title-heading-center fusion-responsive-typography-calculated\" style=\"margin:0;--fontSize:40;line-height:1.2;\"><h2 style=\"text-align: center;\">Das alles ist mit dem NISSAN NV300 Umbau Michelangelo m\u00f6glich<\/h2><\/h2><\/div><div class=\"fusion-image-carousel fusion-image-carousel-auto fusion-image-carousel-1\"><div class=\"awb-carousel awb-swiper awb-swiper-carousel\" data-autoplay=\"no\" data-columns=\"3\" data-itemmargin=\"4\" data-itemwidth=\"180\" data-touchscroll=\"no\" data-imagesize=\"auto\" style=\"--awb-columns:3;--awb-column-spacing:4px;\"><div class=\"swiper-wrapper fusion-flex-align-items-center\"><div class=\"swiper-slide\"><div class=\"fusion-carousel-item-wrapper\"><div class=\"fusion-image-wrapper hover-type-none\"><img decoding=\"async\" src=\"https:\/\/automobile-guenther.de\/wp-content\/uploads\/2018\/09\/1.jpg\" alt=\"\"\/><\/div><\/div><\/div><div class=\"swiper-slide\"><div class=\"fusion-carousel-item-wrapper\"><div class=\"fusion-image-wrapper hover-type-none\"><img decoding=\"async\" src=\"https:\/\/automobile-guenther.de\/wp-content\/uploads\/2018\/09\/2.jpg\" alt=\"\"\/><\/div><\/div><\/div><div class=\"swiper-slide\"><div class=\"fusion-carousel-item-wrapper\"><div class=\"fusion-image-wrapper hover-type-none\"><img decoding=\"async\" src=\"https:\/\/automobile-guenther.de\/wp-content\/uploads\/2018\/09\/3.jpg\" alt=\"\"\/><\/div><\/div><\/div><div class=\"swiper-slide\"><div class=\"fusion-carousel-item-wrapper\"><div class=\"fusion-image-wrapper hover-type-none\"><img decoding=\"async\" src=\"https:\/\/automobile-guenther.de\/wp-content\/uploads\/2018\/09\/4.jpg\" alt=\"\"\/><\/div><\/div><\/div><div class=\"swiper-slide\"><div class=\"fusion-carousel-item-wrapper\"><div class=\"fusion-image-wrapper hover-type-none\"><img decoding=\"async\" src=\"https:\/\/automobile-guenther.de\/wp-content\/uploads\/2018\/09\/5.jpg\" alt=\"\"\/><\/div><\/div><\/div><div class=\"swiper-slide\"><div class=\"fusion-carousel-item-wrapper\"><div class=\"fusion-image-wrapper hover-type-none\"><img decoding=\"async\" src=\"https:\/\/automobile-guenther.de\/wp-content\/uploads\/2018\/09\/6.jpg\" alt=\"\"\/><\/div><\/div><\/div><\/div><div class=\"awb-swiper-button awb-swiper-button-prev\"><i class=\"awb-icon-angle-left\" aria-hidden=\"true\"><\/i><\/div><div class=\"awb-swiper-button awb-swiper-button-next\"><i class=\"awb-icon-angle-right\" aria-hidden=\"true\"><\/i><\/div><\/div><\/div><\/div><\/div><\/div><\/div><div class=\"fusion-fullwidth fullwidth-box fusion-builder-row-8 fusion-flex-container nonhundred-percent-fullwidth non-hundred-percent-height-scrolling\" style=\"--awb-border-radius-top-left:0px;--awb-border-radius-top-right:0px;--awb-border-radius-bottom-right:0px;--awb-border-radius-bottom-left:0px;--awb-padding-top:0px;--awb-padding-right:10%;--awb-padding-bottom:0px;--awb-padding-left:10%;\" ><div class=\"fusion-builder-row fusion-row fusion-flex-align-items-flex-start\" style=\"max-width:1352px;margin-left: calc(-4% \/ 2 );margin-right: calc(-4% \/ 2 );\"><div class=\"fusion-layout-column fusion_builder_column fusion-builder-column-14 fusion_builder_column_1_1 1_1 fusion-flex-column\" style=\"--awb-bg-size:cover;--awb-width-large:100%;--awb-margin-top-large:0px;--awb-spacing-right-large:1.92%;--awb-margin-bottom-large:20px;--awb-spacing-left-large:1.92%;--awb-width-medium:100%;--awb-spacing-right-medium:1.92%;--awb-spacing-left-medium:1.92%;--awb-width-small:100%;--awb-spacing-right-small:1.92%;--awb-spacing-left-small:1.92%;\"><div class=\"fusion-column-wrapper fusion-flex-justify-content-flex-start fusion-content-layout-column\"><div class=\"fusion-image-element \" style=\"--awb-caption-title-size:var(--h2_typography-font-size);--awb-caption-title-transform:var(--h2_typography-text-transform);--awb-caption-title-line-height:var(--h2_typography-line-height);--awb-caption-title-letter-spacing:var(--h2_typography-letter-spacing);\"><span class=\" fusion-imageframe imageframe-none imageframe-10 hover-type-none\"><img decoding=\"async\" src=\"https:\/\/automobile-guenther.de\/wp-content\/uploads\/2019\/03\/Linie-1.jpg\" alt class=\"img-responsive\"\/><\/span><\/div><div class=\"fusion-text fusion-text-8\"><div class=\"columns columns12bleed column section\">\n<div class=\"grid-row bleed\">\n<div class=\"col-12\">\n<div class=\"parsys col1-par\">\n<div class=\"section pageHeader\">\n<div class=\"c_023 \">\n<div class=\"container-inner\">\n<div class=\"c_023-1 default\">\n<div class=\"heading-group\">\n<h3 style=\"text-align: left;\"><span style=\"color: #c41631;\">NISSAN NV300 MICHELANGELO<\/span><\/h3>\n<h1 style=\"text-align: left;\">VIEL PLATZ UND VIEL STAURAUM<\/h1>\n<\/div>\n<\/div>\n<\/div>\n<\/div>\n<\/div>\n<\/div>\n<\/div>\n<\/div>\n<\/div>\n<\/div><\/div><\/div><div class=\"fusion-layout-column fusion_builder_column fusion-builder-column-15 fusion_builder_column_1_1 1_1 fusion-flex-column\" style=\"--awb-bg-size:cover;--awb-width-large:100%;--awb-margin-top-large:0px;--awb-spacing-right-large:1.92%;--awb-margin-bottom-large:20px;--awb-spacing-left-large:1.92%;--awb-width-medium:100%;--awb-spacing-right-medium:1.92%;--awb-spacing-left-medium:1.92%;--awb-width-small:100%;--awb-spacing-right-small:1.92%;--awb-spacing-left-small:1.92%;\"><div class=\"fusion-column-wrapper fusion-flex-justify-content-flex-start fusion-content-layout-column\"><div class=\"fusion-text fusion-text-9\"><p style=\"text-align: center;\">Zahlreiche Verstaum\u00f6glichkeiten sind an Bord. Im Heckbereich rechts unter dem Bettmodul, im Kleiderschrank, im Dachstaukasten und in der K\u00fcchenzeile finden Bettzeug, Kleidung, Reisegep\u00e4ck und K\u00fcchenutensilien ihren festen Platz. Die Farbgebung und die hervorragend verarbeiteten, hochwertigen Materialien laden zum Welt entdecken ein: der Boden in Eichen-Optik trifft auf M\u00f6bel mit hellen Fronten und anthrazitfarbigen Kontrastfl\u00e4chen sowie edlen Push-Locks und Schienen aus Aluminium. Und wem das noch nicht genug \u00fcberzeugende Eigenschaften waren: Neben den f\u00fcnf Jahren NISSAN Hersteller-Garantie*** auf das Grundfahrzeug NISSAN NV300, bietet auch die Westfalen Mobil GmbH f\u00fcnf Jahre Garantie auf den gesamten Reisemobil-Umbau.<\/p>\n<\/div><div class=\"fusion-separator fusion-full-width-sep\" style=\"align-self: center;margin-left: auto;margin-right: auto;margin-top:20px;width:100%;\"><\/div>\n<div class=\"table-1\">\n<table width=\"100%\">\n<thead>\n<tr>\n<th align=\"left\"><strong>Aufstelldach\/ Verkleidung<\/strong><\/th>\n<th align=\"left\"><strong>Boden und Sitze<\/strong><\/th>\n<th align=\"left\"><strong>K\u00fcche<\/strong><\/th>\n<th align=\"left\"><strong>Schlafpla\u0308tze<\/strong><\/th>\n<th align=\"left\"><strong>Stauraum\/Beleuchtung<\/strong><\/th>\n<\/tr>\n<\/thead>\n<tbody>\n<tr>\n<td align=\"left\"><strong>Aufstelldach mit Dachbett<\/strong><br \/>\n&#8211; GFK Dachschale,\u00a0mechanisch mit\u00a0Gasdruckda\u0308mpfern<strong>Verkleidung Seitenwand &amp; Dachrahmen<\/strong><br \/>\n&#8211; Vakuumgeform<br \/>\n&#8211; Im Fahrgastraum\u00a0integrierte Verdunklungs-Rollos<\/td>\n<td align=\"left\"><strong>Sitze Fahrerkabine\u00a0<\/strong><br \/>\n&#8211;\u00a0Drehkonsolen- Fahrer- und -Beifahrersitz<strong>Sitze Fahrgastraum<\/strong><br \/>\n&#8211; Einzelsitze auf Schienensystem mit L\u00e4ngs- &amp; Lehnenverstellung<br \/>\n&#8211; Integrierte 3-Punkt- Sicherheitsgurte mit ISOFIX und Top Tether<strong>Boden<\/strong><br \/>\n&#8211; Eichen-Optik<br \/>\n&#8211; Integrierte Sitzschienen<\/td>\n<td align=\"left\"><strong>K\u00fcchenzeile<\/strong><br \/>\n&#8211; 4 Schubladen<br \/>\n&#8211; Gro\u00dfes Rollo-Fach f\u00fcr T\u00f6pfe und Pfannen<br \/>\n&#8211; Gaskocher, 2-flammig<br \/>\n&#8211; Edelstahlsp\u00fcle<br \/>\n&#8211; Echtglas-Abdeckung f\u00fcr Kocher und Sp\u00fcle<br \/>\n&#8211; Kompressork\u00fchlbox<br \/>\n&#8211; Verschiebbarer Tisch zum Einh\u00e4ngen mit Klappfu\u00df<\/td>\n<td align=\"left\"><strong>Unten<\/strong><br \/>\n&#8211; Herausnehmbares Bettmodul\u00a0mit vollfl\u00e4chiger Unterfederung<br \/>\nund Kaltschaummatratze, faltbar<br \/>\n&#8211; Liegefl\u00e4che: ca. 2,00 x 1,25 m<strong>Oben<\/strong><br \/>\n-Dachbett mit vollfl\u00e4chiger Unterfederung<br \/>\n&#8211; Kaltschaummatratze mit\u00a0Tellerfedern<br \/>\n&#8211; 240 kg belastbar<br \/>\n&#8211; Liegefl\u00e4che: ca. 2,00 x 1,35 m<\/td>\n<td align=\"left\"><strong>Dachstaukasten<\/strong><br \/>\n&#8211; Integrierte Lautsprecher<strong>Heckstauraum unter dem Bettmodul<\/strong><strong>Kleiderschrank<\/strong><br \/>\n&#8211; Mit Rollo-System zum \u00d6ffnen und Schlie\u00dfen<br \/>\n&#8211; Gasfach &amp; Wassertank integriert<strong>Beleuchtung<br \/>\n<\/strong>&#8211; Ambient-Light-Akzente<br \/>\n&#8211; LED-Strahler im Wohn-und Schlafbereich<\/td>\n<\/tr>\n<\/tbody>\n<\/table>\n<\/div>\n<\/div><\/div><\/div><\/div><div class=\"fusion-fullwidth fullwidth-box fusion-builder-row-9 fusion-flex-container nonhundred-percent-fullwidth non-hundred-percent-height-scrolling\" style=\"--awb-border-radius-top-left:0px;--awb-border-radius-top-right:0px;--awb-border-radius-bottom-right:0px;--awb-border-radius-bottom-left:0px;--awb-padding-top:20px;--awb-padding-right:10%;--awb-padding-bottom:20px;--awb-padding-left:10%;\" ><div class=\"fusion-builder-row fusion-row fusion-flex-align-items-stretch\" style=\"max-width:1352px;margin-left: calc(-4% \/ 2 );margin-right: calc(-4% \/ 2 );\"><div class=\"fusion-layout-column fusion_builder_column fusion-builder-column-16 fusion_builder_column_1_1 1_1 fusion-flex-column\" style=\"--awb-bg-size:cover;--awb-width-large:100%;--awb-margin-top-large:0px;--awb-spacing-right-large:1.92%;--awb-margin-bottom-large:20px;--awb-spacing-left-large:1.92%;--awb-width-medium:100%;--awb-spacing-right-medium:1.92%;--awb-spacing-left-medium:1.92%;--awb-width-small:100%;--awb-spacing-right-small:1.92%;--awb-spacing-left-small:1.92%;\"><div class=\"fusion-column-wrapper fusion-flex-justify-content-flex-start fusion-content-layout-column\"><div class=\"fusion-image-element \" style=\"--awb-caption-title-size:var(--h2_typography-font-size);--awb-caption-title-transform:var(--h2_typography-text-transform);--awb-caption-title-line-height:var(--h2_typography-line-height);--awb-caption-title-letter-spacing:var(--h2_typography-letter-spacing);\"><span class=\" fusion-imageframe imageframe-none imageframe-11 hover-type-none\"><img decoding=\"async\" src=\"https:\/\/automobile-guenther.de\/wp-content\/uploads\/2019\/03\/Linie-1.jpg\" alt class=\"img-responsive\"\/><\/span><\/div><div class=\"fusion-text fusion-text-10\"><div class=\"columns columns12bleed column section\">\n<div class=\"grid-row bleed\">\n<div class=\"col-12\">\n<div class=\"parsys col1-par\">\n<div class=\"section pageHeader\">\n<div class=\"c_023 \">\n<div class=\"container-inner\">\n<div class=\"c_023-1 default\">\n<div class=\"heading-group\">\n<h3 style=\"text-align: left;\"><span style=\"color: #c41631;\">F\u00dcR IHR INDIVIDUELLES ANGEBOT<\/span><\/h3>\n<h1 style=\"text-align: left;\">KONTAKTIEREN SIE UNS<\/h1>\n<\/div>\n<\/div>\n<\/div>\n<\/div>\n<\/div>\n<\/div>\n<\/div>\n<\/div>\n<\/div>\n<\/div><div class=\"fusion-menu-anchor\" id=\"#kontakt\"><\/div>\n<div class=\"wpcf7 no-js\" id=\"wpcf7-f6032-o1\" lang=\"de-DE\" dir=\"ltr\" data-wpcf7-id=\"6032\">\n<div class=\"screen-reader-response\"><p role=\"status\" aria-live=\"polite\" aria-atomic=\"true\"><\/p> <ul><\/ul><\/div>\n<form action=\"\/nissan\/wp-json\/wp\/v2\/posts\/1125659#wpcf7-f6032-o1\" method=\"post\" class=\"wpcf7-form init\" aria-label=\"Kontaktformular\" novalidate=\"novalidate\" data-status=\"init\">\n<fieldset class=\"hidden-fields-container\"><input type=\"hidden\" name=\"_wpcf7\" value=\"6032\" \/><input type=\"hidden\" name=\"_wpcf7_version\" value=\"6.1.5\" \/><input type=\"hidden\" name=\"_wpcf7_locale\" value=\"de_DE\" \/><input type=\"hidden\" name=\"_wpcf7_unit_tag\" value=\"wpcf7-f6032-o1\" \/><input type=\"hidden\" name=\"_wpcf7_container_post\" value=\"0\" \/><input type=\"hidden\" name=\"_wpcf7_posted_data_hash\" value=\"\" \/><input type=\"hidden\" name=\"_wpcf7dtx_version\" value=\"5.0.5\" \/><input type=\"hidden\" name=\"_wpcf7_recaptcha_response\" value=\"\" \/>\n<\/fieldset>\n<div class=\"row\">\n\t<div class=\"col-xs-12\">\n\t\t<div class=\"question\">\n\t\t\t<p>IHRE PERS\u00d6NLICHEN ANGABEN\n\t\t\t<\/p>\n\t\t<\/div>\n\t<\/div>\n\t<div class=\"col-xs-12 col-md-6\">\n\t\t<p><span class=\"wpcf7-form-control-wrap\" data-name=\"Anrede\"><select class=\"wpcf7-form-control wpcf7-select wpcf7-validates-as-required\" aria-required=\"true\" aria-invalid=\"false\" name=\"Anrede\"><option value=\"\">&#8211; Bitte ausw\u00e4hlen &#8211;<\/option><option value=\"Frau\">Frau<\/option><option value=\"Herr\">Herr<\/option><\/select><\/span>\n\t\t<\/p>\n\t\t<p><span class=\"wpcf7-form-control-wrap\" data-name=\"your-name\"><input size=\"200\" maxlength=\"400\" class=\"wpcf7-form-control wpcf7-text wpcf7-validates-as-required\" aria-required=\"true\" aria-invalid=\"false\" placeholder=\"Name\" value=\"\" type=\"text\" name=\"your-name\" \/><\/span>\n\t\t<\/p>\n\t\t<div class=\"question js-dispatcher\">\n\t\t\t<p>W\u00fcnschen Sie eine Testfahrt oder ein Angebot?\n\t\t\t<\/p>\n\t\t<\/div>\n\t\t<p><span class=\"wpcf7-form-control-wrap\" data-name=\"anfrage-art\"><select class=\"wpcf7-form-control wpcf7-select\" aria-invalid=\"false\" name=\"anfrage-art\"><option value=\"\">&#8211; Bitte ausw\u00e4hlen &#8211;<\/option><option value=\"Probefahrt\">Probefahrt<\/option><option value=\"Angebot\">Angebot<\/option><\/select><\/span>\n\t\t<\/p>\n\t\t<p><label> Ihre Wunschfiliale (optional):<\/label><br \/>\n<span class=\"wpcf7-form-control-wrap\" data-name=\"filiale\"><select class=\"wpcf7-form-control wpcf7-select\" aria-invalid=\"false\" name=\"filiale\"><option value=\"\">&#8211; Bitte ausw\u00e4hlen &#8211;<\/option><option value=\"Nissan in Hamburg-Hamm\">Nissan in Hamburg-Hamm<\/option><option value=\"Nissan in Hamburg-Bergedorf\">Nissan in Hamburg-Bergedorf<\/option><option value=\"Nissan in Hamburg-Farmsen\">Nissan in Hamburg-Farmsen<\/option><option value=\"Nissan in Hamburg-Poppenb\u00fcttel\">Nissan in Hamburg-Poppenb\u00fcttel<\/option><option value=\"Nissan in Ahrensburg\">Nissan in Ahrensburg<\/option><\/select><\/span>\n\t\t<\/p>\n\t\t<p>[dynamictext direktanfrage \"CF7_get_post_var key='title'\" 200\/]\n\t\t<\/p>\n\t\t<p><label>Fahrzeugnummer:<\/label><br \/>\n<span class=\"wpcf7-form-control-wrap fahrzeugnummer\" data-name=\"fahrzeugnummer\"><input type=\"text\" name=\"fahrzeugnummer\" class=\"wpcf7-form-control wpcf7-text wpcf7dtx wpcf7dtx-text\" aria-invalid=\"false\"><\/span>\n\t\t<\/p>\n\t<\/div>\n\t<div class=\"col-xs-12 col-md-6\">\n\t\t<p><label> E-Mailadresse*:<\/label><br \/>\n<span class=\"wpcf7-form-control-wrap\" data-name=\"your-email\"><input size=\"200\" maxlength=\"400\" class=\"wpcf7-form-control wpcf7-email wpcf7-validates-as-required wpcf7-text wpcf7-validates-as-email\" aria-required=\"true\" aria-invalid=\"false\" value=\"\" type=\"email\" name=\"your-email\" \/><\/span>\n\t\t<\/p>\n\t\t<p><label>Ihre Nachricht*:<\/label><br \/>\n<span class=\"wpcf7-form-control-wrap\" data-name=\"your-message\"><textarea cols=\"40\" rows=\"10\" maxlength=\"2000\" class=\"wpcf7-form-control wpcf7-textarea wpcf7-validates-as-required\" aria-required=\"true\" aria-invalid=\"false\" name=\"your-message\"><\/textarea><\/span>\n\t\t<\/p>\n\t<\/div>\n\t<div class=\"col-xs-12 col-md-6\">\n\t\t<p><span class=\"wpcf7-form-control-wrap\" data-name=\"kommentar\"><input size=\"40\" maxlength=\"400\" class=\"wpcf7-form-control wpcf7-text\" aria-invalid=\"false\" placeholder=\"Kommentar\" value=\"\" type=\"text\" name=\"kommentar\" \/><\/span>\n\t\t<\/p>\n\t<\/div>\n<\/div>\n<div class=\"row\">\n\t<div class=\"col-xs-12 col-md-6\">\n\t<\/div>\n<\/div>\n<div class=\"row\">\n\t<div class=\"col-xs-12\">\n\t\t<div class=\"question privacy-common-text__title\">\n\t\t\t<p>ZUSTIMMUNG DATENSCHUTZINFORMATIONEN\n\t\t\t<\/p>\n\t\t<\/div>\n\t\t<p><span class=\"wpcf7-form-control-wrap\" data-name=\"zustimmungdatenschutz\"><span class=\"wpcf7-form-control wpcf7-acceptance\"><span class=\"wpcf7-list-item\"><input type=\"checkbox\" name=\"zustimmungdatenschutz\" value=\"1\" aria-invalid=\"false\" \/><\/span><\/span><\/span> Ich habe die <b><a href=\"\/maserati\/datenschutz\/\" target=\"_blank\" rel=\"noopener\"> Datenschutzerkl\u00e4rung <\/a><\/b> zur Kenntnis<br \/>\ngenommen. Ich stimme zu, dass meine Daten zur Bearbeitung<br \/>\nmeines Anliegens elektronisch erhoben und gespeichert werden.\n\t\t<\/p>\n\t\t<p><b>Hinweis:<\/b><br \/>\nSie k\u00f6nnen Ihre Einwilligung jederzeit per<br \/>\nE-Mail an info@guenther-gruppe.de widerrufen.\n\t\t<\/p>\n\t\t<p>Durch das Absenden dieses Kontaktformulars \u00fcbermitteln Sie uns die aktuelle IP-Adresse Ihres Internetzugangs sowie die durch Sie eingegebenen Daten zur elektronischen Verarbeitung auf freiwilliger Basis. Die von Ihnen \u00fcbermittelten personenbezogenen Daten werden f\u00fcr die Bearbeitung der Anfrage oder der Kontaktaufnahme automatisch gespeichert. Es erfolgt keine Weitergabe dieser personenbezogenen Daten an Dritte.\n\t\t<\/p>\n\t\t<font size=\"2\">*Pflichtfeld\n\t\t<\/font>\n\t\t<p><input class=\"wpcf7-form-control wpcf7-submit has-spinner\" type=\"submit\" value=\"Abschicken\" \/>\n\t\t<\/p>\n\t\n\t<\/div>\n<\/div><div class=\"fusion-alert alert custom alert-custom fusion-alert-center wpcf7-response-output alert-dismissable\" style=\"--awb-border-size:1px;\" role=\"alert\"><div class=\"fusion-alert-content-wrapper\"><span class=\"fusion-alert-content\"><\/span><\/div><button type=\"button\" class=\"close toggle-alert\" data-dismiss=\"alert\" aria-label=\"Close\">&times;<\/button><\/div>\n<\/form>\n<\/div>\n<\/div><\/div><\/div><\/div><\/p>\n","protected":false},"excerpt":{"rendered":"<p>Urlaub wie zu Hause &#8211; mit dem NISSAN NV300 Umbau zum Reisemobil MICHELANGELO wird jede Reise zu einem unvergessenlichen Abenteuer.<\/p>\n","protected":false},"author":2,"featured_media":0,"comment_status":"closed","ping_status":"closed","sticky":false,"template":"","format":"standard","meta":{"_acf_changed":false,"footnotes":""},"categories":[1966,1961,1962],"tags":[],"class_list":["post-1125659","post","type-post","status-publish","format-standard","hentry","category-angebote","category-news","category-nissan"],"acf":[],"yoast_head":"<!-- This site is optimized with the Yoast SEO plugin v26.5 - https:\/\/yoast.com\/wordpress\/plugins\/seo\/ -->\n<title>NV300 Umbau zum Reisemobil Michelangelo* - Autohaus G\u00fcnther GmbH<\/title>\n<meta name=\"description\" content=\"Entdecken Sie die Welt im Premium-Camper NISSAN NV300 Michelangelo, der sowohl als Reisebegleiter als auch als Alltagsmobil \u00fcberzeugt.\" \/>\n<meta name=\"robots\" content=\"index, follow, max-snippet:-1, max-image-preview:large, max-video-preview:-1\" \/>\n<link rel=\"canonical\" href=\"https:\/\/guenther-gruppe.de\/nissan\/michelangelo\/\" \/>\n<meta property=\"og:locale\" content=\"de_DE\" \/>\n<meta property=\"og:type\" content=\"article\" \/>\n<meta property=\"og:title\" content=\"NV300 Umbau zum Reisemobil Michelangelo* - Autohaus G\u00fcnther GmbH\" \/>\n<meta property=\"og:description\" content=\"Entdecken Sie die Welt im Premium-Camper NISSAN NV300 Michelangelo, der sowohl als Reisebegleiter als auch als Alltagsmobil \u00fcberzeugt.\" \/>\n<meta property=\"og:url\" content=\"https:\/\/guenther-gruppe.de\/nissan\/michelangelo\/\" \/>\n<meta property=\"og:site_name\" content=\"Autohaus G\u00fcnther GmbH - Hamburgs gr\u00f6\u00dfter Nissan Vertragsh\u00e4ndler\" \/>\n<meta property=\"article:published_time\" content=\"2019-07-14T12:45:37+00:00\" \/>\n<meta property=\"article:modified_time\" content=\"2021-03-29T12:17:50+00:00\" \/>\n<meta property=\"og:image\" content=\"https:\/\/guenther-gruppe.de\/nissan\/wp-content\/uploads\/sites\/6\/2020\/07\/michelangelo.jpg\" \/>\n\t<meta property=\"og:image:width\" content=\"1500\" \/>\n\t<meta property=\"og:image:height\" content=\"615\" \/>\n\t<meta property=\"og:image:type\" content=\"image\/jpeg\" \/>\n<meta name=\"author\" content=\"hannos\" \/>\n<meta name=\"twitter:card\" content=\"summary_large_image\" \/>\n<meta name=\"twitter:label1\" content=\"Verfasst von\" \/>\n\t<meta name=\"twitter:data1\" content=\"\" \/>\n\t<meta name=\"twitter:label2\" content=\"Gesch\u00e4tzte Lesezeit\" \/>\n\t<meta name=\"twitter:data2\" content=\"21\u00a0Minuten\" \/>\n<script type=\"application\/ld+json\" class=\"yoast-schema-graph\">{\"@context\":\"https:\/\/schema.org\",\"@graph\":[{\"@type\":\"WebPage\",\"@id\":\"https:\/\/guenther-gruppe.de\/nissan\/michelangelo\/\",\"url\":\"https:\/\/guenther-gruppe.de\/nissan\/michelangelo\/\",\"name\":\"NV300 Umbau zum Reisemobil Michelangelo* - Autohaus G\u00fcnther GmbH\",\"isPartOf\":{\"@id\":\"https:\/\/guenther-gruppe.de\/nissan\/#website\"},\"datePublished\":\"2019-07-14T12:45:37+00:00\",\"dateModified\":\"2021-03-29T12:17:50+00:00\",\"author\":{\"@id\":\"https:\/\/guenther-gruppe.de\/nissan\/#\/schema\/person\/fc6e267f6fad59fe7e4b48f03bae793a\"},\"description\":\"Entdecken Sie die Welt im Premium-Camper NISSAN NV300 Michelangelo, der sowohl als Reisebegleiter als auch als Alltagsmobil \u00fcberzeugt.\",\"breadcrumb\":{\"@id\":\"https:\/\/guenther-gruppe.de\/nissan\/michelangelo\/#breadcrumb\"},\"inLanguage\":\"de\",\"potentialAction\":[{\"@type\":\"ReadAction\",\"target\":[\"https:\/\/guenther-gruppe.de\/nissan\/michelangelo\/\"]}]},{\"@type\":\"BreadcrumbList\",\"@id\":\"https:\/\/guenther-gruppe.de\/nissan\/michelangelo\/#breadcrumb\",\"itemListElement\":[{\"@type\":\"ListItem\",\"position\":1,\"name\":\"Startseite\",\"item\":\"https:\/\/guenther-gruppe.de\/nissan\/\"},{\"@type\":\"ListItem\",\"position\":2,\"name\":\"NISSAN NV300 MICHELANGELO\"}]},{\"@type\":\"WebSite\",\"@id\":\"https:\/\/guenther-gruppe.de\/nissan\/#website\",\"url\":\"https:\/\/guenther-gruppe.de\/nissan\/\",\"name\":\"Autohaus G\u00fcnther GmbH - Hamburgs gr\u00f6\u00dfter Nissan Vertragsh\u00e4ndler\",\"description\":\"Hamburgs gr\u00f6\u00dfter NISSAN H\u00e4ndler\",\"potentialAction\":[{\"@type\":\"SearchAction\",\"target\":{\"@type\":\"EntryPoint\",\"urlTemplate\":\"https:\/\/guenther-gruppe.de\/nissan\/?s={search_term_string}\"},\"query-input\":{\"@type\":\"PropertyValueSpecification\",\"valueRequired\":true,\"valueName\":\"search_term_string\"}}],\"inLanguage\":\"de\"},{\"@type\":\"Person\",\"@id\":\"https:\/\/guenther-gruppe.de\/nissan\/#\/schema\/person\/fc6e267f6fad59fe7e4b48f03bae793a\",\"name\":\"hannos\",\"image\":{\"@type\":\"ImageObject\",\"inLanguage\":\"de\",\"@id\":\"https:\/\/guenther-gruppe.de\/nissan\/#\/schema\/person\/image\/\",\"url\":\"https:\/\/secure.gravatar.com\/avatar\/54d39c0f3b7b5593f82595aeeac8bec9?s=96&d=mm&r=g\",\"contentUrl\":\"https:\/\/secure.gravatar.com\/avatar\/54d39c0f3b7b5593f82595aeeac8bec9?s=96&d=mm&r=g\",\"caption\":\"hannos\"},\"url\":\"https:\/\/guenther-gruppe.de\/nissan\/author\/hannos\/\"}]}<\/script>\n<!-- \/ Yoast SEO plugin. -->","yoast_head_json":{"title":"NV300 Umbau zum Reisemobil Michelangelo* - Autohaus G\u00fcnther GmbH","description":"Entdecken Sie die Welt im Premium-Camper NISSAN NV300 Michelangelo, der sowohl als Reisebegleiter als auch als Alltagsmobil \u00fcberzeugt.","robots":{"index":"index","follow":"follow","max-snippet":"max-snippet:-1","max-image-preview":"max-image-preview:large","max-video-preview":"max-video-preview:-1"},"canonical":"https:\/\/guenther-gruppe.de\/nissan\/michelangelo\/","og_locale":"de_DE","og_type":"article","og_title":"NV300 Umbau zum Reisemobil Michelangelo* - Autohaus G\u00fcnther GmbH","og_description":"Entdecken Sie die Welt im Premium-Camper NISSAN NV300 Michelangelo, der sowohl als Reisebegleiter als auch als Alltagsmobil \u00fcberzeugt.","og_url":"https:\/\/guenther-gruppe.de\/nissan\/michelangelo\/","og_site_name":"Autohaus G\u00fcnther GmbH - Hamburgs gr\u00f6\u00dfter Nissan Vertragsh\u00e4ndler","article_published_time":"2019-07-14T12:45:37+00:00","article_modified_time":"2021-03-29T12:17:50+00:00","og_image":[{"width":1500,"height":615,"url":"https:\/\/guenther-gruppe.de\/nissan\/wp-content\/uploads\/sites\/6\/2020\/07\/michelangelo.jpg","type":"image\/jpeg"}],"author":"hannos","twitter_card":"summary_large_image","twitter_misc":{"Verfasst von":false,"Gesch\u00e4tzte Lesezeit":"21\u00a0Minuten"},"schema":{"@context":"https:\/\/schema.org","@graph":[{"@type":"WebPage","@id":"https:\/\/guenther-gruppe.de\/nissan\/michelangelo\/","url":"https:\/\/guenther-gruppe.de\/nissan\/michelangelo\/","name":"NV300 Umbau zum Reisemobil Michelangelo* - Autohaus G\u00fcnther GmbH","isPartOf":{"@id":"https:\/\/guenther-gruppe.de\/nissan\/#website"},"datePublished":"2019-07-14T12:45:37+00:00","dateModified":"2021-03-29T12:17:50+00:00","author":{"@id":"https:\/\/guenther-gruppe.de\/nissan\/#\/schema\/person\/fc6e267f6fad59fe7e4b48f03bae793a"},"description":"Entdecken Sie die Welt im Premium-Camper NISSAN NV300 Michelangelo, der sowohl als Reisebegleiter als auch als Alltagsmobil \u00fcberzeugt.","breadcrumb":{"@id":"https:\/\/guenther-gruppe.de\/nissan\/michelangelo\/#breadcrumb"},"inLanguage":"de","potentialAction":[{"@type":"ReadAction","target":["https:\/\/guenther-gruppe.de\/nissan\/michelangelo\/"]}]},{"@type":"BreadcrumbList","@id":"https:\/\/guenther-gruppe.de\/nissan\/michelangelo\/#breadcrumb","itemListElement":[{"@type":"ListItem","position":1,"name":"Startseite","item":"https:\/\/guenther-gruppe.de\/nissan\/"},{"@type":"ListItem","position":2,"name":"NISSAN NV300 MICHELANGELO"}]},{"@type":"WebSite","@id":"https:\/\/guenther-gruppe.de\/nissan\/#website","url":"https:\/\/guenther-gruppe.de\/nissan\/","name":"Autohaus G\u00fcnther GmbH - Hamburgs gr\u00f6\u00dfter Nissan Vertragsh\u00e4ndler","description":"Hamburgs gr\u00f6\u00dfter NISSAN H\u00e4ndler","potentialAction":[{"@type":"SearchAction","target":{"@type":"EntryPoint","urlTemplate":"https:\/\/guenther-gruppe.de\/nissan\/?s={search_term_string}"},"query-input":{"@type":"PropertyValueSpecification","valueRequired":true,"valueName":"search_term_string"}}],"inLanguage":"de"},{"@type":"Person","@id":"https:\/\/guenther-gruppe.de\/nissan\/#\/schema\/person\/fc6e267f6fad59fe7e4b48f03bae793a","name":"hannos","image":{"@type":"ImageObject","inLanguage":"de","@id":"https:\/\/guenther-gruppe.de\/nissan\/#\/schema\/person\/image\/","url":"https:\/\/secure.gravatar.com\/avatar\/54d39c0f3b7b5593f82595aeeac8bec9?s=96&d=mm&r=g","contentUrl":"https:\/\/secure.gravatar.com\/avatar\/54d39c0f3b7b5593f82595aeeac8bec9?s=96&d=mm&r=g","caption":"hannos"},"url":"https:\/\/guenther-gruppe.de\/nissan\/author\/hannos\/"}]}},"_links":{"self":[{"href":"https:\/\/guenther-gruppe.de\/nissan\/wp-json\/wp\/v2\/posts\/1125659","targetHints":{"allow":["GET"]}}],"collection":[{"href":"https:\/\/guenther-gruppe.de\/nissan\/wp-json\/wp\/v2\/posts"}],"about":[{"href":"https:\/\/guenther-gruppe.de\/nissan\/wp-json\/wp\/v2\/types\/post"}],"author":[{"embeddable":true,"href":"https:\/\/guenther-gruppe.de\/nissan\/wp-json\/wp\/v2\/users\/2"}],"replies":[{"embeddable":true,"href":"https:\/\/guenther-gruppe.de\/nissan\/wp-json\/wp\/v2\/comments?post=1125659"}],"version-history":[{"count":3,"href":"https:\/\/guenther-gruppe.de\/nissan\/wp-json\/wp\/v2\/posts\/1125659\/revisions"}],"predecessor-version":[{"id":1238602,"href":"https:\/\/guenther-gruppe.de\/nissan\/wp-json\/wp\/v2\/posts\/1125659\/revisions\/1238602"}],"wp:attachment":[{"href":"https:\/\/guenther-gruppe.de\/nissan\/wp-json\/wp\/v2\/media?parent=1125659"}],"wp:term":[{"taxonomy":"category","embeddable":true,"href":"https:\/\/guenther-gruppe.de\/nissan\/wp-json\/wp\/v2\/categories?post=1125659"},{"taxonomy":"post_tag","embeddable":true,"href":"https:\/\/guenther-gruppe.de\/nissan\/wp-json\/wp\/v2\/tags?post=1125659"}],"curies":[{"name":"wp","href":"https:\/\/api.w.org\/{rel}","templated":true}]}}