{"id":6342,"date":"2022-05-29T10:14:33","date_gmt":"2022-05-29T08:14:33","guid":{"rendered":"https:\/\/guenther-gruppe.de\/maseratizwei\/?p=6342"},"modified":"2024-04-24T15:16:06","modified_gmt":"2024-04-24T13:16:06","slug":"fecht-em-in-hamburg","status":"publish","type":"post","link":"https:\/\/guenther-gruppe.de\/maserati\/fecht-em-in-hamburg\/","title":{"rendered":"Fecht-EM in Hamburg 2022"},"content":{"rendered":"\t\t<div data-elementor-type=\"wp-post\" data-elementor-id=\"6342\" class=\"elementor elementor-6342\" data-elementor-post-type=\"post\">\n\t\t\t\t\t\t<section class=\"elementor-section elementor-top-section elementor-element elementor-element-8781ffb elementor-section-boxed elementor-section-height-default elementor-section-height-default\" data-id=\"8781ffb\" data-element_type=\"section\">\n\t\t\t\t\t\t<div class=\"elementor-container elementor-column-gap-default\">\n\t\t\t\t\t<div class=\"elementor-column elementor-col-100 elementor-top-column elementor-element elementor-element-419789e\" data-id=\"419789e\" data-element_type=\"column\">\n\t\t\t<div class=\"elementor-widget-wrap elementor-element-populated\">\n\t\t\t\t\t\t<div class=\"elementor-element elementor-element-410db45 elementor-widget elementor-widget-image\" data-id=\"410db45\" data-element_type=\"widget\" data-widget_type=\"image.default\">\n\t\t\t\t<div class=\"elementor-widget-container\">\n\t\t\t\t\t\t\t\t\t\t\t\t\t\t\t<img fetchpriority=\"high\" decoding=\"async\" width=\"1024\" height=\"431\" src=\"https:\/\/guenther-gruppe.de\/maserati\/wp-content\/uploads\/sites\/10\/2022\/05\/IMG_4412-header-1024x431.jpg\" class=\"attachment-large size-large wp-image-9764\" alt=\"Maserati der Fecht-EM in Hamburg 2022\" srcset=\"https:\/\/guenther-gruppe.de\/maserati\/wp-content\/uploads\/sites\/10\/2022\/05\/IMG_4412-header-1024x431.jpg 1024w, https:\/\/guenther-gruppe.de\/maserati\/wp-content\/uploads\/sites\/10\/2022\/05\/IMG_4412-header-300x126.jpg 300w, https:\/\/guenther-gruppe.de\/maserati\/wp-content\/uploads\/sites\/10\/2022\/05\/IMG_4412-header-768x323.jpg 768w, https:\/\/guenther-gruppe.de\/maserati\/wp-content\/uploads\/sites\/10\/2022\/05\/IMG_4412-header-1536x647.jpg 1536w, https:\/\/guenther-gruppe.de\/maserati\/wp-content\/uploads\/sites\/10\/2022\/05\/IMG_4412-header.jpg 1900w\" sizes=\"(max-width: 1024px) 100vw, 1024px\" \/>\t\t\t\t\t\t\t\t\t\t\t\t\t\t\t<\/div>\n\t\t\t\t<\/div>\n\t\t\t\t\t<\/div>\n\t\t<\/div>\n\t\t\t\t\t<\/div>\n\t\t<\/section>\n\t\t\t\t<section class=\"elementor-section elementor-top-section elementor-element elementor-element-656dd18 elementor-section-boxed elementor-section-height-default elementor-section-height-default\" data-id=\"656dd18\" data-element_type=\"section\">\n\t\t\t\t\t\t<div class=\"elementor-container elementor-column-gap-default\">\n\t\t\t\t\t<div class=\"elementor-column elementor-col-100 elementor-top-column elementor-element elementor-element-a21234a\" data-id=\"a21234a\" data-element_type=\"column\">\n\t\t\t<div class=\"elementor-widget-wrap elementor-element-populated\">\n\t\t\t\t\t\t<div class=\"elementor-element elementor-element-83dbf26 elementor-widget elementor-widget-text-editor\" data-id=\"83dbf26\" data-element_type=\"widget\" data-widget_type=\"text-editor.default\">\n\t\t\t\t<div class=\"elementor-widget-container\">\n\t\t\t\t\t\t\t\t\t<div class=\"fusion-text fusion-text-2\">Am 29. Mai 2022 fanden die Europameisterschaften im Fechten statt und Autohaus G\u00fcnther durfte live dabei sein. Die Eissporthalle wurde an diesem Tag zur Fecht-Arena. Bei den European Team Championships der Veterans vom 25. bis 29. Mai 2022 in der q.beyond Arena waren ca. 130 Teams aus 28 Nationen vertreten.<\/div><div>\u00a0<\/div><div class=\"fusion-text fusion-text-2\">Gro\u00dfes Kino neben spannenden K\u00e4mpfen mit ausgezeichneten Fechter:innen, waren auch die beiden Maserati Modelle, die wir mit zur Eisarena gebracht haben.<\/div><div>\u00a0<\/div><div class=\"fusion-text fusion-text-2\">Die Besucher konnten sich ganz in Ruhe vom Maserati Levante und Maserati Ghibli \u00fcberzeugen.<\/div>\t\t\t\t\t\t\t\t<\/div>\n\t\t\t\t<\/div>\n\t\t\t\t<div class=\"elementor-element elementor-element-92cd14f elementor-widget elementor-widget-text-editor\" data-id=\"92cd14f\" data-element_type=\"widget\" data-widget_type=\"text-editor.default\">\n\t\t\t\t<div class=\"elementor-widget-container\">\n\t\t\t\t\t\t\t\t\t<p>Maserati Ghibli, Benzin: Energieverbrauch kombiniert: 12,9 \u2013 8,6 (l\/100 km); CO\u2082-Emissionen kombiniert: 289-194 (g\/km); CO\u2082-Klasse: G<\/p><p>Maserati Levante, Benzin: Energieverbrauch kombiniert: 14,5- 9,7 (l\/100 km); CO\u2082-Emissionen kombiniert: 329-221 (g\/km); CO\u2082-Klasse: G<\/p>\t\t\t\t\t\t\t\t<\/div>\n\t\t\t\t<\/div>\n\t\t\t\t\t<\/div>\n\t\t<\/div>\n\t\t\t\t\t<\/div>\n\t\t<\/section>\n\t\t\t\t<section class=\"elementor-section elementor-top-section elementor-element elementor-element-bbdf27f elementor-section-boxed elementor-section-height-default elementor-section-height-default\" data-id=\"bbdf27f\" data-element_type=\"section\">\n\t\t\t\t\t\t<div class=\"elementor-container elementor-column-gap-default\">\n\t\t\t\t\t<div class=\"elementor-column elementor-col-50 elementor-top-column elementor-element elementor-element-669d522\" data-id=\"669d522\" data-element_type=\"column\">\n\t\t\t<div class=\"elementor-widget-wrap elementor-element-populated\">\n\t\t\t\t\t\t<div class=\"elementor-element elementor-element-1f457ae elementor-widget elementor-widget-image\" data-id=\"1f457ae\" data-element_type=\"widget\" data-widget_type=\"image.default\">\n\t\t\t\t<div class=\"elementor-widget-container\">\n\t\t\t\t\t\t\t\t\t\t\t\t\t\t\t<img decoding=\"async\" width=\"800\" height=\"600\" src=\"https:\/\/guenther-gruppe.de\/maserati\/wp-content\/uploads\/sites\/10\/2022\/05\/IMG_4413.jpg\" class=\"attachment-large size-large wp-image-9762\" alt=\"Maserati der Fecht-EM in Hamburg 2022\" srcset=\"https:\/\/guenther-gruppe.de\/maserati\/wp-content\/uploads\/sites\/10\/2022\/05\/IMG_4413.jpg 800w, https:\/\/guenther-gruppe.de\/maserati\/wp-content\/uploads\/sites\/10\/2022\/05\/IMG_4413-300x225.jpg 300w, https:\/\/guenther-gruppe.de\/maserati\/wp-content\/uploads\/sites\/10\/2022\/05\/IMG_4413-768x576.jpg 768w\" sizes=\"(max-width: 800px) 100vw, 800px\" \/>\t\t\t\t\t\t\t\t\t\t\t\t\t\t\t<\/div>\n\t\t\t\t<\/div>\n\t\t\t\t\t<\/div>\n\t\t<\/div>\n\t\t\t\t<div class=\"elementor-column elementor-col-50 elementor-top-column elementor-element elementor-element-903753b\" data-id=\"903753b\" data-element_type=\"column\">\n\t\t\t<div class=\"elementor-widget-wrap elementor-element-populated\">\n\t\t\t\t\t\t<div class=\"elementor-element elementor-element-6c3376c elementor-widget elementor-widget-image\" data-id=\"6c3376c\" data-element_type=\"widget\" data-widget_type=\"image.default\">\n\t\t\t\t<div class=\"elementor-widget-container\">\n\t\t\t\t\t\t\t\t\t\t\t\t\t\t\t<img decoding=\"async\" width=\"800\" height=\"600\" src=\"https:\/\/guenther-gruppe.de\/maserati\/wp-content\/uploads\/sites\/10\/2022\/05\/IMG_4414.jpg\" class=\"attachment-large size-large wp-image-9761\" alt=\"Maserati der Fecht-EM in Hamburg 2022\" srcset=\"https:\/\/guenther-gruppe.de\/maserati\/wp-content\/uploads\/sites\/10\/2022\/05\/IMG_4414.jpg 800w, https:\/\/guenther-gruppe.de\/maserati\/wp-content\/uploads\/sites\/10\/2022\/05\/IMG_4414-300x225.jpg 300w, https:\/\/guenther-gruppe.de\/maserati\/wp-content\/uploads\/sites\/10\/2022\/05\/IMG_4414-768x576.jpg 768w\" sizes=\"(max-width: 800px) 100vw, 800px\" \/>\t\t\t\t\t\t\t\t\t\t\t\t\t\t\t<\/div>\n\t\t\t\t<\/div>\n\t\t\t\t\t<\/div>\n\t\t<\/div>\n\t\t\t\t\t<\/div>\n\t\t<\/section>\n\t\t\t\t<\/div>\n\t\t","protected":false},"excerpt":{"rendered":"<p>Am 29. Mai 2022 fanden die Europameisterschaften im Fechten statt und Autohaus G\u00fcnther durfte live dabei sein. Die Eissporthalle wurde an diesem Tag zur Fecht-Arena<\/p>\n","protected":false},"author":10,"featured_media":9763,"comment_status":"closed","ping_status":"open","sticky":false,"template":"","format":"standard","meta":{"_acf_changed":false,"site-sidebar-layout":"default","site-content-layout":"default","ast-site-content-layout":"default","site-content-style":"default","site-sidebar-style":"default","ast-global-header-display":"","ast-banner-title-visibility":"","ast-main-header-display":"","ast-hfb-above-header-display":"","ast-hfb-below-header-display":"","ast-hfb-mobile-header-display":"","site-post-title":"","ast-breadcrumbs-content":"","ast-featured-img":"","footer-sml-layout":"","theme-transparent-header-meta":"default","adv-header-id-meta":"","stick-header-meta":"","header-above-stick-meta":"","header-main-stick-meta":"","header-below-stick-meta":"","astra-migrate-meta-layouts":"default","ast-page-background-enabled":"default","ast-page-background-meta":{"desktop":{"background-color":"","background-image":"","background-repeat":"repeat","background-position":"center center","background-size":"auto","background-attachment":"scroll","background-type":"","background-media":"","overlay-type":"","overlay-color":"","overlay-opacity":"","overlay-gradient":""},"tablet":{"background-color":"","background-image":"","background-repeat":"repeat","background-position":"center center","background-size":"auto","background-attachment":"scroll","background-type":"","background-media":"","overlay-type":"","overlay-color":"","overlay-opacity":"","overlay-gradient":""},"mobile":{"background-color":"","background-image":"","background-repeat":"repeat","background-position":"center center","background-size":"auto","background-attachment":"scroll","background-type":"","background-media":"","overlay-type":"","overlay-color":"","overlay-opacity":"","overlay-gradient":""}},"ast-content-background-meta":{"desktop":{"background-color":"var(--ast-global-color-5)","background-image":"","background-repeat":"repeat","background-position":"center center","background-size":"auto","background-attachment":"scroll","background-type":"","background-media":"","overlay-type":"","overlay-color":"","overlay-opacity":"","overlay-gradient":""},"tablet":{"background-color":"var(--ast-global-color-5)","background-image":"","background-repeat":"repeat","background-position":"center center","background-size":"auto","background-attachment":"scroll","background-type":"","background-media":"","overlay-type":"","overlay-color":"","overlay-opacity":"","overlay-gradient":""},"mobile":{"background-color":"var(--ast-global-color-5)","background-image":"","background-repeat":"repeat","background-position":"center center","background-size":"auto","background-attachment":"scroll","background-type":"","background-media":"","overlay-type":"","overlay-color":"","overlay-opacity":"","overlay-gradient":""}},"footnotes":""},"categories":[28,2046],"tags":[31,1265,1262,938,1264,1263,19,45,44],"class_list":["post-6342","post","type-post","status-publish","format-standard","has-post-thumbnail","hentry","category-aktuell","category-hamburg","tag-autohaus-guenther-gmbh","tag-eissporthalle","tag-europameisterschaften","tag-fecht-em","tag-fechtarena","tag-fechten","tag-maserati","tag-maserati-ghibli","tag-maserati-levante"],"acf":[],"yoast_head":"<!-- This site is optimized with the Yoast SEO plugin v26.5 - https:\/\/yoast.com\/wordpress\/plugins\/seo\/ -->\n<title>Fecht-EM in Hamburg 2022 I Autohaus G\u00fcnther GmbH<\/title>\n<meta name=\"description\" content=\"Am 29. Mai 2022 fanden die Europameisterschaften im Fechten statt und Autohaus G\u00fcnther durfte live dabei sein.\" \/>\n<meta name=\"robots\" content=\"index, follow, max-snippet:-1, max-image-preview:large, max-video-preview:-1\" \/>\n<link rel=\"canonical\" href=\"https:\/\/guenther-gruppe.de\/maserati\/fecht-em-in-hamburg\/\" \/>\n<meta property=\"og:locale\" content=\"de_DE\" \/>\n<meta property=\"og:type\" content=\"article\" \/>\n<meta property=\"og:title\" content=\"Fecht-EM in Hamburg 2022 I Autohaus G\u00fcnther GmbH\" \/>\n<meta property=\"og:description\" content=\"Am 29. Mai 2022 fanden die Europameisterschaften im Fechten statt und Autohaus G\u00fcnther durfte live dabei sein.\" \/>\n<meta property=\"og:url\" content=\"https:\/\/guenther-gruppe.de\/maserati\/fecht-em-in-hamburg\/\" \/>\n<meta property=\"og:site_name\" content=\"Autohaus G\u00fcnther GmbH - Maserati Vertragsh\u00e4ndler\" \/>\n<meta property=\"article:published_time\" content=\"2022-05-29T08:14:33+00:00\" \/>\n<meta property=\"article:modified_time\" content=\"2024-04-24T13:16:06+00:00\" \/>\n<meta property=\"og:image\" content=\"https:\/\/guenther-gruppe.de\/maserati\/wp-content\/uploads\/sites\/10\/2022\/05\/IMG_4412-beitragsild.jpg\" \/>\n\t<meta property=\"og:image:width\" content=\"800\" \/>\n\t<meta property=\"og:image:height\" content=\"600\" \/>\n\t<meta property=\"og:image:type\" content=\"image\/jpeg\" \/>\n<meta name=\"author\" content=\"madeleine\" \/>\n<meta name=\"twitter:card\" content=\"summary_large_image\" \/>\n<meta name=\"twitter:label1\" content=\"Verfasst von\" \/>\n\t<meta name=\"twitter:data1\" content=\"\" \/>\n\t<meta name=\"twitter:label2\" content=\"Gesch\u00e4tzte Lesezeit\" \/>\n\t<meta name=\"twitter:data2\" content=\"2\u00a0Minuten\" \/>\n<script type=\"application\/ld+json\" class=\"yoast-schema-graph\">{\"@context\":\"https:\/\/schema.org\",\"@graph\":[{\"@type\":\"WebPage\",\"@id\":\"https:\/\/guenther-gruppe.de\/maserati\/fecht-em-in-hamburg\/\",\"url\":\"https:\/\/guenther-gruppe.de\/maserati\/fecht-em-in-hamburg\/\",\"name\":\"Fecht-EM in Hamburg 2022 I Autohaus G\u00fcnther GmbH\",\"isPartOf\":{\"@id\":\"https:\/\/guenther-gruppe.de\/maserati\/#website\"},\"primaryImageOfPage\":{\"@id\":\"https:\/\/guenther-gruppe.de\/maserati\/fecht-em-in-hamburg\/#primaryimage\"},\"image\":{\"@id\":\"https:\/\/guenther-gruppe.de\/maserati\/fecht-em-in-hamburg\/#primaryimage\"},\"thumbnailUrl\":\"https:\/\/guenther-gruppe.de\/maserati\/wp-content\/uploads\/sites\/10\/2022\/05\/IMG_4412-beitragsild.jpg\",\"datePublished\":\"2022-05-29T08:14:33+00:00\",\"dateModified\":\"2024-04-24T13:16:06+00:00\",\"author\":{\"@id\":\"https:\/\/guenther-gruppe.de\/maserati\/#\/schema\/person\/3f370438b6290791812d436398ff7cca\"},\"description\":\"Am 29. Mai 2022 fanden die Europameisterschaften im Fechten statt und Autohaus G\u00fcnther durfte live dabei sein.\",\"breadcrumb\":{\"@id\":\"https:\/\/guenther-gruppe.de\/maserati\/fecht-em-in-hamburg\/#breadcrumb\"},\"inLanguage\":\"de\",\"potentialAction\":[{\"@type\":\"ReadAction\",\"target\":[\"https:\/\/guenther-gruppe.de\/maserati\/fecht-em-in-hamburg\/\"]}]},{\"@type\":\"ImageObject\",\"inLanguage\":\"de\",\"@id\":\"https:\/\/guenther-gruppe.de\/maserati\/fecht-em-in-hamburg\/#primaryimage\",\"url\":\"https:\/\/guenther-gruppe.de\/maserati\/wp-content\/uploads\/sites\/10\/2022\/05\/IMG_4412-beitragsild.jpg\",\"contentUrl\":\"https:\/\/guenther-gruppe.de\/maserati\/wp-content\/uploads\/sites\/10\/2022\/05\/IMG_4412-beitragsild.jpg\",\"width\":800,\"height\":600,\"caption\":\"Maserati der Fecht-EM in Hamburg 2022\"},{\"@type\":\"BreadcrumbList\",\"@id\":\"https:\/\/guenther-gruppe.de\/maserati\/fecht-em-in-hamburg\/#breadcrumb\",\"itemListElement\":[{\"@type\":\"ListItem\",\"position\":1,\"name\":\"Startseite\",\"item\":\"https:\/\/guenther-gruppe.de\/maserati\/\"},{\"@type\":\"ListItem\",\"position\":2,\"name\":\"Fecht-EM in Hamburg 2022\"}]},{\"@type\":\"WebSite\",\"@id\":\"https:\/\/guenther-gruppe.de\/maserati\/#website\",\"url\":\"https:\/\/guenther-gruppe.de\/maserati\/\",\"name\":\"Autohaus G\u00fcnther GmbH - Maserati Vertragsh\u00e4ndler\",\"description\":\"offizieller Maserati Vertragsh\u00e4ndler in Hamburg Berlin und Frankfurt\",\"potentialAction\":[{\"@type\":\"SearchAction\",\"target\":{\"@type\":\"EntryPoint\",\"urlTemplate\":\"https:\/\/guenther-gruppe.de\/maserati\/?s={search_term_string}\"},\"query-input\":{\"@type\":\"PropertyValueSpecification\",\"valueRequired\":true,\"valueName\":\"search_term_string\"}}],\"inLanguage\":\"de\"},{\"@type\":\"Person\",\"@id\":\"https:\/\/guenther-gruppe.de\/maserati\/#\/schema\/person\/3f370438b6290791812d436398ff7cca\",\"name\":\"madeleine\",\"url\":\"https:\/\/guenther-gruppe.de\/maserati\/author\/madeleine\/\"}]}<\/script>\n<!-- \/ Yoast SEO plugin. -->","yoast_head_json":{"title":"Fecht-EM in Hamburg 2022 I Autohaus G\u00fcnther GmbH","description":"Am 29. Mai 2022 fanden die Europameisterschaften im Fechten statt und Autohaus G\u00fcnther durfte live dabei sein.","robots":{"index":"index","follow":"follow","max-snippet":"max-snippet:-1","max-image-preview":"max-image-preview:large","max-video-preview":"max-video-preview:-1"},"canonical":"https:\/\/guenther-gruppe.de\/maserati\/fecht-em-in-hamburg\/","og_locale":"de_DE","og_type":"article","og_title":"Fecht-EM in Hamburg 2022 I Autohaus G\u00fcnther GmbH","og_description":"Am 29. Mai 2022 fanden die Europameisterschaften im Fechten statt und Autohaus G\u00fcnther durfte live dabei sein.","og_url":"https:\/\/guenther-gruppe.de\/maserati\/fecht-em-in-hamburg\/","og_site_name":"Autohaus G\u00fcnther GmbH - Maserati Vertragsh\u00e4ndler","article_published_time":"2022-05-29T08:14:33+00:00","article_modified_time":"2024-04-24T13:16:06+00:00","og_image":[{"width":800,"height":600,"url":"https:\/\/guenther-gruppe.de\/maserati\/wp-content\/uploads\/sites\/10\/2022\/05\/IMG_4412-beitragsild.jpg","type":"image\/jpeg"}],"author":"madeleine","twitter_card":"summary_large_image","twitter_misc":{"Verfasst von":false,"Gesch\u00e4tzte Lesezeit":"2\u00a0Minuten"},"schema":{"@context":"https:\/\/schema.org","@graph":[{"@type":"WebPage","@id":"https:\/\/guenther-gruppe.de\/maserati\/fecht-em-in-hamburg\/","url":"https:\/\/guenther-gruppe.de\/maserati\/fecht-em-in-hamburg\/","name":"Fecht-EM in Hamburg 2022 I Autohaus G\u00fcnther GmbH","isPartOf":{"@id":"https:\/\/guenther-gruppe.de\/maserati\/#website"},"primaryImageOfPage":{"@id":"https:\/\/guenther-gruppe.de\/maserati\/fecht-em-in-hamburg\/#primaryimage"},"image":{"@id":"https:\/\/guenther-gruppe.de\/maserati\/fecht-em-in-hamburg\/#primaryimage"},"thumbnailUrl":"https:\/\/guenther-gruppe.de\/maserati\/wp-content\/uploads\/sites\/10\/2022\/05\/IMG_4412-beitragsild.jpg","datePublished":"2022-05-29T08:14:33+00:00","dateModified":"2024-04-24T13:16:06+00:00","author":{"@id":"https:\/\/guenther-gruppe.de\/maserati\/#\/schema\/person\/3f370438b6290791812d436398ff7cca"},"description":"Am 29. Mai 2022 fanden die Europameisterschaften im Fechten statt und Autohaus G\u00fcnther durfte live dabei sein.","breadcrumb":{"@id":"https:\/\/guenther-gruppe.de\/maserati\/fecht-em-in-hamburg\/#breadcrumb"},"inLanguage":"de","potentialAction":[{"@type":"ReadAction","target":["https:\/\/guenther-gruppe.de\/maserati\/fecht-em-in-hamburg\/"]}]},{"@type":"ImageObject","inLanguage":"de","@id":"https:\/\/guenther-gruppe.de\/maserati\/fecht-em-in-hamburg\/#primaryimage","url":"https:\/\/guenther-gruppe.de\/maserati\/wp-content\/uploads\/sites\/10\/2022\/05\/IMG_4412-beitragsild.jpg","contentUrl":"https:\/\/guenther-gruppe.de\/maserati\/wp-content\/uploads\/sites\/10\/2022\/05\/IMG_4412-beitragsild.jpg","width":800,"height":600,"caption":"Maserati der Fecht-EM in Hamburg 2022"},{"@type":"BreadcrumbList","@id":"https:\/\/guenther-gruppe.de\/maserati\/fecht-em-in-hamburg\/#breadcrumb","itemListElement":[{"@type":"ListItem","position":1,"name":"Startseite","item":"https:\/\/guenther-gruppe.de\/maserati\/"},{"@type":"ListItem","position":2,"name":"Fecht-EM in Hamburg 2022"}]},{"@type":"WebSite","@id":"https:\/\/guenther-gruppe.de\/maserati\/#website","url":"https:\/\/guenther-gruppe.de\/maserati\/","name":"Autohaus G\u00fcnther GmbH - Maserati Vertragsh\u00e4ndler","description":"offizieller Maserati Vertragsh\u00e4ndler in Hamburg Berlin und Frankfurt","potentialAction":[{"@type":"SearchAction","target":{"@type":"EntryPoint","urlTemplate":"https:\/\/guenther-gruppe.de\/maserati\/?s={search_term_string}"},"query-input":{"@type":"PropertyValueSpecification","valueRequired":true,"valueName":"search_term_string"}}],"inLanguage":"de"},{"@type":"Person","@id":"https:\/\/guenther-gruppe.de\/maserati\/#\/schema\/person\/3f370438b6290791812d436398ff7cca","name":"madeleine","url":"https:\/\/guenther-gruppe.de\/maserati\/author\/madeleine\/"}]}},"_links":{"self":[{"href":"https:\/\/guenther-gruppe.de\/maserati\/wp-json\/wp\/v2\/posts\/6342","targetHints":{"allow":["GET"]}}],"collection":[{"href":"https:\/\/guenther-gruppe.de\/maserati\/wp-json\/wp\/v2\/posts"}],"about":[{"href":"https:\/\/guenther-gruppe.de\/maserati\/wp-json\/wp\/v2\/types\/post"}],"author":[{"embeddable":true,"href":"https:\/\/guenther-gruppe.de\/maserati\/wp-json\/wp\/v2\/users\/10"}],"replies":[{"embeddable":true,"href":"https:\/\/guenther-gruppe.de\/maserati\/wp-json\/wp\/v2\/comments?post=6342"}],"version-history":[{"count":4,"href":"https:\/\/guenther-gruppe.de\/maserati\/wp-json\/wp\/v2\/posts\/6342\/revisions"}],"predecessor-version":[{"id":33642,"href":"https:\/\/guenther-gruppe.de\/maserati\/wp-json\/wp\/v2\/posts\/6342\/revisions\/33642"}],"wp:featuredmedia":[{"embeddable":true,"href":"https:\/\/guenther-gruppe.de\/maserati\/wp-json\/wp\/v2\/media\/9763"}],"wp:attachment":[{"href":"https:\/\/guenther-gruppe.de\/maserati\/wp-json\/wp\/v2\/media?parent=6342"}],"wp:term":[{"taxonomy":"category","embeddable":true,"href":"https:\/\/guenther-gruppe.de\/maserati\/wp-json\/wp\/v2\/categories?post=6342"},{"taxonomy":"post_tag","embeddable":true,"href":"https:\/\/guenther-gruppe.de\/maserati\/wp-json\/wp\/v2\/tags?post=6342"}],"curies":[{"name":"wp","href":"https:\/\/api.w.org\/{rel}","templated":true}]}}