{"id":32971,"date":"2023-07-30T13:10:00","date_gmt":"2023-07-30T11:10:00","guid":{"rendered":"https:\/\/guenther-gruppe.de\/maserati\/?p=32971"},"modified":"2024-04-24T16:07:47","modified_gmt":"2024-04-24T14:07:47","slug":"9-maserati-day-2023","status":"publish","type":"post","link":"https:\/\/guenther-gruppe.de\/maserati\/9-maserati-day-2023\/","title":{"rendered":"9. Maserati Day 2023"},"content":{"rendered":"\t\t<div data-elementor-type=\"wp-post\" data-elementor-id=\"32971\" class=\"elementor elementor-32971\" data-elementor-post-type=\"post\">\n\t\t\t\t\t\t<section class=\"elementor-section elementor-top-section elementor-element elementor-element-8781ffb elementor-section-boxed elementor-section-height-default elementor-section-height-default\" data-id=\"8781ffb\" data-element_type=\"section\">\n\t\t\t\t\t\t<div class=\"elementor-container elementor-column-gap-default\">\n\t\t\t\t\t<div class=\"elementor-column elementor-col-100 elementor-top-column elementor-element elementor-element-419789e\" data-id=\"419789e\" data-element_type=\"column\">\n\t\t\t<div class=\"elementor-widget-wrap elementor-element-populated\">\n\t\t\t\t\t\t<div class=\"elementor-element elementor-element-410db45 elementor-widget elementor-widget-image\" data-id=\"410db45\" data-element_type=\"widget\" data-widget_type=\"image.default\">\n\t\t\t\t<div class=\"elementor-widget-container\">\n\t\t\t\t\t\t\t\t\t\t\t\t\t\t\t<img fetchpriority=\"high\" decoding=\"async\" width=\"2560\" height=\"1708\" src=\"https:\/\/guenther-gruppe.de\/maserati\/wp-content\/uploads\/sites\/10\/2024\/02\/9.-Maserati-Day-2023-Web1-scaled.jpg\" class=\"attachment-full size-full wp-image-32976\" alt=\"Menschen posieren stolz vor einem Sportwagen auf einer Messe\" srcset=\"https:\/\/guenther-gruppe.de\/maserati\/wp-content\/uploads\/sites\/10\/2024\/02\/9.-Maserati-Day-2023-Web1-scaled.jpg 2560w, https:\/\/guenther-gruppe.de\/maserati\/wp-content\/uploads\/sites\/10\/2024\/02\/9.-Maserati-Day-2023-Web1-300x200.jpg 300w, https:\/\/guenther-gruppe.de\/maserati\/wp-content\/uploads\/sites\/10\/2024\/02\/9.-Maserati-Day-2023-Web1-1024x683.jpg 1024w, https:\/\/guenther-gruppe.de\/maserati\/wp-content\/uploads\/sites\/10\/2024\/02\/9.-Maserati-Day-2023-Web1-768x512.jpg 768w, https:\/\/guenther-gruppe.de\/maserati\/wp-content\/uploads\/sites\/10\/2024\/02\/9.-Maserati-Day-2023-Web1-1536x1025.jpg 1536w, https:\/\/guenther-gruppe.de\/maserati\/wp-content\/uploads\/sites\/10\/2024\/02\/9.-Maserati-Day-2023-Web1-2048x1366.jpg 2048w\" sizes=\"(max-width: 2560px) 100vw, 2560px\" \/>\t\t\t\t\t\t\t\t\t\t\t\t\t\t\t<\/div>\n\t\t\t\t<\/div>\n\t\t\t\t\t<\/div>\n\t\t<\/div>\n\t\t\t\t\t<\/div>\n\t\t<\/section>\n\t\t\t\t<section class=\"elementor-section elementor-top-section elementor-element elementor-element-656dd18 elementor-section-boxed elementor-section-height-default elementor-section-height-default\" data-id=\"656dd18\" data-element_type=\"section\">\n\t\t\t\t\t\t<div class=\"elementor-container elementor-column-gap-default\">\n\t\t\t\t\t<div class=\"elementor-column elementor-col-100 elementor-top-column elementor-element elementor-element-a21234a\" data-id=\"a21234a\" data-element_type=\"column\">\n\t\t\t<div class=\"elementor-widget-wrap elementor-element-populated\">\n\t\t\t\t\t\t<div class=\"elementor-element elementor-element-83dbf26 elementor-widget elementor-widget-text-editor\" data-id=\"83dbf26\" data-element_type=\"widget\" data-widget_type=\"text-editor.default\">\n\t\t\t\t<div class=\"elementor-widget-container\">\n\t\t\t\t\t\t\t\t\t<p><strong>Frankfurt, 30. Juli 2023<\/strong> \u2013 Auch in diesem Jahr fand das gr\u00f6\u00dfte Maserati Treffen Deutschlands in der Klassikstadt statt. Mit mehr als 150 ausgestellten Fahrzeugen war unser Maserati Team Frankfurt wieder Hauptpartner dieser inspirierenden Veranstaltung.<\/p><p>Selbstverst\u00e4ndlich pr\u00e4sentierten wir in diesem Rahmen das volle Spektrum der Maserati Modellvielfalt sowie exklusiv die neue Cabrio-Version des Maserati MC20: den <strong>Maserati MC20 Cielo<\/strong>.<\/p><p>Vielen Dank an alle Besucherinnen und Besucher f\u00fcr die interessanten Gespr\u00e4che rund um die italienische Marke mit dem Dreizack.<\/p>\t\t\t\t\t\t\t\t<\/div>\n\t\t\t\t<\/div>\n\t\t\t\t<div class=\"elementor-element elementor-element-58cfcd3 elementor-widget elementor-widget-text-editor\" data-id=\"58cfcd3\" data-element_type=\"widget\" data-widget_type=\"text-editor.default\">\n\t\t\t\t<div class=\"elementor-widget-container\">\n\t\t\t\t\t\t\t\t\t<p>Maserati MC20 Cielo, Benzin: Energieverbrauch kombiniert: 11,7 (l\/100 km); CO\u2082-Emissionen kombiniert: 265 (g\/km); CO\u2082-Klasse: G<\/p>\t\t\t\t\t\t\t\t<\/div>\n\t\t\t\t<\/div>\n\t\t\t\t\t<\/div>\n\t\t<\/div>\n\t\t\t\t\t<\/div>\n\t\t<\/section>\n\t\t\t\t<section class=\"elementor-section elementor-top-section elementor-element elementor-element-6555bda elementor-section-boxed elementor-section-height-default elementor-section-height-default\" data-id=\"6555bda\" data-element_type=\"section\">\n\t\t\t\t\t\t<div class=\"elementor-container elementor-column-gap-default\">\n\t\t\t\t\t<div class=\"elementor-column elementor-col-100 elementor-top-column elementor-element elementor-element-0404b1f\" data-id=\"0404b1f\" data-element_type=\"column\">\n\t\t\t<div class=\"elementor-widget-wrap elementor-element-populated\">\n\t\t\t\t\t\t<div class=\"elementor-element elementor-element-f783a60 elementor-widget elementor-widget-gallery\" data-id=\"f783a60\" data-element_type=\"widget\" data-settings=\"{&quot;columns&quot;:3,&quot;gap&quot;:{&quot;unit&quot;:&quot;px&quot;,&quot;size&quot;:5,&quot;sizes&quot;:[]},&quot;aspect_ratio&quot;:&quot;1:1&quot;,&quot;image_hover_animation&quot;:&quot;grow&quot;,&quot;lazyload&quot;:&quot;yes&quot;,&quot;gallery_layout&quot;:&quot;grid&quot;,&quot;columns_tablet&quot;:2,&quot;columns_mobile&quot;:1,&quot;gap_widescreen&quot;:{&quot;unit&quot;:&quot;px&quot;,&quot;size&quot;:&quot;&quot;,&quot;sizes&quot;:[]},&quot;gap_laptop&quot;:{&quot;unit&quot;:&quot;px&quot;,&quot;size&quot;:10,&quot;sizes&quot;:[]},&quot;gap_tablet_extra&quot;:{&quot;unit&quot;:&quot;px&quot;,&quot;size&quot;:10,&quot;sizes&quot;:[]},&quot;gap_tablet&quot;:{&quot;unit&quot;:&quot;px&quot;,&quot;size&quot;:10,&quot;sizes&quot;:[]},&quot;gap_mobile&quot;:{&quot;unit&quot;:&quot;px&quot;,&quot;size&quot;:10,&quot;sizes&quot;:[]},&quot;link_to&quot;:&quot;file&quot;,&quot;overlay_background&quot;:&quot;yes&quot;,&quot;content_hover_animation&quot;:&quot;fade-in&quot;}\" data-widget_type=\"gallery.default\">\n\t\t\t\t<div class=\"elementor-widget-container\">\n\t\t\t\t\t\t\t<div class=\"elementor-gallery__container\">\n\t\t\t\t\t\t\t<a class=\"e-gallery-item elementor-gallery-item elementor-animated-content\" href=\"https:\/\/guenther-gruppe.de\/maserati\/wp-content\/uploads\/sites\/10\/2024\/02\/9.-Maserati-Day-2023-Web7-scaled.jpg\" data-elementor-open-lightbox=\"yes\" data-elementor-lightbox-slideshow=\"f783a60\" data-elementor-lightbox-title=\"Luxuri\u00f6ses schwarzes Auto in st\u00e4dtischer Umgebung geparkt\" data-elementor-lightbox-description=\"Luxuri\u00f6ses schwarzes Auto in st\u00e4dtischer Umgebung geparkt\" data-e-action-hash=\"#elementor-action%3Aaction%3Dlightbox%26settings%3DeyJpZCI6MzI5ODIsInVybCI6Imh0dHBzOlwvXC9ndWVudGhlci1ncnVwcGUuZGVcL21hc2VyYXRpXC93cC1jb250ZW50XC91cGxvYWRzXC9zaXRlc1wvMTBcLzIwMjRcLzAyXC85Li1NYXNlcmF0aS1EYXktMjAyMy1XZWI3LXNjYWxlZC5qcGciLCJzbGlkZXNob3ciOiJmNzgzYTYwIn0%3D\">\n\t\t\t\t\t<div class=\"e-gallery-image elementor-gallery-item__image\" data-thumbnail=\"https:\/\/guenther-gruppe.de\/maserati\/wp-content\/uploads\/sites\/10\/2024\/02\/9.-Maserati-Day-2023-Web7-scaled.jpg\" data-width=\"1707\" data-height=\"2560\" aria-label=\"Luxuri\u00f6ses schwarzes Auto in st\u00e4dtischer Umgebung geparkt\" role=\"img\" ><\/div>\n\t\t\t\t\t\t\t\t\t\t\t<div class=\"elementor-gallery-item__overlay\"><\/div>\n\t\t\t\t\t\t\t\t\t\t\t\t\t\t<\/a>\n\t\t\t\t\t\t\t<a class=\"e-gallery-item elementor-gallery-item elementor-animated-content\" href=\"https:\/\/guenther-gruppe.de\/maserati\/wp-content\/uploads\/sites\/10\/2024\/02\/9.-Maserati-Day-2023-Web4-scaled.jpg\" data-elementor-open-lightbox=\"yes\" data-elementor-lightbox-slideshow=\"f783a60\" data-elementor-lightbox-title=\"Luxuri\u00f6ser Sportwagen auf einer Autoausstellung in Deutschland\" data-elementor-lightbox-description=\"Luxuri\u00f6ser Sportwagen auf einer Autoausstellung in Deutschland\" data-e-action-hash=\"#elementor-action%3Aaction%3Dlightbox%26settings%3DeyJpZCI6MzI5NzksInVybCI6Imh0dHBzOlwvXC9ndWVudGhlci1ncnVwcGUuZGVcL21hc2VyYXRpXC93cC1jb250ZW50XC91cGxvYWRzXC9zaXRlc1wvMTBcLzIwMjRcLzAyXC85Li1NYXNlcmF0aS1EYXktMjAyMy1XZWI0LXNjYWxlZC5qcGciLCJzbGlkZXNob3ciOiJmNzgzYTYwIn0%3D\">\n\t\t\t\t\t<div class=\"e-gallery-image elementor-gallery-item__image\" data-thumbnail=\"https:\/\/guenther-gruppe.de\/maserati\/wp-content\/uploads\/sites\/10\/2024\/02\/9.-Maserati-Day-2023-Web4-scaled.jpg\" data-width=\"2560\" data-height=\"1708\" aria-label=\"Luxuri\u00f6ser Sportwagen auf einer Autoausstellung in Deutschland\" role=\"img\" ><\/div>\n\t\t\t\t\t\t\t\t\t\t\t<div class=\"elementor-gallery-item__overlay\"><\/div>\n\t\t\t\t\t\t\t\t\t\t\t\t\t\t<\/a>\n\t\t\t\t\t\t\t<a class=\"e-gallery-item elementor-gallery-item elementor-animated-content\" href=\"https:\/\/guenther-gruppe.de\/maserati\/wp-content\/uploads\/sites\/10\/2024\/02\/9.-Maserati-Day-2023-Web2-scaled.jpg\" data-elementor-open-lightbox=\"yes\" data-elementor-lightbox-slideshow=\"f783a60\" data-elementor-lightbox-title=\"Luxusauto in einem modernen Showroom mit gro\u00dfer Glasdecke\" data-elementor-lightbox-description=\"Luxusauto in einem modernen Showroom mit gro\u00dfer Glasdecke\" data-e-action-hash=\"#elementor-action%3Aaction%3Dlightbox%26settings%3DeyJpZCI6MzI5NzcsInVybCI6Imh0dHBzOlwvXC9ndWVudGhlci1ncnVwcGUuZGVcL21hc2VyYXRpXC93cC1jb250ZW50XC91cGxvYWRzXC9zaXRlc1wvMTBcLzIwMjRcLzAyXC85Li1NYXNlcmF0aS1EYXktMjAyMy1XZWIyLXNjYWxlZC5qcGciLCJzbGlkZXNob3ciOiJmNzgzYTYwIn0%3D\">\n\t\t\t\t\t<div class=\"e-gallery-image elementor-gallery-item__image\" data-thumbnail=\"https:\/\/guenther-gruppe.de\/maserati\/wp-content\/uploads\/sites\/10\/2024\/02\/9.-Maserati-Day-2023-Web2-scaled.jpg\" data-width=\"1708\" data-height=\"2560\" aria-label=\"Luxusauto in einem modernen Showroom mit gro\u00dfer Glasdecke\" role=\"img\" ><\/div>\n\t\t\t\t\t\t\t\t\t\t\t<div class=\"elementor-gallery-item__overlay\"><\/div>\n\t\t\t\t\t\t\t\t\t\t\t\t\t\t<\/a>\n\t\t\t\t\t\t\t<a class=\"e-gallery-item elementor-gallery-item elementor-animated-content\" href=\"https:\/\/guenther-gruppe.de\/maserati\/wp-content\/uploads\/sites\/10\/2024\/02\/9.-Maserati-Day-2023-Web5-scaled.jpg\" data-elementor-open-lightbox=\"yes\" data-elementor-lightbox-slideshow=\"f783a60\" data-elementor-lightbox-title=\"Gelber Sportwagen vor Backsteinmauer mit wei\u00dfem Auto im Vordergrund\" data-elementor-lightbox-description=\"Gelber Sportwagen vor Backsteinmauer mit wei\u00dfem Auto im Vordergrund\" data-e-action-hash=\"#elementor-action%3Aaction%3Dlightbox%26settings%3DeyJpZCI6MzI5ODAsInVybCI6Imh0dHBzOlwvXC9ndWVudGhlci1ncnVwcGUuZGVcL21hc2VyYXRpXC93cC1jb250ZW50XC91cGxvYWRzXC9zaXRlc1wvMTBcLzIwMjRcLzAyXC85Li1NYXNlcmF0aS1EYXktMjAyMy1XZWI1LXNjYWxlZC5qcGciLCJzbGlkZXNob3ciOiJmNzgzYTYwIn0%3D\">\n\t\t\t\t\t<div class=\"e-gallery-image elementor-gallery-item__image\" data-thumbnail=\"https:\/\/guenther-gruppe.de\/maserati\/wp-content\/uploads\/sites\/10\/2024\/02\/9.-Maserati-Day-2023-Web5-scaled.jpg\" data-width=\"1708\" data-height=\"2560\" aria-label=\"Gelber Sportwagen vor Backsteinmauer mit wei\u00dfem Auto im Vordergrund\" role=\"img\" ><\/div>\n\t\t\t\t\t\t\t\t\t\t\t<div class=\"elementor-gallery-item__overlay\"><\/div>\n\t\t\t\t\t\t\t\t\t\t\t\t\t\t<\/a>\n\t\t\t\t\t\t\t<a class=\"e-gallery-item elementor-gallery-item elementor-animated-content\" href=\"https:\/\/guenther-gruppe.de\/maserati\/wp-content\/uploads\/sites\/10\/2024\/02\/9.-Maserati-Day-2023-Web3-scaled.jpg\" data-elementor-open-lightbox=\"yes\" data-elementor-lightbox-slideshow=\"f783a60\" data-elementor-lightbox-title=\"Blauer Sportwagen bei einer Autoausstellung im Freien\" data-elementor-lightbox-description=\"Blauer Sportwagen bei einer Autoausstellung im Freien\" data-e-action-hash=\"#elementor-action%3Aaction%3Dlightbox%26settings%3DeyJpZCI6MzI5NzgsInVybCI6Imh0dHBzOlwvXC9ndWVudGhlci1ncnVwcGUuZGVcL21hc2VyYXRpXC93cC1jb250ZW50XC91cGxvYWRzXC9zaXRlc1wvMTBcLzIwMjRcLzAyXC85Li1NYXNlcmF0aS1EYXktMjAyMy1XZWIzLXNjYWxlZC5qcGciLCJzbGlkZXNob3ciOiJmNzgzYTYwIn0%3D\">\n\t\t\t\t\t<div class=\"e-gallery-image elementor-gallery-item__image\" data-thumbnail=\"https:\/\/guenther-gruppe.de\/maserati\/wp-content\/uploads\/sites\/10\/2024\/02\/9.-Maserati-Day-2023-Web3-scaled.jpg\" data-width=\"1708\" data-height=\"2560\" aria-label=\"Blauer Sportwagen bei einer Autoausstellung im Freien\" role=\"img\" ><\/div>\n\t\t\t\t\t\t\t\t\t\t\t<div class=\"elementor-gallery-item__overlay\"><\/div>\n\t\t\t\t\t\t\t\t\t\t\t\t\t\t<\/a>\n\t\t\t\t\t\t\t<a class=\"e-gallery-item elementor-gallery-item elementor-animated-content\" href=\"https:\/\/guenther-gruppe.de\/maserati\/wp-content\/uploads\/sites\/10\/2024\/02\/9.-Maserati-Day-2023-Web6-scaled.jpg\" data-elementor-open-lightbox=\"yes\" data-elementor-lightbox-slideshow=\"f783a60\" data-elementor-lightbox-title=\"Moderner Sportwagen auf Ausstellung mit Besuchern im Hintergrund\" data-elementor-lightbox-description=\"Moderner Sportwagen auf Ausstellung mit Besuchern im Hintergrund\" data-e-action-hash=\"#elementor-action%3Aaction%3Dlightbox%26settings%3DeyJpZCI6MzI5ODEsInVybCI6Imh0dHBzOlwvXC9ndWVudGhlci1ncnVwcGUuZGVcL21hc2VyYXRpXC93cC1jb250ZW50XC91cGxvYWRzXC9zaXRlc1wvMTBcLzIwMjRcLzAyXC85Li1NYXNlcmF0aS1EYXktMjAyMy1XZWI2LXNjYWxlZC5qcGciLCJzbGlkZXNob3ciOiJmNzgzYTYwIn0%3D\">\n\t\t\t\t\t<div class=\"e-gallery-image elementor-gallery-item__image\" data-thumbnail=\"https:\/\/guenther-gruppe.de\/maserati\/wp-content\/uploads\/sites\/10\/2024\/02\/9.-Maserati-Day-2023-Web6-scaled.jpg\" data-width=\"2560\" data-height=\"1708\" aria-label=\"Moderner Sportwagen auf Ausstellung mit Besuchern im Hintergrund\" role=\"img\" ><\/div>\n\t\t\t\t\t\t\t\t\t\t\t<div class=\"elementor-gallery-item__overlay\"><\/div>\n\t\t\t\t\t\t\t\t\t\t\t\t\t\t<\/a>\n\t\t\t\t\t<\/div>\n\t\t\t\t\t<\/div>\n\t\t\t\t<\/div>\n\t\t\t\t\t<\/div>\n\t\t<\/div>\n\t\t\t\t\t<\/div>\n\t\t<\/section>\n\t\t\t\t<\/div>\n\t\t","protected":false},"excerpt":{"rendered":"<p>Ausfahrt zum Maserati Day 2023. Am 9. Maserati Day sind wir mit 30 Personen mit verschiedenen Maseratis und Oldtimern ausgefahren.<\/p>\n","protected":false},"author":2,"featured_media":33389,"comment_status":"closed","ping_status":"open","sticky":false,"template":"","format":"standard","meta":{"_acf_changed":false,"site-sidebar-layout":"default","site-content-layout":"default","ast-site-content-layout":"default","site-content-style":"default","site-sidebar-style":"default","ast-global-header-display":"","ast-banner-title-visibility":"","ast-main-header-display":"","ast-hfb-above-header-display":"","ast-hfb-below-header-display":"","ast-hfb-mobile-header-display":"","site-post-title":"","ast-breadcrumbs-content":"","ast-featured-img":"","footer-sml-layout":"","theme-transparent-header-meta":"default","adv-header-id-meta":"","stick-header-meta":"","header-above-stick-meta":"","header-main-stick-meta":"","header-below-stick-meta":"","astra-migrate-meta-layouts":"default","ast-page-background-enabled":"default","ast-page-background-meta":{"desktop":{"background-color":"","background-image":"","background-repeat":"repeat","background-position":"center center","background-size":"auto","background-attachment":"scroll","background-type":"","background-media":"","overlay-type":"","overlay-color":"","overlay-opacity":"","overlay-gradient":""},"tablet":{"background-color":"","background-image":"","background-repeat":"repeat","background-position":"center center","background-size":"auto","background-attachment":"scroll","background-type":"","background-media":"","overlay-type":"","overlay-color":"","overlay-opacity":"","overlay-gradient":""},"mobile":{"background-color":"","background-image":"","background-repeat":"repeat","background-position":"center center","background-size":"auto","background-attachment":"scroll","background-type":"","background-media":"","overlay-type":"","overlay-color":"","overlay-opacity":"","overlay-gradient":""}},"ast-content-background-meta":{"desktop":{"background-color":"var(--ast-global-color-5)","background-image":"","background-repeat":"repeat","background-position":"center center","background-size":"auto","background-attachment":"scroll","background-type":"","background-media":"","overlay-type":"","overlay-color":"","overlay-opacity":"","overlay-gradient":""},"tablet":{"background-color":"var(--ast-global-color-5)","background-image":"","background-repeat":"repeat","background-position":"center center","background-size":"auto","background-attachment":"scroll","background-type":"","background-media":"","overlay-type":"","overlay-color":"","overlay-opacity":"","overlay-gradient":""},"mobile":{"background-color":"var(--ast-global-color-5)","background-image":"","background-repeat":"repeat","background-position":"center center","background-size":"auto","background-attachment":"scroll","background-type":"","background-media":"","overlay-type":"","overlay-color":"","overlay-opacity":"","overlay-gradient":""}},"footnotes":""},"categories":[28,2044],"tags":[4710,31,1312,1310,19,1306,1311,1307],"class_list":["post-32971","post","type-post","status-publish","format-standard","has-post-thumbnail","hentry","category-aktuell","category-frankfurt","tag-9-maserati-day-2023","tag-autohaus-guenther-gmbh","tag-gf-domenico-la-marte","tag-klassikstadt","tag-maserati","tag-maserati-day","tag-maserati-deutschland","tag-oldtimer"],"acf":[],"yoast_head":"<!-- This site is optimized with the Yoast SEO plugin v26.5 - https:\/\/yoast.com\/wordpress\/plugins\/seo\/ -->\n<title>9. Maserati Day 2022 I Autohaus G\u00fcnther GmbH<\/title>\n<meta name=\"description\" content=\"Am 30. Juli 2023 fand der 9. Maserati Day statt. Autohaus G\u00fcnther und Maserati Deutschland pr\u00e4sentierten viele Old- und Youngtimer.\" \/>\n<meta name=\"robots\" content=\"index, follow, max-snippet:-1, max-image-preview:large, max-video-preview:-1\" \/>\n<link rel=\"canonical\" href=\"https:\/\/guenther-gruppe.de\/maserati\/9-maserati-day-2023\/\" \/>\n<meta property=\"og:locale\" content=\"de_DE\" \/>\n<meta property=\"og:type\" content=\"article\" \/>\n<meta property=\"og:title\" content=\"9. Maserati Day 2022 I Autohaus G\u00fcnther GmbH\" \/>\n<meta property=\"og:description\" content=\"Am 30. Juli 2023 fand der 9. Maserati Day statt. Autohaus G\u00fcnther und Maserati Deutschland pr\u00e4sentierten viele Old- und Youngtimer.\" \/>\n<meta property=\"og:url\" content=\"https:\/\/guenther-gruppe.de\/maserati\/9-maserati-day-2023\/\" \/>\n<meta property=\"og:site_name\" content=\"Autohaus G\u00fcnther GmbH - Maserati Vertragsh\u00e4ndler\" \/>\n<meta property=\"article:published_time\" content=\"2023-07-30T11:10:00+00:00\" \/>\n<meta property=\"article:modified_time\" content=\"2024-04-24T14:07:47+00:00\" \/>\n<meta property=\"og:image\" content=\"https:\/\/guenther-gruppe.de\/maserati\/wp-content\/uploads\/sites\/10\/2023\/07\/maserati-day.jpg\" \/>\n\t<meta property=\"og:image:width\" content=\"800\" \/>\n\t<meta property=\"og:image:height\" content=\"600\" \/>\n\t<meta property=\"og:image:type\" content=\"image\/jpeg\" \/>\n<meta name=\"author\" content=\"hannos\" \/>\n<meta name=\"twitter:card\" content=\"summary_large_image\" \/>\n<meta name=\"twitter:label1\" content=\"Verfasst von\" \/>\n\t<meta name=\"twitter:data1\" content=\"\" \/>\n\t<meta name=\"twitter:label2\" content=\"Gesch\u00e4tzte Lesezeit\" \/>\n\t<meta name=\"twitter:data2\" content=\"1\u00a0Minute\" \/>\n<script type=\"application\/ld+json\" class=\"yoast-schema-graph\">{\"@context\":\"https:\/\/schema.org\",\"@graph\":[{\"@type\":\"WebPage\",\"@id\":\"https:\/\/guenther-gruppe.de\/maserati\/9-maserati-day-2023\/\",\"url\":\"https:\/\/guenther-gruppe.de\/maserati\/9-maserati-day-2023\/\",\"name\":\"9. Maserati Day 2022 I Autohaus G\u00fcnther GmbH\",\"isPartOf\":{\"@id\":\"https:\/\/guenther-gruppe.de\/maserati\/#website\"},\"primaryImageOfPage\":{\"@id\":\"https:\/\/guenther-gruppe.de\/maserati\/9-maserati-day-2023\/#primaryimage\"},\"image\":{\"@id\":\"https:\/\/guenther-gruppe.de\/maserati\/9-maserati-day-2023\/#primaryimage\"},\"thumbnailUrl\":\"https:\/\/guenther-gruppe.de\/maserati\/wp-content\/uploads\/sites\/10\/2023\/07\/maserati-day.jpg\",\"datePublished\":\"2023-07-30T11:10:00+00:00\",\"dateModified\":\"2024-04-24T14:07:47+00:00\",\"author\":{\"@id\":\"https:\/\/guenther-gruppe.de\/maserati\/#\/schema\/person\/fc6e267f6fad59fe7e4b48f03bae793a\"},\"description\":\"Am 30. Juli 2023 fand der 9. Maserati Day statt. Autohaus G\u00fcnther und Maserati Deutschland pr\u00e4sentierten viele Old- und Youngtimer.\",\"breadcrumb\":{\"@id\":\"https:\/\/guenther-gruppe.de\/maserati\/9-maserati-day-2023\/#breadcrumb\"},\"inLanguage\":\"de\",\"potentialAction\":[{\"@type\":\"ReadAction\",\"target\":[\"https:\/\/guenther-gruppe.de\/maserati\/9-maserati-day-2023\/\"]}]},{\"@type\":\"ImageObject\",\"inLanguage\":\"de\",\"@id\":\"https:\/\/guenther-gruppe.de\/maserati\/9-maserati-day-2023\/#primaryimage\",\"url\":\"https:\/\/guenther-gruppe.de\/maserati\/wp-content\/uploads\/sites\/10\/2023\/07\/maserati-day.jpg\",\"contentUrl\":\"https:\/\/guenther-gruppe.de\/maserati\/wp-content\/uploads\/sites\/10\/2023\/07\/maserati-day.jpg\",\"width\":800,\"height\":600,\"caption\":\"Gruppe von f\u00fcnf Personen posiert mit Sportwagen bei Event\"},{\"@type\":\"BreadcrumbList\",\"@id\":\"https:\/\/guenther-gruppe.de\/maserati\/9-maserati-day-2023\/#breadcrumb\",\"itemListElement\":[{\"@type\":\"ListItem\",\"position\":1,\"name\":\"Startseite\",\"item\":\"https:\/\/guenther-gruppe.de\/maserati\/\"},{\"@type\":\"ListItem\",\"position\":2,\"name\":\"9. Maserati Day 2023\"}]},{\"@type\":\"WebSite\",\"@id\":\"https:\/\/guenther-gruppe.de\/maserati\/#website\",\"url\":\"https:\/\/guenther-gruppe.de\/maserati\/\",\"name\":\"Autohaus G\u00fcnther GmbH - Maserati Vertragsh\u00e4ndler\",\"description\":\"offizieller Maserati Vertragsh\u00e4ndler in Hamburg Berlin und Frankfurt\",\"potentialAction\":[{\"@type\":\"SearchAction\",\"target\":{\"@type\":\"EntryPoint\",\"urlTemplate\":\"https:\/\/guenther-gruppe.de\/maserati\/?s={search_term_string}\"},\"query-input\":{\"@type\":\"PropertyValueSpecification\",\"valueRequired\":true,\"valueName\":\"search_term_string\"}}],\"inLanguage\":\"de\"},{\"@type\":\"Person\",\"@id\":\"https:\/\/guenther-gruppe.de\/maserati\/#\/schema\/person\/fc6e267f6fad59fe7e4b48f03bae793a\",\"name\":\"hannos\",\"url\":\"https:\/\/guenther-gruppe.de\/maserati\/author\/hannos\/\"}]}<\/script>\n<!-- \/ Yoast SEO plugin. -->","yoast_head_json":{"title":"9. Maserati Day 2022 I Autohaus G\u00fcnther GmbH","description":"Am 30. Juli 2023 fand der 9. Maserati Day statt. Autohaus G\u00fcnther und Maserati Deutschland pr\u00e4sentierten viele Old- und Youngtimer.","robots":{"index":"index","follow":"follow","max-snippet":"max-snippet:-1","max-image-preview":"max-image-preview:large","max-video-preview":"max-video-preview:-1"},"canonical":"https:\/\/guenther-gruppe.de\/maserati\/9-maserati-day-2023\/","og_locale":"de_DE","og_type":"article","og_title":"9. Maserati Day 2022 I Autohaus G\u00fcnther GmbH","og_description":"Am 30. Juli 2023 fand der 9. Maserati Day statt. Autohaus G\u00fcnther und Maserati Deutschland pr\u00e4sentierten viele Old- und Youngtimer.","og_url":"https:\/\/guenther-gruppe.de\/maserati\/9-maserati-day-2023\/","og_site_name":"Autohaus G\u00fcnther GmbH - Maserati Vertragsh\u00e4ndler","article_published_time":"2023-07-30T11:10:00+00:00","article_modified_time":"2024-04-24T14:07:47+00:00","og_image":[{"width":800,"height":600,"url":"https:\/\/guenther-gruppe.de\/maserati\/wp-content\/uploads\/sites\/10\/2023\/07\/maserati-day.jpg","type":"image\/jpeg"}],"author":"hannos","twitter_card":"summary_large_image","twitter_misc":{"Verfasst von":false,"Gesch\u00e4tzte Lesezeit":"1\u00a0Minute"},"schema":{"@context":"https:\/\/schema.org","@graph":[{"@type":"WebPage","@id":"https:\/\/guenther-gruppe.de\/maserati\/9-maserati-day-2023\/","url":"https:\/\/guenther-gruppe.de\/maserati\/9-maserati-day-2023\/","name":"9. Maserati Day 2022 I Autohaus G\u00fcnther GmbH","isPartOf":{"@id":"https:\/\/guenther-gruppe.de\/maserati\/#website"},"primaryImageOfPage":{"@id":"https:\/\/guenther-gruppe.de\/maserati\/9-maserati-day-2023\/#primaryimage"},"image":{"@id":"https:\/\/guenther-gruppe.de\/maserati\/9-maserati-day-2023\/#primaryimage"},"thumbnailUrl":"https:\/\/guenther-gruppe.de\/maserati\/wp-content\/uploads\/sites\/10\/2023\/07\/maserati-day.jpg","datePublished":"2023-07-30T11:10:00+00:00","dateModified":"2024-04-24T14:07:47+00:00","author":{"@id":"https:\/\/guenther-gruppe.de\/maserati\/#\/schema\/person\/fc6e267f6fad59fe7e4b48f03bae793a"},"description":"Am 30. Juli 2023 fand der 9. Maserati Day statt. Autohaus G\u00fcnther und Maserati Deutschland pr\u00e4sentierten viele Old- und Youngtimer.","breadcrumb":{"@id":"https:\/\/guenther-gruppe.de\/maserati\/9-maserati-day-2023\/#breadcrumb"},"inLanguage":"de","potentialAction":[{"@type":"ReadAction","target":["https:\/\/guenther-gruppe.de\/maserati\/9-maserati-day-2023\/"]}]},{"@type":"ImageObject","inLanguage":"de","@id":"https:\/\/guenther-gruppe.de\/maserati\/9-maserati-day-2023\/#primaryimage","url":"https:\/\/guenther-gruppe.de\/maserati\/wp-content\/uploads\/sites\/10\/2023\/07\/maserati-day.jpg","contentUrl":"https:\/\/guenther-gruppe.de\/maserati\/wp-content\/uploads\/sites\/10\/2023\/07\/maserati-day.jpg","width":800,"height":600,"caption":"Gruppe von f\u00fcnf Personen posiert mit Sportwagen bei Event"},{"@type":"BreadcrumbList","@id":"https:\/\/guenther-gruppe.de\/maserati\/9-maserati-day-2023\/#breadcrumb","itemListElement":[{"@type":"ListItem","position":1,"name":"Startseite","item":"https:\/\/guenther-gruppe.de\/maserati\/"},{"@type":"ListItem","position":2,"name":"9. Maserati Day 2023"}]},{"@type":"WebSite","@id":"https:\/\/guenther-gruppe.de\/maserati\/#website","url":"https:\/\/guenther-gruppe.de\/maserati\/","name":"Autohaus G\u00fcnther GmbH - Maserati Vertragsh\u00e4ndler","description":"offizieller Maserati Vertragsh\u00e4ndler in Hamburg Berlin und Frankfurt","potentialAction":[{"@type":"SearchAction","target":{"@type":"EntryPoint","urlTemplate":"https:\/\/guenther-gruppe.de\/maserati\/?s={search_term_string}"},"query-input":{"@type":"PropertyValueSpecification","valueRequired":true,"valueName":"search_term_string"}}],"inLanguage":"de"},{"@type":"Person","@id":"https:\/\/guenther-gruppe.de\/maserati\/#\/schema\/person\/fc6e267f6fad59fe7e4b48f03bae793a","name":"hannos","url":"https:\/\/guenther-gruppe.de\/maserati\/author\/hannos\/"}]}},"_links":{"self":[{"href":"https:\/\/guenther-gruppe.de\/maserati\/wp-json\/wp\/v2\/posts\/32971","targetHints":{"allow":["GET"]}}],"collection":[{"href":"https:\/\/guenther-gruppe.de\/maserati\/wp-json\/wp\/v2\/posts"}],"about":[{"href":"https:\/\/guenther-gruppe.de\/maserati\/wp-json\/wp\/v2\/types\/post"}],"author":[{"embeddable":true,"href":"https:\/\/guenther-gruppe.de\/maserati\/wp-json\/wp\/v2\/users\/2"}],"replies":[{"embeddable":true,"href":"https:\/\/guenther-gruppe.de\/maserati\/wp-json\/wp\/v2\/comments?post=32971"}],"version-history":[{"count":4,"href":"https:\/\/guenther-gruppe.de\/maserati\/wp-json\/wp\/v2\/posts\/32971\/revisions"}],"predecessor-version":[{"id":33657,"href":"https:\/\/guenther-gruppe.de\/maserati\/wp-json\/wp\/v2\/posts\/32971\/revisions\/33657"}],"wp:featuredmedia":[{"embeddable":true,"href":"https:\/\/guenther-gruppe.de\/maserati\/wp-json\/wp\/v2\/media\/33389"}],"wp:attachment":[{"href":"https:\/\/guenther-gruppe.de\/maserati\/wp-json\/wp\/v2\/media?parent=32971"}],"wp:term":[{"taxonomy":"category","embeddable":true,"href":"https:\/\/guenther-gruppe.de\/maserati\/wp-json\/wp\/v2\/categories?post=32971"},{"taxonomy":"post_tag","embeddable":true,"href":"https:\/\/guenther-gruppe.de\/maserati\/wp-json\/wp\/v2\/tags?post=32971"}],"curies":[{"name":"wp","href":"https:\/\/api.w.org\/{rel}","templated":true}]}}