{"id":3014,"date":"2021-09-12T22:30:32","date_gmt":"2021-09-12T20:30:32","guid":{"rendered":"https:\/\/guenther-gruppe.de\/maseratizwei\/?p=3014"},"modified":"2024-04-24T15:21:32","modified_gmt":"2024-04-24T13:21:32","slug":"frankfurter-automobil-ausstellung","status":"publish","type":"post","link":"https:\/\/guenther-gruppe.de\/maserati\/frankfurter-automobil-ausstellung\/","title":{"rendered":"Maserati bei der FAA"},"content":{"rendered":"\t\t<div data-elementor-type=\"wp-post\" data-elementor-id=\"3014\" class=\"elementor elementor-3014\" data-elementor-post-type=\"post\">\n\t\t\t\t\t\t<section class=\"elementor-section elementor-top-section elementor-element elementor-element-8781ffb elementor-section-boxed elementor-section-height-default elementor-section-height-default\" data-id=\"8781ffb\" data-element_type=\"section\">\n\t\t\t\t\t\t<div class=\"elementor-container elementor-column-gap-default\">\n\t\t\t\t\t<div class=\"elementor-column elementor-col-100 elementor-top-column elementor-element elementor-element-419789e\" data-id=\"419789e\" data-element_type=\"column\">\n\t\t\t<div class=\"elementor-widget-wrap elementor-element-populated\">\n\t\t\t\t\t\t<div class=\"elementor-element elementor-element-410db45 elementor-widget elementor-widget-image\" data-id=\"410db45\" data-element_type=\"widget\" data-widget_type=\"image.default\">\n\t\t\t\t<div class=\"elementor-widget-container\">\n\t\t\t\t\t\t\t\t\t\t\t\t\t\t\t<img fetchpriority=\"high\" decoding=\"async\" width=\"800\" height=\"600\" src=\"https:\/\/guenther-gruppe.de\/maserati\/wp-content\/uploads\/sites\/10\/2022\/06\/IMG_0172.jpg\" class=\"attachment-full size-full wp-image-3020\" alt=\"Maserati bei der FAA\" srcset=\"https:\/\/guenther-gruppe.de\/maserati\/wp-content\/uploads\/sites\/10\/2022\/06\/IMG_0172.jpg 800w, https:\/\/guenther-gruppe.de\/maserati\/wp-content\/uploads\/sites\/10\/2022\/06\/IMG_0172-300x225.jpg 300w, https:\/\/guenther-gruppe.de\/maserati\/wp-content\/uploads\/sites\/10\/2022\/06\/IMG_0172-768x576.jpg 768w\" sizes=\"(max-width: 800px) 100vw, 800px\" \/>\t\t\t\t\t\t\t\t\t\t\t\t\t\t\t<\/div>\n\t\t\t\t<\/div>\n\t\t\t\t\t<\/div>\n\t\t<\/div>\n\t\t\t\t\t<\/div>\n\t\t<\/section>\n\t\t\t\t<section class=\"elementor-section elementor-top-section elementor-element elementor-element-656dd18 elementor-section-boxed elementor-section-height-default elementor-section-height-default\" data-id=\"656dd18\" data-element_type=\"section\">\n\t\t\t\t\t\t<div class=\"elementor-container elementor-column-gap-default\">\n\t\t\t\t\t<div class=\"elementor-column elementor-col-100 elementor-top-column elementor-element elementor-element-a21234a\" data-id=\"a21234a\" data-element_type=\"column\">\n\t\t\t<div class=\"elementor-widget-wrap elementor-element-populated\">\n\t\t\t\t\t\t<div class=\"elementor-element elementor-element-83dbf26 elementor-widget elementor-widget-text-editor\" data-id=\"83dbf26\" data-element_type=\"widget\" data-widget_type=\"text-editor.default\">\n\t\t\t\t<div class=\"elementor-widget-container\">\n\t\t\t\t\t\t\t\t\t<div class=\"fusion-text fusion-text-2\"><div class=\"fusion-text fusion-text-2\"><p><strong>Maserati Frankfurt x Frankfurter Automobilausstellung 2021<\/strong><\/p><p>Bei der Frankfurter Automobilausstellung waren ganze 39 Marken aus dem Kfz- und Motorradbereich vertreten. Das sch\u00f6ne Wetter und die Tatsache, dass die Veranstaltung nach langem Erwarten wieder stattfinden konnte, f\u00fchrte dazu, dass \u00fcber 4.500 Besucherinnen und Besucher teilgenommen haben. Nach einj\u00e4hriger Pause war die Veranstaltung f\u00fcr alle G\u00e4ste ein atemberaubendes Erlebnis.<\/p><p>Selbstverst\u00e4ndlich darf bei diesem besonderen Ereignis unser Team von Maserati Frankfurt nicht fehlen. Die Besucherinnen und Besucher konnten sich von unserer Maserati Modellplatte begeistern lassen. Daf\u00fcr brachten unsere Kollegen den Maserati Levante, Maserati Ghibli und den Maserati Quattroporte mit.<\/p><p>Positive Stimmung war auf der gesamten Ausstellung zu sp\u00fcren. Die gute Laune schwappte \u00fcber, trotz Hygienema\u00dfnahmen! \u201eEs gab eine durchweg positive Grundstimmung!\u201c, schw\u00e4rmt Holger Kranz, Leiter Key Account und Verlagskunden der RheinMain.<\/p><p>Die Ausstellung hat sich f\u00fcr jeden der 4.500 Besucherinnen und Besucher gelohnt. Sie genossen die einzigartige Atmosph\u00e4re und bestaunten die gro\u00dfe Modellvielfalt an Fahrzeugen, die ausgestellt wurden.<\/p><\/div><\/div>\t\t\t\t\t\t\t\t<\/div>\n\t\t\t\t<\/div>\n\t\t\t\t\t<\/div>\n\t\t<\/div>\n\t\t\t\t\t<\/div>\n\t\t<\/section>\n\t\t\t\t<section class=\"elementor-section elementor-top-section elementor-element elementor-element-fb5c5b2 elementor-section-boxed elementor-section-height-default elementor-section-height-default\" data-id=\"fb5c5b2\" data-element_type=\"section\">\n\t\t\t\t\t\t<div class=\"elementor-container elementor-column-gap-default\">\n\t\t\t\t\t<div class=\"elementor-column elementor-col-100 elementor-top-column elementor-element elementor-element-84567a2\" data-id=\"84567a2\" data-element_type=\"column\">\n\t\t\t<div class=\"elementor-widget-wrap elementor-element-populated\">\n\t\t\t\t\t\t<div class=\"elementor-element elementor-element-1ce5b76 elementor-arrows-position-inside elementor-pagination-position-outside elementor-widget elementor-widget-image-carousel\" data-id=\"1ce5b76\" data-element_type=\"widget\" data-settings=\"{&quot;slides_to_show&quot;:&quot;2&quot;,&quot;image_spacing_custom&quot;:{&quot;unit&quot;:&quot;px&quot;,&quot;size&quot;:5,&quot;sizes&quot;:[]},&quot;navigation&quot;:&quot;both&quot;,&quot;autoplay&quot;:&quot;yes&quot;,&quot;pause_on_hover&quot;:&quot;yes&quot;,&quot;pause_on_interaction&quot;:&quot;yes&quot;,&quot;autoplay_speed&quot;:5000,&quot;infinite&quot;:&quot;yes&quot;,&quot;speed&quot;:500,&quot;image_spacing_custom_widescreen&quot;:{&quot;unit&quot;:&quot;px&quot;,&quot;size&quot;:&quot;&quot;,&quot;sizes&quot;:[]},&quot;image_spacing_custom_laptop&quot;:{&quot;unit&quot;:&quot;px&quot;,&quot;size&quot;:&quot;&quot;,&quot;sizes&quot;:[]},&quot;image_spacing_custom_tablet_extra&quot;:{&quot;unit&quot;:&quot;px&quot;,&quot;size&quot;:&quot;&quot;,&quot;sizes&quot;:[]},&quot;image_spacing_custom_tablet&quot;:{&quot;unit&quot;:&quot;px&quot;,&quot;size&quot;:&quot;&quot;,&quot;sizes&quot;:[]},&quot;image_spacing_custom_mobile&quot;:{&quot;unit&quot;:&quot;px&quot;,&quot;size&quot;:&quot;&quot;,&quot;sizes&quot;:[]}}\" data-widget_type=\"image-carousel.default\">\n\t\t\t\t<div class=\"elementor-widget-container\">\n\t\t\t\t\t\t\t<div class=\"elementor-image-carousel-wrapper swiper\" role=\"region\" aria-roledescription=\"carousel\" aria-label=\"Bild Karussell\" dir=\"ltr\">\n\t\t\t<div class=\"elementor-image-carousel swiper-wrapper\" aria-live=\"off\">\n\t\t\t\t\t\t\t\t<div class=\"swiper-slide\" role=\"group\" aria-roledescription=\"slide\" aria-label=\"1 von 3\"><a data-elementor-open-lightbox=\"yes\" data-elementor-lightbox-slideshow=\"1ce5b76\" data-elementor-lightbox-title=\"IMG_0194\" data-elementor-lightbox-description=\"Maserati bei der FAA\" data-e-action-hash=\"#elementor-action%3Aaction%3Dlightbox%26settings%3DeyJpZCI6MzAxOSwidXJsIjoiaHR0cHM6XC9cL2d1ZW50aGVyLWdydXBwZS5kZVwvbWFzZXJhdGlcL3dwLWNvbnRlbnRcL3VwbG9hZHNcL3NpdGVzXC8xMFwvMjAyMlwvMDZcL0lNR18wMTk0LmpwZyIsInNsaWRlc2hvdyI6IjFjZTViNzYifQ%3D%3D\" href=\"https:\/\/guenther-gruppe.de\/maserati\/wp-content\/uploads\/sites\/10\/2022\/06\/IMG_0194.jpg\"><figure class=\"swiper-slide-inner\"><img decoding=\"async\" class=\"swiper-slide-image\" src=\"https:\/\/guenther-gruppe.de\/maserati\/wp-content\/uploads\/sites\/10\/2022\/06\/IMG_0194.jpg\" alt=\"Maserati bei der FAA\" \/><\/figure><\/a><\/div><div class=\"swiper-slide\" role=\"group\" aria-roledescription=\"slide\" aria-label=\"2 von 3\"><a data-elementor-open-lightbox=\"yes\" data-elementor-lightbox-slideshow=\"1ce5b76\" data-elementor-lightbox-title=\"IMG_0177\" data-elementor-lightbox-description=\"Maserati bei der FAA\" data-e-action-hash=\"#elementor-action%3Aaction%3Dlightbox%26settings%3DeyJpZCI6MzAxOCwidXJsIjoiaHR0cHM6XC9cL2d1ZW50aGVyLWdydXBwZS5kZVwvbWFzZXJhdGlcL3dwLWNvbnRlbnRcL3VwbG9hZHNcL3NpdGVzXC8xMFwvMjAyMlwvMDZcL0lNR18wMTc3LmpwZyIsInNsaWRlc2hvdyI6IjFjZTViNzYifQ%3D%3D\" href=\"https:\/\/guenther-gruppe.de\/maserati\/wp-content\/uploads\/sites\/10\/2022\/06\/IMG_0177.jpg\"><figure class=\"swiper-slide-inner\"><img decoding=\"async\" class=\"swiper-slide-image\" src=\"https:\/\/guenther-gruppe.de\/maserati\/wp-content\/uploads\/sites\/10\/2022\/06\/IMG_0177.jpg\" alt=\"Maserati bei der FAA\" \/><\/figure><\/a><\/div><div class=\"swiper-slide\" role=\"group\" aria-roledescription=\"slide\" aria-label=\"3 von 3\"><a data-elementor-open-lightbox=\"yes\" data-elementor-lightbox-slideshow=\"1ce5b76\" data-elementor-lightbox-title=\"IMG_01741\" data-elementor-lightbox-description=\"Maserati bei der FAA\" data-e-action-hash=\"#elementor-action%3Aaction%3Dlightbox%26settings%3DeyJpZCI6MzAxNywidXJsIjoiaHR0cHM6XC9cL2d1ZW50aGVyLWdydXBwZS5kZVwvbWFzZXJhdGlcL3dwLWNvbnRlbnRcL3VwbG9hZHNcL3NpdGVzXC8xMFwvMjAyMlwvMDZcL0lNR18wMTc0MS5qcGciLCJzbGlkZXNob3ciOiIxY2U1Yjc2In0%3D\" href=\"https:\/\/guenther-gruppe.de\/maserati\/wp-content\/uploads\/sites\/10\/2022\/06\/IMG_01741.jpg\"><figure class=\"swiper-slide-inner\"><img decoding=\"async\" class=\"swiper-slide-image\" src=\"https:\/\/guenther-gruppe.de\/maserati\/wp-content\/uploads\/sites\/10\/2022\/06\/IMG_01741.jpg\" alt=\"Maserati bei der FAA\" \/><\/figure><\/a><\/div>\t\t\t<\/div>\n\t\t\t\t\t\t\t\t\t\t\t\t<div class=\"elementor-swiper-button elementor-swiper-button-prev\" role=\"button\" tabindex=\"0\">\n\t\t\t\t\t\t<i aria-hidden=\"true\" class=\"eicon-chevron-left\"><\/i>\t\t\t\t\t<\/div>\n\t\t\t\t\t<div class=\"elementor-swiper-button elementor-swiper-button-next\" role=\"button\" tabindex=\"0\">\n\t\t\t\t\t\t<i aria-hidden=\"true\" class=\"eicon-chevron-right\"><\/i>\t\t\t\t\t<\/div>\n\t\t\t\t\n\t\t\t\t\t\t\t\t\t<div class=\"swiper-pagination\"><\/div>\n\t\t\t\t\t\t\t\t\t<\/div>\n\t\t\t\t\t\t<\/div>\n\t\t\t\t<\/div>\n\t\t\t\t\t<\/div>\n\t\t<\/div>\n\t\t\t\t\t<\/div>\n\t\t<\/section>\n\t\t\t\t<section class=\"elementor-section elementor-top-section elementor-element elementor-element-7f12272 elementor-section-boxed elementor-section-height-default elementor-section-height-default\" data-id=\"7f12272\" data-element_type=\"section\">\n\t\t\t\t\t\t<div class=\"elementor-container elementor-column-gap-default\">\n\t\t\t\t\t<div class=\"elementor-column elementor-col-100 elementor-top-column elementor-element elementor-element-f5a453e\" data-id=\"f5a453e\" data-element_type=\"column\">\n\t\t\t<div class=\"elementor-widget-wrap elementor-element-populated\">\n\t\t\t\t\t\t<div class=\"elementor-element elementor-element-d682a2b elementor-widget elementor-widget-text-editor\" data-id=\"d682a2b\" data-element_type=\"widget\" data-widget_type=\"text-editor.default\">\n\t\t\t\t<div class=\"elementor-widget-container\">\n\t\t\t\t\t\t\t\t\t<p>Maserati Ghibli, Benzin: Energieverbrauch kombiniert: 12,9 \u2013 8,6 (l\/100 km); CO\u2082-Emissionen kombiniert: 289-194 (g\/km); CO\u2082-Klasse: G<\/p><p>Maserati Levante, Benzin: Energieverbrauch kombiniert: 14,5- 9,7 (l\/100 km); CO\u2082-Emissionen kombiniert: 329-221 (g\/km); CO\u2082-Klasse: G<\/p><p>Maserati Quattroporte, Benzin: Energieverbrauch kombiniert: 12,6 \u2013 12,4 (l\/100 km); CO\u2082-Emissionen kombiniert: 285-279 (g\/km); CO\u2082-Klasse: G<\/p>\t\t\t\t\t\t\t\t<\/div>\n\t\t\t\t<\/div>\n\t\t\t\t\t<\/div>\n\t\t<\/div>\n\t\t\t\t\t<\/div>\n\t\t<\/section>\n\t\t\t\t<\/div>\n\t\t","protected":false},"excerpt":{"rendered":"<p>Bei der Frankfurter Automobilausstellung waren ganze 39 Marken aus dem Kfz- und Motorradbereich vertreten. <\/p>\n","protected":false},"author":10,"featured_media":3020,"comment_status":"closed","ping_status":"open","sticky":false,"template":"","format":"standard","meta":{"_acf_changed":false,"site-sidebar-layout":"default","site-content-layout":"default","ast-site-content-layout":"default","site-content-style":"default","site-sidebar-style":"default","ast-global-header-display":"","ast-banner-title-visibility":"","ast-main-header-display":"","ast-hfb-above-header-display":"","ast-hfb-below-header-display":"","ast-hfb-mobile-header-display":"","site-post-title":"","ast-breadcrumbs-content":"","ast-featured-img":"","footer-sml-layout":"","theme-transparent-header-meta":"default","adv-header-id-meta":"","stick-header-meta":"","header-above-stick-meta":"","header-main-stick-meta":"","header-below-stick-meta":"","astra-migrate-meta-layouts":"default","ast-page-background-enabled":"default","ast-page-background-meta":{"desktop":{"background-color":"","background-image":"","background-repeat":"repeat","background-position":"center center","background-size":"auto","background-attachment":"scroll","background-type":"","background-media":"","overlay-type":"","overlay-color":"","overlay-opacity":"","overlay-gradient":""},"tablet":{"background-color":"","background-image":"","background-repeat":"repeat","background-position":"center center","background-size":"auto","background-attachment":"scroll","background-type":"","background-media":"","overlay-type":"","overlay-color":"","overlay-opacity":"","overlay-gradient":""},"mobile":{"background-color":"","background-image":"","background-repeat":"repeat","background-position":"center center","background-size":"auto","background-attachment":"scroll","background-type":"","background-media":"","overlay-type":"","overlay-color":"","overlay-opacity":"","overlay-gradient":""}},"ast-content-background-meta":{"desktop":{"background-color":"var(--ast-global-color-5)","background-image":"","background-repeat":"repeat","background-position":"center center","background-size":"auto","background-attachment":"scroll","background-type":"","background-media":"","overlay-type":"","overlay-color":"","overlay-opacity":"","overlay-gradient":""},"tablet":{"background-color":"var(--ast-global-color-5)","background-image":"","background-repeat":"repeat","background-position":"center center","background-size":"auto","background-attachment":"scroll","background-type":"","background-media":"","overlay-type":"","overlay-color":"","overlay-opacity":"","overlay-gradient":""},"mobile":{"background-color":"var(--ast-global-color-5)","background-image":"","background-repeat":"repeat","background-position":"center center","background-size":"auto","background-attachment":"scroll","background-type":"","background-media":"","overlay-type":"","overlay-color":"","overlay-opacity":"","overlay-gradient":""}},"footnotes":""},"categories":[28,2044],"tags":[42,31,43,41,19,45,44,46],"class_list":["post-3014","post","type-post","status-publish","format-standard","has-post-thumbnail","hentry","category-aktuell","category-frankfurt","tag-ausstellung","tag-autohaus-guenther-gmbh","tag-automobilausstellung","tag-frankfurt","tag-maserati","tag-maserati-ghibli","tag-maserati-levante","tag-maserati-quattroporte"],"acf":[],"yoast_head":"<!-- This site is optimized with the Yoast SEO plugin v26.5 - https:\/\/yoast.com\/wordpress\/plugins\/seo\/ -->\n<title>Frankfurter Automobil Ausstellung I Autohaus G\u00fcnther GmbH<\/title>\n<meta name=\"description\" content=\"Endlich wieder eine Live-Veranstaltung: Die Freude dar\u00fcber, dass endlich wieder Pr\u00e4senzmessen stattfinden...\" \/>\n<meta name=\"robots\" content=\"index, follow, max-snippet:-1, max-image-preview:large, max-video-preview:-1\" \/>\n<link rel=\"canonical\" href=\"https:\/\/guenther-gruppe.de\/maserati\/frankfurter-automobil-ausstellung\/\" \/>\n<meta property=\"og:locale\" content=\"de_DE\" \/>\n<meta property=\"og:type\" content=\"article\" \/>\n<meta property=\"og:title\" content=\"Frankfurter Automobil Ausstellung I Autohaus G\u00fcnther GmbH\" \/>\n<meta property=\"og:description\" content=\"Endlich wieder eine Live-Veranstaltung: Die Freude dar\u00fcber, dass endlich wieder Pr\u00e4senzmessen stattfinden...\" \/>\n<meta property=\"og:url\" content=\"https:\/\/guenther-gruppe.de\/maserati\/frankfurter-automobil-ausstellung\/\" \/>\n<meta property=\"og:site_name\" content=\"Autohaus G\u00fcnther GmbH - Maserati Vertragsh\u00e4ndler\" \/>\n<meta property=\"article:published_time\" content=\"2021-09-12T20:30:32+00:00\" \/>\n<meta property=\"article:modified_time\" content=\"2024-04-24T13:21:32+00:00\" \/>\n<meta property=\"og:image\" content=\"https:\/\/guenther-gruppe.de\/maserati\/wp-content\/uploads\/sites\/10\/2022\/06\/IMG_0172.jpg\" \/>\n\t<meta property=\"og:image:width\" content=\"800\" \/>\n\t<meta property=\"og:image:height\" content=\"600\" \/>\n\t<meta property=\"og:image:type\" content=\"image\/jpeg\" \/>\n<meta name=\"author\" content=\"madeleine\" \/>\n<meta name=\"twitter:card\" content=\"summary_large_image\" \/>\n<meta name=\"twitter:label1\" content=\"Verfasst von\" \/>\n\t<meta name=\"twitter:data1\" content=\"\" \/>\n\t<meta name=\"twitter:label2\" content=\"Gesch\u00e4tzte Lesezeit\" \/>\n\t<meta name=\"twitter:data2\" content=\"3\u00a0Minuten\" \/>\n<script type=\"application\/ld+json\" class=\"yoast-schema-graph\">{\"@context\":\"https:\/\/schema.org\",\"@graph\":[{\"@type\":\"WebPage\",\"@id\":\"https:\/\/guenther-gruppe.de\/maserati\/frankfurter-automobil-ausstellung\/\",\"url\":\"https:\/\/guenther-gruppe.de\/maserati\/frankfurter-automobil-ausstellung\/\",\"name\":\"Frankfurter Automobil Ausstellung I Autohaus G\u00fcnther GmbH\",\"isPartOf\":{\"@id\":\"https:\/\/guenther-gruppe.de\/maserati\/#website\"},\"primaryImageOfPage\":{\"@id\":\"https:\/\/guenther-gruppe.de\/maserati\/frankfurter-automobil-ausstellung\/#primaryimage\"},\"image\":{\"@id\":\"https:\/\/guenther-gruppe.de\/maserati\/frankfurter-automobil-ausstellung\/#primaryimage\"},\"thumbnailUrl\":\"https:\/\/guenther-gruppe.de\/maserati\/wp-content\/uploads\/sites\/10\/2022\/06\/IMG_0172.jpg\",\"datePublished\":\"2021-09-12T20:30:32+00:00\",\"dateModified\":\"2024-04-24T13:21:32+00:00\",\"author\":{\"@id\":\"https:\/\/guenther-gruppe.de\/maserati\/#\/schema\/person\/3f370438b6290791812d436398ff7cca\"},\"description\":\"Endlich wieder eine Live-Veranstaltung: Die Freude dar\u00fcber, dass endlich wieder Pr\u00e4senzmessen stattfinden...\",\"breadcrumb\":{\"@id\":\"https:\/\/guenther-gruppe.de\/maserati\/frankfurter-automobil-ausstellung\/#breadcrumb\"},\"inLanguage\":\"de\",\"potentialAction\":[{\"@type\":\"ReadAction\",\"target\":[\"https:\/\/guenther-gruppe.de\/maserati\/frankfurter-automobil-ausstellung\/\"]}]},{\"@type\":\"ImageObject\",\"inLanguage\":\"de\",\"@id\":\"https:\/\/guenther-gruppe.de\/maserati\/frankfurter-automobil-ausstellung\/#primaryimage\",\"url\":\"https:\/\/guenther-gruppe.de\/maserati\/wp-content\/uploads\/sites\/10\/2022\/06\/IMG_0172.jpg\",\"contentUrl\":\"https:\/\/guenther-gruppe.de\/maserati\/wp-content\/uploads\/sites\/10\/2022\/06\/IMG_0172.jpg\",\"width\":800,\"height\":600,\"caption\":\"Maserati bei der FAA\"},{\"@type\":\"BreadcrumbList\",\"@id\":\"https:\/\/guenther-gruppe.de\/maserati\/frankfurter-automobil-ausstellung\/#breadcrumb\",\"itemListElement\":[{\"@type\":\"ListItem\",\"position\":1,\"name\":\"Startseite\",\"item\":\"https:\/\/guenther-gruppe.de\/maserati\/\"},{\"@type\":\"ListItem\",\"position\":2,\"name\":\"Maserati bei der FAA\"}]},{\"@type\":\"WebSite\",\"@id\":\"https:\/\/guenther-gruppe.de\/maserati\/#website\",\"url\":\"https:\/\/guenther-gruppe.de\/maserati\/\",\"name\":\"Autohaus G\u00fcnther GmbH - Maserati Vertragsh\u00e4ndler\",\"description\":\"offizieller Maserati Vertragsh\u00e4ndler in Hamburg Berlin und Frankfurt\",\"potentialAction\":[{\"@type\":\"SearchAction\",\"target\":{\"@type\":\"EntryPoint\",\"urlTemplate\":\"https:\/\/guenther-gruppe.de\/maserati\/?s={search_term_string}\"},\"query-input\":{\"@type\":\"PropertyValueSpecification\",\"valueRequired\":true,\"valueName\":\"search_term_string\"}}],\"inLanguage\":\"de\"},{\"@type\":\"Person\",\"@id\":\"https:\/\/guenther-gruppe.de\/maserati\/#\/schema\/person\/3f370438b6290791812d436398ff7cca\",\"name\":\"madeleine\",\"url\":\"https:\/\/guenther-gruppe.de\/maserati\/author\/madeleine\/\"}]}<\/script>\n<!-- \/ Yoast SEO plugin. -->","yoast_head_json":{"title":"Frankfurter Automobil Ausstellung I Autohaus G\u00fcnther GmbH","description":"Endlich wieder eine Live-Veranstaltung: Die Freude dar\u00fcber, dass endlich wieder Pr\u00e4senzmessen stattfinden...","robots":{"index":"index","follow":"follow","max-snippet":"max-snippet:-1","max-image-preview":"max-image-preview:large","max-video-preview":"max-video-preview:-1"},"canonical":"https:\/\/guenther-gruppe.de\/maserati\/frankfurter-automobil-ausstellung\/","og_locale":"de_DE","og_type":"article","og_title":"Frankfurter Automobil Ausstellung I Autohaus G\u00fcnther GmbH","og_description":"Endlich wieder eine Live-Veranstaltung: Die Freude dar\u00fcber, dass endlich wieder Pr\u00e4senzmessen stattfinden...","og_url":"https:\/\/guenther-gruppe.de\/maserati\/frankfurter-automobil-ausstellung\/","og_site_name":"Autohaus G\u00fcnther GmbH - Maserati Vertragsh\u00e4ndler","article_published_time":"2021-09-12T20:30:32+00:00","article_modified_time":"2024-04-24T13:21:32+00:00","og_image":[{"width":800,"height":600,"url":"https:\/\/guenther-gruppe.de\/maserati\/wp-content\/uploads\/sites\/10\/2022\/06\/IMG_0172.jpg","type":"image\/jpeg"}],"author":"madeleine","twitter_card":"summary_large_image","twitter_misc":{"Verfasst von":false,"Gesch\u00e4tzte Lesezeit":"3\u00a0Minuten"},"schema":{"@context":"https:\/\/schema.org","@graph":[{"@type":"WebPage","@id":"https:\/\/guenther-gruppe.de\/maserati\/frankfurter-automobil-ausstellung\/","url":"https:\/\/guenther-gruppe.de\/maserati\/frankfurter-automobil-ausstellung\/","name":"Frankfurter Automobil Ausstellung I Autohaus G\u00fcnther GmbH","isPartOf":{"@id":"https:\/\/guenther-gruppe.de\/maserati\/#website"},"primaryImageOfPage":{"@id":"https:\/\/guenther-gruppe.de\/maserati\/frankfurter-automobil-ausstellung\/#primaryimage"},"image":{"@id":"https:\/\/guenther-gruppe.de\/maserati\/frankfurter-automobil-ausstellung\/#primaryimage"},"thumbnailUrl":"https:\/\/guenther-gruppe.de\/maserati\/wp-content\/uploads\/sites\/10\/2022\/06\/IMG_0172.jpg","datePublished":"2021-09-12T20:30:32+00:00","dateModified":"2024-04-24T13:21:32+00:00","author":{"@id":"https:\/\/guenther-gruppe.de\/maserati\/#\/schema\/person\/3f370438b6290791812d436398ff7cca"},"description":"Endlich wieder eine Live-Veranstaltung: Die Freude dar\u00fcber, dass endlich wieder Pr\u00e4senzmessen stattfinden...","breadcrumb":{"@id":"https:\/\/guenther-gruppe.de\/maserati\/frankfurter-automobil-ausstellung\/#breadcrumb"},"inLanguage":"de","potentialAction":[{"@type":"ReadAction","target":["https:\/\/guenther-gruppe.de\/maserati\/frankfurter-automobil-ausstellung\/"]}]},{"@type":"ImageObject","inLanguage":"de","@id":"https:\/\/guenther-gruppe.de\/maserati\/frankfurter-automobil-ausstellung\/#primaryimage","url":"https:\/\/guenther-gruppe.de\/maserati\/wp-content\/uploads\/sites\/10\/2022\/06\/IMG_0172.jpg","contentUrl":"https:\/\/guenther-gruppe.de\/maserati\/wp-content\/uploads\/sites\/10\/2022\/06\/IMG_0172.jpg","width":800,"height":600,"caption":"Maserati bei der FAA"},{"@type":"BreadcrumbList","@id":"https:\/\/guenther-gruppe.de\/maserati\/frankfurter-automobil-ausstellung\/#breadcrumb","itemListElement":[{"@type":"ListItem","position":1,"name":"Startseite","item":"https:\/\/guenther-gruppe.de\/maserati\/"},{"@type":"ListItem","position":2,"name":"Maserati bei der FAA"}]},{"@type":"WebSite","@id":"https:\/\/guenther-gruppe.de\/maserati\/#website","url":"https:\/\/guenther-gruppe.de\/maserati\/","name":"Autohaus G\u00fcnther GmbH - Maserati Vertragsh\u00e4ndler","description":"offizieller Maserati Vertragsh\u00e4ndler in Hamburg Berlin und Frankfurt","potentialAction":[{"@type":"SearchAction","target":{"@type":"EntryPoint","urlTemplate":"https:\/\/guenther-gruppe.de\/maserati\/?s={search_term_string}"},"query-input":{"@type":"PropertyValueSpecification","valueRequired":true,"valueName":"search_term_string"}}],"inLanguage":"de"},{"@type":"Person","@id":"https:\/\/guenther-gruppe.de\/maserati\/#\/schema\/person\/3f370438b6290791812d436398ff7cca","name":"madeleine","url":"https:\/\/guenther-gruppe.de\/maserati\/author\/madeleine\/"}]}},"_links":{"self":[{"href":"https:\/\/guenther-gruppe.de\/maserati\/wp-json\/wp\/v2\/posts\/3014","targetHints":{"allow":["GET"]}}],"collection":[{"href":"https:\/\/guenther-gruppe.de\/maserati\/wp-json\/wp\/v2\/posts"}],"about":[{"href":"https:\/\/guenther-gruppe.de\/maserati\/wp-json\/wp\/v2\/types\/post"}],"author":[{"embeddable":true,"href":"https:\/\/guenther-gruppe.de\/maserati\/wp-json\/wp\/v2\/users\/10"}],"replies":[{"embeddable":true,"href":"https:\/\/guenther-gruppe.de\/maserati\/wp-json\/wp\/v2\/comments?post=3014"}],"version-history":[{"count":4,"href":"https:\/\/guenther-gruppe.de\/maserati\/wp-json\/wp\/v2\/posts\/3014\/revisions"}],"predecessor-version":[{"id":33654,"href":"https:\/\/guenther-gruppe.de\/maserati\/wp-json\/wp\/v2\/posts\/3014\/revisions\/33654"}],"wp:featuredmedia":[{"embeddable":true,"href":"https:\/\/guenther-gruppe.de\/maserati\/wp-json\/wp\/v2\/media\/3020"}],"wp:attachment":[{"href":"https:\/\/guenther-gruppe.de\/maserati\/wp-json\/wp\/v2\/media?parent=3014"}],"wp:term":[{"taxonomy":"category","embeddable":true,"href":"https:\/\/guenther-gruppe.de\/maserati\/wp-json\/wp\/v2\/categories?post=3014"},{"taxonomy":"post_tag","embeddable":true,"href":"https:\/\/guenther-gruppe.de\/maserati\/wp-json\/wp\/v2\/tags?post=3014"}],"curies":[{"name":"wp","href":"https:\/\/api.w.org\/{rel}","templated":true}]}}