{"id":10028,"date":"2022-10-08T14:46:23","date_gmt":"2022-10-08T12:46:23","guid":{"rendered":"https:\/\/guenther-gruppe.de\/maseratizwei\/?p=10028"},"modified":"2024-04-24T15:12:17","modified_gmt":"2024-04-24T13:12:17","slug":"the-frankfurter-summer-garden-2022","status":"publish","type":"post","link":"https:\/\/guenther-gruppe.de\/maserati\/the-frankfurter-summer-garden-2022\/","title":{"rendered":"THE FRANKFURTER Summer Garden 2022"},"content":{"rendered":"\t\t<div data-elementor-type=\"wp-post\" data-elementor-id=\"10028\" class=\"elementor elementor-10028\" data-elementor-post-type=\"post\">\n\t\t\t\t\t\t<section class=\"elementor-section elementor-top-section elementor-element elementor-element-8781ffb elementor-section-boxed elementor-section-height-default elementor-section-height-default\" data-id=\"8781ffb\" data-element_type=\"section\">\n\t\t\t\t\t\t<div class=\"elementor-container elementor-column-gap-default\">\n\t\t\t\t\t<div class=\"elementor-column elementor-col-100 elementor-top-column elementor-element elementor-element-419789e\" data-id=\"419789e\" data-element_type=\"column\">\n\t\t\t<div class=\"elementor-widget-wrap elementor-element-populated\">\n\t\t\t\t\t\t<div class=\"elementor-element elementor-element-410db45 elementor-widget elementor-widget-image\" data-id=\"410db45\" data-element_type=\"widget\" data-widget_type=\"image.default\">\n\t\t\t\t<div class=\"elementor-widget-container\">\n\t\t\t\t\t\t\t\t\t\t\t\t\t\t\t<img fetchpriority=\"high\" decoding=\"async\" width=\"1024\" height=\"431\" src=\"https:\/\/guenther-gruppe.de\/maserati\/wp-content\/uploads\/sites\/10\/2022\/10\/22109-header-summer-garden-1024x431.jpg\" class=\"attachment-large size-large wp-image-10192\" alt=\"Maserati in Frankfurt beim &quot;THE FRANKFURTER Summer Garden 2022&quot;\" srcset=\"https:\/\/guenther-gruppe.de\/maserati\/wp-content\/uploads\/sites\/10\/2022\/10\/22109-header-summer-garden-1024x431.jpg 1024w, https:\/\/guenther-gruppe.de\/maserati\/wp-content\/uploads\/sites\/10\/2022\/10\/22109-header-summer-garden-300x126.jpg 300w, https:\/\/guenther-gruppe.de\/maserati\/wp-content\/uploads\/sites\/10\/2022\/10\/22109-header-summer-garden-768x323.jpg 768w, https:\/\/guenther-gruppe.de\/maserati\/wp-content\/uploads\/sites\/10\/2022\/10\/22109-header-summer-garden-1536x647.jpg 1536w, https:\/\/guenther-gruppe.de\/maserati\/wp-content\/uploads\/sites\/10\/2022\/10\/22109-header-summer-garden.jpg 1900w\" sizes=\"(max-width: 1024px) 100vw, 1024px\" \/>\t\t\t\t\t\t\t\t\t\t\t\t\t\t\t<\/div>\n\t\t\t\t<\/div>\n\t\t\t\t\t<\/div>\n\t\t<\/div>\n\t\t\t\t\t<\/div>\n\t\t<\/section>\n\t\t\t\t<section class=\"elementor-section elementor-top-section elementor-element elementor-element-656dd18 elementor-section-boxed elementor-section-height-default elementor-section-height-default\" data-id=\"656dd18\" data-element_type=\"section\">\n\t\t\t\t\t\t<div class=\"elementor-container elementor-column-gap-default\">\n\t\t\t\t\t<div class=\"elementor-column elementor-col-100 elementor-top-column elementor-element elementor-element-a21234a\" data-id=\"a21234a\" data-element_type=\"column\">\n\t\t\t<div class=\"elementor-widget-wrap elementor-element-populated\">\n\t\t\t\t\t\t<div class=\"elementor-element elementor-element-83dbf26 elementor-widget elementor-widget-text-editor\" data-id=\"83dbf26\" data-element_type=\"widget\" data-widget_type=\"text-editor.default\">\n\t\t\t\t<div class=\"elementor-widget-container\">\n\t\t\t\t\t\t\t\t\t<div class=\"fusion-text fusion-text-2\"><p>In diesem Jahr waren wir am 5. Juli bei &#8222;THE FRANKFURTER Summer Garden 2022 dabei. Als Premiumpartner haben wir mit unserer Autohaus G\u00fcnther Filiale in Frankfurt vor Ort den Supersportwagen Maserati MC20 pr\u00e4sentiert. <br \/><br \/>Das Sommerfest war ein voller Erfolg, es wurde ausgelassen gegessen, gefeiert und wir haben uns mit vielen interessanten Pers\u00f6nlichkeiten ausgetauscht. Nat\u00fcrlich durften die Besucher sich den MC20 bei dieser Gelegenheit einmal ganz genau anschauen. Diese M\u00f6glichkeit bietet sich nicht jeden Tag, so haben viele der G\u00e4ste die Situation genutzt und im MC20 Platz genommen und mit den Kollegen \u00fcber den spritzigen Italiener philosophiert. <br \/>Bei sch\u00f6nstem Wetter kam urbanes Summer-Feeling auf und wir konnten einen sehr sch\u00f6nen Tag im le PANTHER genie\u00dfen.\u00a0<\/p><\/div>\t\t\t\t\t\t\t\t<\/div>\n\t\t\t\t<\/div>\n\t\t\t\t<div class=\"elementor-element elementor-element-4faf3c7 elementor-widget elementor-widget-text-editor\" data-id=\"4faf3c7\" data-element_type=\"widget\" data-widget_type=\"text-editor.default\">\n\t\t\t\t<div class=\"elementor-widget-container\">\n\t\t\t\t\t\t\t\t\t<p>Maserati MC20, Benzin: Energieverbrauch kombiniert: 11,5 (l\/100 km); CO\u2082-Emissionen kombiniert: 261 (g\/km); CO\u2082-Klasse: G<\/p>\t\t\t\t\t\t\t\t<\/div>\n\t\t\t\t<\/div>\n\t\t\t\t\t<\/div>\n\t\t<\/div>\n\t\t\t\t\t<\/div>\n\t\t<\/section>\n\t\t\t\t<section class=\"elementor-section elementor-top-section elementor-element elementor-element-6555bda elementor-section-boxed elementor-section-height-default elementor-section-height-default\" data-id=\"6555bda\" data-element_type=\"section\">\n\t\t\t\t\t\t<div class=\"elementor-container elementor-column-gap-default\">\n\t\t\t\t\t<div class=\"elementor-column elementor-col-100 elementor-top-column elementor-element elementor-element-0404b1f\" data-id=\"0404b1f\" data-element_type=\"column\">\n\t\t\t<div class=\"elementor-widget-wrap elementor-element-populated\">\n\t\t\t\t\t\t<div class=\"elementor-element elementor-element-f783a60 elementor-widget elementor-widget-gallery\" data-id=\"f783a60\" data-element_type=\"widget\" data-settings=\"{&quot;columns&quot;:3,&quot;gap&quot;:{&quot;unit&quot;:&quot;px&quot;,&quot;size&quot;:5,&quot;sizes&quot;:[]},&quot;aspect_ratio&quot;:&quot;1:1&quot;,&quot;image_hover_animation&quot;:&quot;grow&quot;,&quot;lazyload&quot;:&quot;yes&quot;,&quot;gallery_layout&quot;:&quot;grid&quot;,&quot;columns_tablet&quot;:2,&quot;columns_mobile&quot;:1,&quot;gap_widescreen&quot;:{&quot;unit&quot;:&quot;px&quot;,&quot;size&quot;:&quot;&quot;,&quot;sizes&quot;:[]},&quot;gap_laptop&quot;:{&quot;unit&quot;:&quot;px&quot;,&quot;size&quot;:10,&quot;sizes&quot;:[]},&quot;gap_tablet_extra&quot;:{&quot;unit&quot;:&quot;px&quot;,&quot;size&quot;:10,&quot;sizes&quot;:[]},&quot;gap_tablet&quot;:{&quot;unit&quot;:&quot;px&quot;,&quot;size&quot;:10,&quot;sizes&quot;:[]},&quot;gap_mobile&quot;:{&quot;unit&quot;:&quot;px&quot;,&quot;size&quot;:10,&quot;sizes&quot;:[]},&quot;link_to&quot;:&quot;file&quot;,&quot;overlay_background&quot;:&quot;yes&quot;,&quot;content_hover_animation&quot;:&quot;fade-in&quot;}\" data-widget_type=\"gallery.default\">\n\t\t\t\t<div class=\"elementor-widget-container\">\n\t\t\t\t\t\t\t<div class=\"elementor-gallery__container\">\n\t\t\t\t\t\t\t<a class=\"e-gallery-item elementor-gallery-item elementor-animated-content\" href=\"https:\/\/guenther-gruppe.de\/maserati\/wp-content\/uploads\/sites\/10\/2022\/10\/22109-header-summer-garden.jpg\" data-elementor-open-lightbox=\"yes\" data-elementor-lightbox-slideshow=\"f783a60\" data-elementor-lightbox-title=\"22109-header-summer-garden\" data-elementor-lightbox-description=\"Maserati in Frankfurt beim &quot;THE FRANKFURTER Summer Garden 2022&quot;\" data-e-action-hash=\"#elementor-action%3Aaction%3Dlightbox%26settings%3DeyJpZCI6MTAxOTIsInVybCI6Imh0dHBzOlwvXC9ndWVudGhlci1ncnVwcGUuZGVcL21hc2VyYXRpXC93cC1jb250ZW50XC91cGxvYWRzXC9zaXRlc1wvMTBcLzIwMjJcLzEwXC8yMjEwOS1oZWFkZXItc3VtbWVyLWdhcmRlbi5qcGciLCJzbGlkZXNob3ciOiJmNzgzYTYwIn0%3D\">\n\t\t\t\t\t<div class=\"e-gallery-image elementor-gallery-item__image\" data-thumbnail=\"https:\/\/guenther-gruppe.de\/maserati\/wp-content\/uploads\/sites\/10\/2022\/10\/22109-header-summer-garden.jpg\" data-width=\"1900\" data-height=\"800\" aria-label=\"Maserati in Frankfurt beim &quot;THE FRANKFURTER Summer Garden 2022&quot;\" role=\"img\" ><\/div>\n\t\t\t\t\t\t\t\t\t\t\t<div class=\"elementor-gallery-item__overlay\"><\/div>\n\t\t\t\t\t\t\t\t\t\t\t\t\t\t<\/a>\n\t\t\t\t\t\t\t<a class=\"e-gallery-item elementor-gallery-item elementor-animated-content\" href=\"https:\/\/guenther-gruppe.de\/maserati\/wp-content\/uploads\/sites\/10\/2022\/10\/IMG_6960-1.jpg\" data-elementor-open-lightbox=\"yes\" data-elementor-lightbox-slideshow=\"f783a60\" data-elementor-lightbox-title=\"IMG_6960\" data-elementor-lightbox-description=\"Maserati in Frankfurt beim &quot;THE FRANKFURTER Summer Garden 2022&quot;\" data-e-action-hash=\"#elementor-action%3Aaction%3Dlightbox%26settings%3DeyJpZCI6MTAxOTMsInVybCI6Imh0dHBzOlwvXC9ndWVudGhlci1ncnVwcGUuZGVcL21hc2VyYXRpXC93cC1jb250ZW50XC91cGxvYWRzXC9zaXRlc1wvMTBcLzIwMjJcLzEwXC9JTUdfNjk2MC0xLmpwZyIsInNsaWRlc2hvdyI6ImY3ODNhNjAifQ%3D%3D\">\n\t\t\t\t\t<div class=\"e-gallery-image elementor-gallery-item__image\" data-thumbnail=\"https:\/\/guenther-gruppe.de\/maserati\/wp-content\/uploads\/sites\/10\/2022\/10\/IMG_6960-1.jpg\" data-width=\"800\" data-height=\"600\" aria-label=\"Maserati in Frankfurt beim &quot;THE FRANKFURTER Summer Garden 2022&quot;\" role=\"img\" ><\/div>\n\t\t\t\t\t\t\t\t\t\t\t<div class=\"elementor-gallery-item__overlay\"><\/div>\n\t\t\t\t\t\t\t\t\t\t\t\t\t\t<\/a>\n\t\t\t\t\t\t\t<a class=\"e-gallery-item elementor-gallery-item elementor-animated-content\" href=\"https:\/\/guenther-gruppe.de\/maserati\/wp-content\/uploads\/sites\/10\/2022\/10\/IMG_7192-1.jpg\" data-elementor-open-lightbox=\"yes\" data-elementor-lightbox-slideshow=\"f783a60\" data-elementor-lightbox-title=\"IMG_7192\" data-elementor-lightbox-description=\"Maserati in Frankfurt beim &quot;THE FRANKFURTER Summer Garden 2022&quot;\" data-e-action-hash=\"#elementor-action%3Aaction%3Dlightbox%26settings%3DeyJpZCI6MTAyNDMsInVybCI6Imh0dHBzOlwvXC9ndWVudGhlci1ncnVwcGUuZGVcL21hc2VyYXRpXC93cC1jb250ZW50XC91cGxvYWRzXC9zaXRlc1wvMTBcLzIwMjJcLzEwXC9JTUdfNzE5Mi0xLmpwZyIsInNsaWRlc2hvdyI6ImY3ODNhNjAifQ%3D%3D\">\n\t\t\t\t\t<div class=\"e-gallery-image elementor-gallery-item__image\" data-thumbnail=\"https:\/\/guenther-gruppe.de\/maserati\/wp-content\/uploads\/sites\/10\/2022\/10\/IMG_7192-1.jpg\" data-width=\"800\" data-height=\"600\" aria-label=\"Maserati in Frankfurt beim &quot;THE FRANKFURTER Summer Garden 2022&quot;\" role=\"img\" ><\/div>\n\t\t\t\t\t\t\t\t\t\t\t<div class=\"elementor-gallery-item__overlay\"><\/div>\n\t\t\t\t\t\t\t\t\t\t\t\t\t\t<\/a>\n\t\t\t\t\t\t\t<a class=\"e-gallery-item elementor-gallery-item elementor-animated-content\" href=\"https:\/\/guenther-gruppe.de\/maserati\/wp-content\/uploads\/sites\/10\/2022\/10\/IMG_6981-1.jpg\" data-elementor-open-lightbox=\"yes\" data-elementor-lightbox-slideshow=\"f783a60\" data-elementor-lightbox-title=\"Luxusauto mit gl\u00e4nzend schwarzer Lackierung und Emblem\" data-elementor-lightbox-description=\"Luxusauto mit gl\u00e4nzend schwarzer Lackierung und Emblem\" data-e-action-hash=\"#elementor-action%3Aaction%3Dlightbox%26settings%3DeyJpZCI6MTAyMTEsInVybCI6Imh0dHBzOlwvXC9ndWVudGhlci1ncnVwcGUuZGVcL21hc2VyYXRpXC93cC1jb250ZW50XC91cGxvYWRzXC9zaXRlc1wvMTBcLzIwMjJcLzEwXC9JTUdfNjk4MS0xLmpwZyIsInNsaWRlc2hvdyI6ImY3ODNhNjAifQ%3D%3D\">\n\t\t\t\t\t<div class=\"e-gallery-image elementor-gallery-item__image\" data-thumbnail=\"https:\/\/guenther-gruppe.de\/maserati\/wp-content\/uploads\/sites\/10\/2022\/10\/IMG_6981-1.jpg\" data-width=\"800\" data-height=\"600\" aria-label=\"Luxusauto mit gl\u00e4nzend schwarzer Lackierung und Emblem\" role=\"img\" ><\/div>\n\t\t\t\t\t\t\t\t\t\t\t<div class=\"elementor-gallery-item__overlay\"><\/div>\n\t\t\t\t\t\t\t\t\t\t\t\t\t\t<\/a>\n\t\t\t\t\t\t\t<a class=\"e-gallery-item elementor-gallery-item elementor-animated-content\" href=\"https:\/\/guenther-gruppe.de\/maserati\/wp-content\/uploads\/sites\/10\/2022\/10\/IMG_7074-1.jpg\" data-elementor-open-lightbox=\"yes\" data-elementor-lightbox-slideshow=\"f783a60\" data-elementor-lightbox-title=\"IMG_7074\" data-elementor-lightbox-description=\"Maserati in Frankfurt beim &quot;THE FRANKFURTER Summer Garden 2022&quot;\" data-e-action-hash=\"#elementor-action%3Aaction%3Dlightbox%26settings%3DeyJpZCI6MTAyMzUsInVybCI6Imh0dHBzOlwvXC9ndWVudGhlci1ncnVwcGUuZGVcL21hc2VyYXRpXC93cC1jb250ZW50XC91cGxvYWRzXC9zaXRlc1wvMTBcLzIwMjJcLzEwXC9JTUdfNzA3NC0xLmpwZyIsInNsaWRlc2hvdyI6ImY3ODNhNjAifQ%3D%3D\">\n\t\t\t\t\t<div class=\"e-gallery-image elementor-gallery-item__image\" data-thumbnail=\"https:\/\/guenther-gruppe.de\/maserati\/wp-content\/uploads\/sites\/10\/2022\/10\/IMG_7074-1.jpg\" data-width=\"600\" data-height=\"800\" aria-label=\"Maserati in Frankfurt beim &quot;THE FRANKFURTER Summer Garden 2022&quot;\" role=\"img\" ><\/div>\n\t\t\t\t\t\t\t\t\t\t\t<div class=\"elementor-gallery-item__overlay\"><\/div>\n\t\t\t\t\t\t\t\t\t\t\t\t\t\t<\/a>\n\t\t\t\t\t\t\t<a class=\"e-gallery-item elementor-gallery-item elementor-animated-content\" href=\"https:\/\/guenther-gruppe.de\/maserati\/wp-content\/uploads\/sites\/10\/2022\/10\/IMG_7166-1.jpg\" data-elementor-open-lightbox=\"yes\" data-elementor-lightbox-slideshow=\"f783a60\" data-elementor-lightbox-title=\"IMG_7166\" data-elementor-lightbox-description=\"Maserati in Frankfurt beim &quot;THE FRANKFURTER Summer Garden 2022&quot;\" data-e-action-hash=\"#elementor-action%3Aaction%3Dlightbox%26settings%3DeyJpZCI6MTAyNDEsInVybCI6Imh0dHBzOlwvXC9ndWVudGhlci1ncnVwcGUuZGVcL21hc2VyYXRpXC93cC1jb250ZW50XC91cGxvYWRzXC9zaXRlc1wvMTBcLzIwMjJcLzEwXC9JTUdfNzE2Ni0xLmpwZyIsInNsaWRlc2hvdyI6ImY3ODNhNjAifQ%3D%3D\">\n\t\t\t\t\t<div class=\"e-gallery-image elementor-gallery-item__image\" data-thumbnail=\"https:\/\/guenther-gruppe.de\/maserati\/wp-content\/uploads\/sites\/10\/2022\/10\/IMG_7166-1.jpg\" data-width=\"600\" data-height=\"800\" aria-label=\"Maserati in Frankfurt beim &quot;THE FRANKFURTER Summer Garden 2022&quot;\" role=\"img\" ><\/div>\n\t\t\t\t\t\t\t\t\t\t\t<div class=\"elementor-gallery-item__overlay\"><\/div>\n\t\t\t\t\t\t\t\t\t\t\t\t\t\t<\/a>\n\t\t\t\t\t\t\t<a class=\"e-gallery-item elementor-gallery-item elementor-animated-content\" href=\"https:\/\/guenther-gruppe.de\/maserati\/wp-content\/uploads\/sites\/10\/2022\/10\/IMG_6984-1.jpg\" data-elementor-open-lightbox=\"yes\" data-elementor-lightbox-slideshow=\"f783a60\" data-elementor-lightbox-title=\"Luxuri\u00f6ses Autoinnenraumdesign mit hochwertigen Features\" data-elementor-lightbox-description=\"Luxuri\u00f6ses Autoinnenraumdesign mit hochwertigen Features\" data-e-action-hash=\"#elementor-action%3Aaction%3Dlightbox%26settings%3DeyJpZCI6MTAyMTIsInVybCI6Imh0dHBzOlwvXC9ndWVudGhlci1ncnVwcGUuZGVcL21hc2VyYXRpXC93cC1jb250ZW50XC91cGxvYWRzXC9zaXRlc1wvMTBcLzIwMjJcLzEwXC9JTUdfNjk4NC0xLmpwZyIsInNsaWRlc2hvdyI6ImY3ODNhNjAifQ%3D%3D\">\n\t\t\t\t\t<div class=\"e-gallery-image elementor-gallery-item__image\" data-thumbnail=\"https:\/\/guenther-gruppe.de\/maserati\/wp-content\/uploads\/sites\/10\/2022\/10\/IMG_6984-1.jpg\" data-width=\"800\" data-height=\"600\" aria-label=\"Luxuri\u00f6ses Autoinnenraumdesign mit hochwertigen Features\" role=\"img\" ><\/div>\n\t\t\t\t\t\t\t\t\t\t\t<div class=\"elementor-gallery-item__overlay\"><\/div>\n\t\t\t\t\t\t\t\t\t\t\t\t\t\t<\/a>\n\t\t\t\t\t\t\t<a class=\"e-gallery-item elementor-gallery-item elementor-animated-content\" href=\"https:\/\/guenther-gruppe.de\/maserati\/wp-content\/uploads\/sites\/10\/2022\/10\/IMG_6945-1.jpg\" data-elementor-open-lightbox=\"yes\" data-elementor-lightbox-slideshow=\"f783a60\" data-elementor-lightbox-title=\"IMG_6945\" data-elementor-lightbox-description=\"Maserati in Frankfurt beim &quot;THE FRANKFURTER Summer Garden 2022&quot;\" data-e-action-hash=\"#elementor-action%3Aaction%3Dlightbox%26settings%3DeyJpZCI6MTAxOTUsInVybCI6Imh0dHBzOlwvXC9ndWVudGhlci1ncnVwcGUuZGVcL21hc2VyYXRpXC93cC1jb250ZW50XC91cGxvYWRzXC9zaXRlc1wvMTBcLzIwMjJcLzEwXC9JTUdfNjk0NS0xLmpwZyIsInNsaWRlc2hvdyI6ImY3ODNhNjAifQ%3D%3D\">\n\t\t\t\t\t<div class=\"e-gallery-image elementor-gallery-item__image\" data-thumbnail=\"https:\/\/guenther-gruppe.de\/maserati\/wp-content\/uploads\/sites\/10\/2022\/10\/IMG_6945-1.jpg\" data-width=\"600\" data-height=\"800\" aria-label=\"Maserati in Frankfurt beim &quot;THE FRANKFURTER Summer Garden 2022&quot;\" role=\"img\" ><\/div>\n\t\t\t\t\t\t\t\t\t\t\t<div class=\"elementor-gallery-item__overlay\"><\/div>\n\t\t\t\t\t\t\t\t\t\t\t\t\t\t<\/a>\n\t\t\t\t\t\t\t<a class=\"e-gallery-item elementor-gallery-item elementor-animated-content\" href=\"https:\/\/guenther-gruppe.de\/maserati\/wp-content\/uploads\/sites\/10\/2022\/10\/IMG_6976-1.jpg\" data-elementor-open-lightbox=\"yes\" data-elementor-lightbox-slideshow=\"f783a60\" data-elementor-lightbox-title=\"Luxus Sportwagen Detailaufnahme in moderner Umgebung\" data-elementor-lightbox-description=\"Luxus Sportwagen Detailaufnahme in moderner Umgebung\" data-e-action-hash=\"#elementor-action%3Aaction%3Dlightbox%26settings%3DeyJpZCI6MTAyMDcsInVybCI6Imh0dHBzOlwvXC9ndWVudGhlci1ncnVwcGUuZGVcL21hc2VyYXRpXC93cC1jb250ZW50XC91cGxvYWRzXC9zaXRlc1wvMTBcLzIwMjJcLzEwXC9JTUdfNjk3Ni0xLmpwZyIsInNsaWRlc2hvdyI6ImY3ODNhNjAifQ%3D%3D\">\n\t\t\t\t\t<div class=\"e-gallery-image elementor-gallery-item__image\" data-thumbnail=\"https:\/\/guenther-gruppe.de\/maserati\/wp-content\/uploads\/sites\/10\/2022\/10\/IMG_6976-1.jpg\" data-width=\"600\" data-height=\"800\" aria-label=\"Luxus Sportwagen Detailaufnahme in moderner Umgebung\" role=\"img\" ><\/div>\n\t\t\t\t\t\t\t\t\t\t\t<div class=\"elementor-gallery-item__overlay\"><\/div>\n\t\t\t\t\t\t\t\t\t\t\t\t\t\t<\/a>\n\t\t\t\t\t\t\t<a class=\"e-gallery-item elementor-gallery-item elementor-animated-content\" href=\"https:\/\/guenther-gruppe.de\/maserati\/wp-content\/uploads\/sites\/10\/2022\/10\/IMG_7034-1.jpg\" data-elementor-open-lightbox=\"yes\" data-elementor-lightbox-slideshow=\"f783a60\" data-elementor-lightbox-title=\"IMG_7034\" data-elementor-lightbox-description=\"Maserati in Frankfurt beim &quot;THE FRANKFURTER Summer Garden 2022&quot;\" data-e-action-hash=\"#elementor-action%3Aaction%3Dlightbox%26settings%3DeyJpZCI6MTAyMjUsInVybCI6Imh0dHBzOlwvXC9ndWVudGhlci1ncnVwcGUuZGVcL21hc2VyYXRpXC93cC1jb250ZW50XC91cGxvYWRzXC9zaXRlc1wvMTBcLzIwMjJcLzEwXC9JTUdfNzAzNC0xLmpwZyIsInNsaWRlc2hvdyI6ImY3ODNhNjAifQ%3D%3D\">\n\t\t\t\t\t<div class=\"e-gallery-image elementor-gallery-item__image\" data-thumbnail=\"https:\/\/guenther-gruppe.de\/maserati\/wp-content\/uploads\/sites\/10\/2022\/10\/IMG_7034-1.jpg\" data-width=\"600\" data-height=\"800\" aria-label=\"Maserati in Frankfurt beim &quot;THE FRANKFURTER Summer Garden 2022&quot;\" role=\"img\" ><\/div>\n\t\t\t\t\t\t\t\t\t\t\t<div class=\"elementor-gallery-item__overlay\"><\/div>\n\t\t\t\t\t\t\t\t\t\t\t\t\t\t<\/a>\n\t\t\t\t\t\t\t<a class=\"e-gallery-item elementor-gallery-item elementor-animated-content\" href=\"https:\/\/guenther-gruppe.de\/maserati\/wp-content\/uploads\/sites\/10\/2022\/10\/IMG_7088-1.jpg\" data-elementor-open-lightbox=\"yes\" data-elementor-lightbox-slideshow=\"f783a60\" data-elementor-lightbox-title=\"IMG_7088\" data-elementor-lightbox-description=\"Maserati in Frankfurt beim &quot;THE FRANKFURTER Summer Garden 2022&quot;\" data-e-action-hash=\"#elementor-action%3Aaction%3Dlightbox%26settings%3DeyJpZCI6MTAyMzcsInVybCI6Imh0dHBzOlwvXC9ndWVudGhlci1ncnVwcGUuZGVcL21hc2VyYXRpXC93cC1jb250ZW50XC91cGxvYWRzXC9zaXRlc1wvMTBcLzIwMjJcLzEwXC9JTUdfNzA4OC0xLmpwZyIsInNsaWRlc2hvdyI6ImY3ODNhNjAifQ%3D%3D\">\n\t\t\t\t\t<div class=\"e-gallery-image elementor-gallery-item__image\" data-thumbnail=\"https:\/\/guenther-gruppe.de\/maserati\/wp-content\/uploads\/sites\/10\/2022\/10\/IMG_7088-1.jpg\" data-width=\"600\" data-height=\"800\" aria-label=\"Maserati in Frankfurt beim &quot;THE FRANKFURTER Summer Garden 2022&quot;\" role=\"img\" ><\/div>\n\t\t\t\t\t\t\t\t\t\t\t<div class=\"elementor-gallery-item__overlay\"><\/div>\n\t\t\t\t\t\t\t\t\t\t\t\t\t\t<\/a>\n\t\t\t\t\t\t\t<a class=\"e-gallery-item elementor-gallery-item elementor-animated-content\" href=\"https:\/\/guenther-gruppe.de\/maserati\/wp-content\/uploads\/sites\/10\/2022\/10\/IMG_7162-1.jpg\" data-elementor-open-lightbox=\"yes\" data-elementor-lightbox-slideshow=\"f783a60\" data-elementor-lightbox-title=\"IMG_7162\" data-elementor-lightbox-description=\"Maserati in Frankfurt beim &quot;THE FRANKFURTER Summer Garden 2022&quot;\" data-e-action-hash=\"#elementor-action%3Aaction%3Dlightbox%26settings%3DeyJpZCI6MTAyNDAsInVybCI6Imh0dHBzOlwvXC9ndWVudGhlci1ncnVwcGUuZGVcL21hc2VyYXRpXC93cC1jb250ZW50XC91cGxvYWRzXC9zaXRlc1wvMTBcLzIwMjJcLzEwXC9JTUdfNzE2Mi0xLmpwZyIsInNsaWRlc2hvdyI6ImY3ODNhNjAifQ%3D%3D\">\n\t\t\t\t\t<div class=\"e-gallery-image elementor-gallery-item__image\" data-thumbnail=\"https:\/\/guenther-gruppe.de\/maserati\/wp-content\/uploads\/sites\/10\/2022\/10\/IMG_7162-1.jpg\" data-width=\"800\" data-height=\"600\" aria-label=\"Maserati in Frankfurt beim &quot;THE FRANKFURTER Summer Garden 2022&quot;\" role=\"img\" ><\/div>\n\t\t\t\t\t\t\t\t\t\t\t<div class=\"elementor-gallery-item__overlay\"><\/div>\n\t\t\t\t\t\t\t\t\t\t\t\t\t\t<\/a>\n\t\t\t\t\t\t\t<a class=\"e-gallery-item elementor-gallery-item elementor-animated-content\" href=\"https:\/\/guenther-gruppe.de\/maserati\/wp-content\/uploads\/sites\/10\/2022\/10\/IMG_6993-1.jpg\" data-elementor-open-lightbox=\"yes\" data-elementor-lightbox-slideshow=\"f783a60\" data-elementor-lightbox-title=\"Luxuri\u00f6ser schwarzer Sportwagen Maserati MC20 im Freien\" data-elementor-lightbox-description=\"Luxuri\u00f6ser schwarzer Sportwagen Maserati MC20 im Freien\" data-e-action-hash=\"#elementor-action%3Aaction%3Dlightbox%26settings%3DeyJpZCI6MTAyMTQsInVybCI6Imh0dHBzOlwvXC9ndWVudGhlci1ncnVwcGUuZGVcL21hc2VyYXRpXC93cC1jb250ZW50XC91cGxvYWRzXC9zaXRlc1wvMTBcLzIwMjJcLzEwXC9JTUdfNjk5My0xLmpwZyIsInNsaWRlc2hvdyI6ImY3ODNhNjAifQ%3D%3D\">\n\t\t\t\t\t<div class=\"e-gallery-image elementor-gallery-item__image\" data-thumbnail=\"https:\/\/guenther-gruppe.de\/maserati\/wp-content\/uploads\/sites\/10\/2022\/10\/IMG_6993-1.jpg\" data-width=\"800\" data-height=\"600\" aria-label=\"Luxuri\u00f6ser schwarzer Sportwagen Maserati MC20 im Freien\" role=\"img\" ><\/div>\n\t\t\t\t\t\t\t\t\t\t\t<div class=\"elementor-gallery-item__overlay\"><\/div>\n\t\t\t\t\t\t\t\t\t\t\t\t\t\t<\/a>\n\t\t\t\t\t\t\t<a class=\"e-gallery-item elementor-gallery-item elementor-animated-content\" href=\"https:\/\/guenther-gruppe.de\/maserati\/wp-content\/uploads\/sites\/10\/2022\/10\/IMG_6980-1.jpg\" data-elementor-open-lightbox=\"yes\" data-elementor-lightbox-slideshow=\"f783a60\" data-elementor-lightbox-title=\"Schwarzes Auto mit elegantem Dreizack-Emblem im Sonnenschein\" data-elementor-lightbox-description=\"Schwarzes Auto mit elegantem Dreizack-Emblem im Sonnenschein\" data-e-action-hash=\"#elementor-action%3Aaction%3Dlightbox%26settings%3DeyJpZCI6MTAyMTAsInVybCI6Imh0dHBzOlwvXC9ndWVudGhlci1ncnVwcGUuZGVcL21hc2VyYXRpXC93cC1jb250ZW50XC91cGxvYWRzXC9zaXRlc1wvMTBcLzIwMjJcLzEwXC9JTUdfNjk4MC0xLmpwZyIsInNsaWRlc2hvdyI6ImY3ODNhNjAifQ%3D%3D\">\n\t\t\t\t\t<div class=\"e-gallery-image elementor-gallery-item__image\" data-thumbnail=\"https:\/\/guenther-gruppe.de\/maserati\/wp-content\/uploads\/sites\/10\/2022\/10\/IMG_6980-1.jpg\" data-width=\"600\" data-height=\"800\" aria-label=\"Schwarzes Auto mit elegantem Dreizack-Emblem im Sonnenschein\" role=\"img\" ><\/div>\n\t\t\t\t\t\t\t\t\t\t\t<div class=\"elementor-gallery-item__overlay\"><\/div>\n\t\t\t\t\t\t\t\t\t\t\t\t\t\t<\/a>\n\t\t\t\t\t\t\t<a class=\"e-gallery-item elementor-gallery-item elementor-animated-content\" href=\"https:\/\/guenther-gruppe.de\/maserati\/wp-content\/uploads\/sites\/10\/2022\/10\/IMG_6970-1.jpg\" data-elementor-open-lightbox=\"yes\" data-elementor-lightbox-slideshow=\"f783a60\" data-elementor-lightbox-title=\"Maserati Autot\u00fcr nach oben ge\u00f6ffnet bei sonnigem Wetter\" data-elementor-lightbox-description=\"Maserati Autot\u00fcr nach oben ge\u00f6ffnet bei sonnigem Wetter\" data-e-action-hash=\"#elementor-action%3Aaction%3Dlightbox%26settings%3DeyJpZCI6MTAyMDUsInVybCI6Imh0dHBzOlwvXC9ndWVudGhlci1ncnVwcGUuZGVcL21hc2VyYXRpXC93cC1jb250ZW50XC91cGxvYWRzXC9zaXRlc1wvMTBcLzIwMjJcLzEwXC9JTUdfNjk3MC0xLmpwZyIsInNsaWRlc2hvdyI6ImY3ODNhNjAifQ%3D%3D\">\n\t\t\t\t\t<div class=\"e-gallery-image elementor-gallery-item__image\" data-thumbnail=\"https:\/\/guenther-gruppe.de\/maserati\/wp-content\/uploads\/sites\/10\/2022\/10\/IMG_6970-1.jpg\" data-width=\"600\" data-height=\"800\" aria-label=\"Maserati Autot\u00fcr nach oben ge\u00f6ffnet bei sonnigem Wetter\" role=\"img\" ><\/div>\n\t\t\t\t\t\t\t\t\t\t\t<div class=\"elementor-gallery-item__overlay\"><\/div>\n\t\t\t\t\t\t\t\t\t\t\t\t\t\t<\/a>\n\t\t\t\t\t\t\t<a class=\"e-gallery-item elementor-gallery-item elementor-animated-content\" href=\"https:\/\/guenther-gruppe.de\/maserati\/wp-content\/uploads\/sites\/10\/2022\/10\/IMG_7058-1.jpg\" data-elementor-open-lightbox=\"yes\" data-elementor-lightbox-slideshow=\"f783a60\" data-elementor-lightbox-title=\"IMG_7058\" data-elementor-lightbox-description=\"Maserati in Frankfurt beim &quot;THE FRANKFURTER Summer Garden 2022&quot;\" data-e-action-hash=\"#elementor-action%3Aaction%3Dlightbox%26settings%3DeyJpZCI6MTAyMzAsInVybCI6Imh0dHBzOlwvXC9ndWVudGhlci1ncnVwcGUuZGVcL21hc2VyYXRpXC93cC1jb250ZW50XC91cGxvYWRzXC9zaXRlc1wvMTBcLzIwMjJcLzEwXC9JTUdfNzA1OC0xLmpwZyIsInNsaWRlc2hvdyI6ImY3ODNhNjAifQ%3D%3D\">\n\t\t\t\t\t<div class=\"e-gallery-image elementor-gallery-item__image\" data-thumbnail=\"https:\/\/guenther-gruppe.de\/maserati\/wp-content\/uploads\/sites\/10\/2022\/10\/IMG_7058-1.jpg\" data-width=\"600\" data-height=\"800\" aria-label=\"Maserati in Frankfurt beim &quot;THE FRANKFURTER Summer Garden 2022&quot;\" role=\"img\" ><\/div>\n\t\t\t\t\t\t\t\t\t\t\t<div class=\"elementor-gallery-item__overlay\"><\/div>\n\t\t\t\t\t\t\t\t\t\t\t\t\t\t<\/a>\n\t\t\t\t\t\t\t<a class=\"e-gallery-item elementor-gallery-item elementor-animated-content\" href=\"https:\/\/guenther-gruppe.de\/maserati\/wp-content\/uploads\/sites\/10\/2022\/10\/IMG_7082-1.jpg\" data-elementor-open-lightbox=\"yes\" data-elementor-lightbox-slideshow=\"f783a60\" data-elementor-lightbox-title=\"IMG_7082\" data-elementor-lightbox-description=\"Maserati in Frankfurt beim &quot;THE FRANKFURTER Summer Garden 2022&quot;\" data-e-action-hash=\"#elementor-action%3Aaction%3Dlightbox%26settings%3DeyJpZCI6MTAyMzYsInVybCI6Imh0dHBzOlwvXC9ndWVudGhlci1ncnVwcGUuZGVcL21hc2VyYXRpXC93cC1jb250ZW50XC91cGxvYWRzXC9zaXRlc1wvMTBcLzIwMjJcLzEwXC9JTUdfNzA4Mi0xLmpwZyIsInNsaWRlc2hvdyI6ImY3ODNhNjAifQ%3D%3D\">\n\t\t\t\t\t<div class=\"e-gallery-image elementor-gallery-item__image\" data-thumbnail=\"https:\/\/guenther-gruppe.de\/maserati\/wp-content\/uploads\/sites\/10\/2022\/10\/IMG_7082-1.jpg\" data-width=\"600\" data-height=\"800\" aria-label=\"Maserati in Frankfurt beim &quot;THE FRANKFURTER Summer Garden 2022&quot;\" role=\"img\" ><\/div>\n\t\t\t\t\t\t\t\t\t\t\t<div class=\"elementor-gallery-item__overlay\"><\/div>\n\t\t\t\t\t\t\t\t\t\t\t\t\t\t<\/a>\n\t\t\t\t\t\t\t<a class=\"e-gallery-item elementor-gallery-item elementor-animated-content\" href=\"https:\/\/guenther-gruppe.de\/maserati\/wp-content\/uploads\/sites\/10\/2022\/10\/IMG_7209-1.jpg\" data-elementor-open-lightbox=\"yes\" data-elementor-lightbox-slideshow=\"f783a60\" data-elementor-lightbox-title=\"IMG_7209\" data-elementor-lightbox-description=\"Maserati in Frankfurt beim &quot;THE FRANKFURTER Summer Garden 2022&quot;\" data-e-action-hash=\"#elementor-action%3Aaction%3Dlightbox%26settings%3DeyJpZCI6MTAyNDQsInVybCI6Imh0dHBzOlwvXC9ndWVudGhlci1ncnVwcGUuZGVcL21hc2VyYXRpXC93cC1jb250ZW50XC91cGxvYWRzXC9zaXRlc1wvMTBcLzIwMjJcLzEwXC9JTUdfNzIwOS0xLmpwZyIsInNsaWRlc2hvdyI6ImY3ODNhNjAifQ%3D%3D\">\n\t\t\t\t\t<div class=\"e-gallery-image elementor-gallery-item__image\" data-thumbnail=\"https:\/\/guenther-gruppe.de\/maserati\/wp-content\/uploads\/sites\/10\/2022\/10\/IMG_7209-1.jpg\" data-width=\"800\" data-height=\"600\" aria-label=\"Maserati in Frankfurt beim &quot;THE FRANKFURTER Summer Garden 2022&quot;\" role=\"img\" ><\/div>\n\t\t\t\t\t\t\t\t\t\t\t<div class=\"elementor-gallery-item__overlay\"><\/div>\n\t\t\t\t\t\t\t\t\t\t\t\t\t\t<\/a>\n\t\t\t\t\t\t\t<a class=\"e-gallery-item elementor-gallery-item elementor-animated-content\" href=\"https:\/\/guenther-gruppe.de\/maserati\/wp-content\/uploads\/sites\/10\/2022\/10\/IMG_6963-1.jpg\" data-elementor-open-lightbox=\"yes\" data-elementor-lightbox-slideshow=\"f783a60\" data-elementor-lightbox-title=\"Maserati MC20 Frontansicht im Freien bei Sonnenschein\" data-elementor-lightbox-description=\"Maserati MC20 Frontansicht im Freien bei Sonnenschein\" data-e-action-hash=\"#elementor-action%3Aaction%3Dlightbox%26settings%3DeyJpZCI6MTAyMDIsInVybCI6Imh0dHBzOlwvXC9ndWVudGhlci1ncnVwcGUuZGVcL21hc2VyYXRpXC93cC1jb250ZW50XC91cGxvYWRzXC9zaXRlc1wvMTBcLzIwMjJcLzEwXC9JTUdfNjk2My0xLmpwZyIsInNsaWRlc2hvdyI6ImY3ODNhNjAifQ%3D%3D\">\n\t\t\t\t\t<div class=\"e-gallery-image elementor-gallery-item__image\" data-thumbnail=\"https:\/\/guenther-gruppe.de\/maserati\/wp-content\/uploads\/sites\/10\/2022\/10\/IMG_6963-1.jpg\" data-width=\"600\" data-height=\"800\" aria-label=\"Maserati MC20 Frontansicht im Freien bei Sonnenschein\" role=\"img\" ><\/div>\n\t\t\t\t\t\t\t\t\t\t\t<div class=\"elementor-gallery-item__overlay\"><\/div>\n\t\t\t\t\t\t\t\t\t\t\t\t\t\t<\/a>\n\t\t\t\t\t\t\t<a class=\"e-gallery-item elementor-gallery-item elementor-animated-content\" href=\"https:\/\/guenther-gruppe.de\/maserati\/wp-content\/uploads\/sites\/10\/2022\/10\/IMG_7021-1.jpg\" data-elementor-open-lightbox=\"yes\" data-elementor-lightbox-slideshow=\"f783a60\" data-elementor-lightbox-title=\"IMG_7021\" data-elementor-lightbox-description=\"Maserati in Frankfurt beim &quot;THE FRANKFURTER Summer Garden 2022&quot;\" data-e-action-hash=\"#elementor-action%3Aaction%3Dlightbox%26settings%3DeyJpZCI6MTAyMjIsInVybCI6Imh0dHBzOlwvXC9ndWVudGhlci1ncnVwcGUuZGVcL21hc2VyYXRpXC93cC1jb250ZW50XC91cGxvYWRzXC9zaXRlc1wvMTBcLzIwMjJcLzEwXC9JTUdfNzAyMS0xLmpwZyIsInNsaWRlc2hvdyI6ImY3ODNhNjAifQ%3D%3D\">\n\t\t\t\t\t<div class=\"e-gallery-image elementor-gallery-item__image\" data-thumbnail=\"https:\/\/guenther-gruppe.de\/maserati\/wp-content\/uploads\/sites\/10\/2022\/10\/IMG_7021-1.jpg\" data-width=\"800\" data-height=\"600\" aria-label=\"Maserati in Frankfurt beim &quot;THE FRANKFURTER Summer Garden 2022&quot;\" role=\"img\" ><\/div>\n\t\t\t\t\t\t\t\t\t\t\t<div class=\"elementor-gallery-item__overlay\"><\/div>\n\t\t\t\t\t\t\t\t\t\t\t\t\t\t<\/a>\n\t\t\t\t\t\t\t<a class=\"e-gallery-item elementor-gallery-item elementor-animated-content\" href=\"https:\/\/guenther-gruppe.de\/maserati\/wp-content\/uploads\/sites\/10\/2022\/10\/IMG_6961-1.jpg\" data-elementor-open-lightbox=\"yes\" data-elementor-lightbox-slideshow=\"f783a60\" data-elementor-lightbox-title=\"IMG_6961\" data-elementor-lightbox-description=\"Maserati in Frankfurt beim &quot;THE FRANKFURTER Summer Garden 2022&quot;\" data-e-action-hash=\"#elementor-action%3Aaction%3Dlightbox%26settings%3DeyJpZCI6MTAyMDEsInVybCI6Imh0dHBzOlwvXC9ndWVudGhlci1ncnVwcGUuZGVcL21hc2VyYXRpXC93cC1jb250ZW50XC91cGxvYWRzXC9zaXRlc1wvMTBcLzIwMjJcLzEwXC9JTUdfNjk2MS0xLmpwZyIsInNsaWRlc2hvdyI6ImY3ODNhNjAifQ%3D%3D\">\n\t\t\t\t\t<div class=\"e-gallery-image elementor-gallery-item__image\" data-thumbnail=\"https:\/\/guenther-gruppe.de\/maserati\/wp-content\/uploads\/sites\/10\/2022\/10\/IMG_6961-1.jpg\" data-width=\"600\" data-height=\"800\" aria-label=\"Maserati in Frankfurt beim &quot;THE FRANKFURTER Summer Garden 2022&quot;\" role=\"img\" ><\/div>\n\t\t\t\t\t\t\t\t\t\t\t<div class=\"elementor-gallery-item__overlay\"><\/div>\n\t\t\t\t\t\t\t\t\t\t\t\t\t\t<\/a>\n\t\t\t\t\t\t\t<a class=\"e-gallery-item elementor-gallery-item elementor-animated-content\" href=\"https:\/\/guenther-gruppe.de\/maserati\/wp-content\/uploads\/sites\/10\/2022\/10\/IMG_7175-1.jpg\" data-elementor-open-lightbox=\"yes\" data-elementor-lightbox-slideshow=\"f783a60\" data-elementor-lightbox-title=\"IMG_7175\" data-elementor-lightbox-description=\"Maserati in Frankfurt beim &quot;THE FRANKFURTER Summer Garden 2022&quot;\" data-e-action-hash=\"#elementor-action%3Aaction%3Dlightbox%26settings%3DeyJpZCI6MTAyNDIsInVybCI6Imh0dHBzOlwvXC9ndWVudGhlci1ncnVwcGUuZGVcL21hc2VyYXRpXC93cC1jb250ZW50XC91cGxvYWRzXC9zaXRlc1wvMTBcLzIwMjJcLzEwXC9JTUdfNzE3NS0xLmpwZyIsInNsaWRlc2hvdyI6ImY3ODNhNjAifQ%3D%3D\">\n\t\t\t\t\t<div class=\"e-gallery-image elementor-gallery-item__image\" data-thumbnail=\"https:\/\/guenther-gruppe.de\/maserati\/wp-content\/uploads\/sites\/10\/2022\/10\/IMG_7175-1.jpg\" data-width=\"800\" data-height=\"600\" aria-label=\"Maserati in Frankfurt beim &quot;THE FRANKFURTER Summer Garden 2022&quot;\" role=\"img\" ><\/div>\n\t\t\t\t\t\t\t\t\t\t\t<div class=\"elementor-gallery-item__overlay\"><\/div>\n\t\t\t\t\t\t\t\t\t\t\t\t\t\t<\/a>\n\t\t\t\t\t\t\t<a class=\"e-gallery-item elementor-gallery-item elementor-animated-content\" href=\"https:\/\/guenther-gruppe.de\/maserati\/wp-content\/uploads\/sites\/10\/2022\/10\/IMG_6940-1.jpg\" data-elementor-open-lightbox=\"yes\" data-elementor-lightbox-slideshow=\"f783a60\" data-elementor-lightbox-title=\"IMG_6940\" data-elementor-lightbox-description=\"Maserati in Frankfurt beim &quot;THE FRANKFURTER Summer Garden 2022&quot;\" data-e-action-hash=\"#elementor-action%3Aaction%3Dlightbox%26settings%3DeyJpZCI6MTAxOTQsInVybCI6Imh0dHBzOlwvXC9ndWVudGhlci1ncnVwcGUuZGVcL21hc2VyYXRpXC93cC1jb250ZW50XC91cGxvYWRzXC9zaXRlc1wvMTBcLzIwMjJcLzEwXC9JTUdfNjk0MC0xLmpwZyIsInNsaWRlc2hvdyI6ImY3ODNhNjAifQ%3D%3D\">\n\t\t\t\t\t<div class=\"e-gallery-image elementor-gallery-item__image\" data-thumbnail=\"https:\/\/guenther-gruppe.de\/maserati\/wp-content\/uploads\/sites\/10\/2022\/10\/IMG_6940-1.jpg\" data-width=\"600\" data-height=\"800\" aria-label=\"Maserati in Frankfurt beim &quot;THE FRANKFURTER Summer Garden 2022&quot;\" role=\"img\" ><\/div>\n\t\t\t\t\t\t\t\t\t\t\t<div class=\"elementor-gallery-item__overlay\"><\/div>\n\t\t\t\t\t\t\t\t\t\t\t\t\t\t<\/a>\n\t\t\t\t\t\t\t<a class=\"e-gallery-item elementor-gallery-item elementor-animated-content\" href=\"https:\/\/guenther-gruppe.de\/maserati\/wp-content\/uploads\/sites\/10\/2022\/10\/IMG_6957-1.jpg\" data-elementor-open-lightbox=\"yes\" data-elementor-lightbox-slideshow=\"f783a60\" data-elementor-lightbox-title=\"IMG_6957\" data-elementor-lightbox-description=\"Maserati in Frankfurt beim &quot;THE FRANKFURTER Summer Garden 2022&quot;\" data-e-action-hash=\"#elementor-action%3Aaction%3Dlightbox%26settings%3DeyJpZCI6MTAyMDAsInVybCI6Imh0dHBzOlwvXC9ndWVudGhlci1ncnVwcGUuZGVcL21hc2VyYXRpXC93cC1jb250ZW50XC91cGxvYWRzXC9zaXRlc1wvMTBcLzIwMjJcLzEwXC9JTUdfNjk1Ny0xLmpwZyIsInNsaWRlc2hvdyI6ImY3ODNhNjAifQ%3D%3D\">\n\t\t\t\t\t<div class=\"e-gallery-image elementor-gallery-item__image\" data-thumbnail=\"https:\/\/guenther-gruppe.de\/maserati\/wp-content\/uploads\/sites\/10\/2022\/10\/IMG_6957-1.jpg\" data-width=\"600\" data-height=\"800\" aria-label=\"Maserati in Frankfurt beim &quot;THE FRANKFURTER Summer Garden 2022&quot;\" role=\"img\" ><\/div>\n\t\t\t\t\t\t\t\t\t\t\t<div class=\"elementor-gallery-item__overlay\"><\/div>\n\t\t\t\t\t\t\t\t\t\t\t\t\t\t<\/a>\n\t\t\t\t\t\t\t<a class=\"e-gallery-item elementor-gallery-item elementor-animated-content\" href=\"https:\/\/guenther-gruppe.de\/maserati\/wp-content\/uploads\/sites\/10\/2022\/10\/IMG_6978-1.jpg\" data-elementor-open-lightbox=\"yes\" data-elementor-lightbox-slideshow=\"f783a60\" data-elementor-lightbox-title=\"Nahaufnahme eines Maserati Logos am K\u00fchlergrill eines Autos\" data-elementor-lightbox-description=\"Nahaufnahme eines Maserati Logos am K\u00fchlergrill eines Autos\" data-e-action-hash=\"#elementor-action%3Aaction%3Dlightbox%26settings%3DeyJpZCI6MTAyMDksInVybCI6Imh0dHBzOlwvXC9ndWVudGhlci1ncnVwcGUuZGVcL21hc2VyYXRpXC93cC1jb250ZW50XC91cGxvYWRzXC9zaXRlc1wvMTBcLzIwMjJcLzEwXC9JTUdfNjk3OC0xLmpwZyIsInNsaWRlc2hvdyI6ImY3ODNhNjAifQ%3D%3D\">\n\t\t\t\t\t<div class=\"e-gallery-image elementor-gallery-item__image\" data-thumbnail=\"https:\/\/guenther-gruppe.de\/maserati\/wp-content\/uploads\/sites\/10\/2022\/10\/IMG_6978-1.jpg\" data-width=\"600\" data-height=\"800\" aria-label=\"Nahaufnahme eines Maserati Logos am K\u00fchlergrill eines Autos\" role=\"img\" ><\/div>\n\t\t\t\t\t\t\t\t\t\t\t<div class=\"elementor-gallery-item__overlay\"><\/div>\n\t\t\t\t\t\t\t\t\t\t\t\t\t\t<\/a>\n\t\t\t\t\t\t\t<a class=\"e-gallery-item elementor-gallery-item elementor-animated-content\" href=\"https:\/\/guenther-gruppe.de\/maserati\/wp-content\/uploads\/sites\/10\/2022\/10\/IMG_7048-1.jpg\" data-elementor-open-lightbox=\"yes\" data-elementor-lightbox-slideshow=\"f783a60\" data-elementor-lightbox-title=\"IMG_7048\" data-elementor-lightbox-description=\"Maserati in Frankfurt beim &quot;THE FRANKFURTER Summer Garden 2022&quot;\" data-e-action-hash=\"#elementor-action%3Aaction%3Dlightbox%26settings%3DeyJpZCI6MTAyMjgsInVybCI6Imh0dHBzOlwvXC9ndWVudGhlci1ncnVwcGUuZGVcL21hc2VyYXRpXC93cC1jb250ZW50XC91cGxvYWRzXC9zaXRlc1wvMTBcLzIwMjJcLzEwXC9JTUdfNzA0OC0xLmpwZyIsInNsaWRlc2hvdyI6ImY3ODNhNjAifQ%3D%3D\">\n\t\t\t\t\t<div class=\"e-gallery-image elementor-gallery-item__image\" data-thumbnail=\"https:\/\/guenther-gruppe.de\/maserati\/wp-content\/uploads\/sites\/10\/2022\/10\/IMG_7048-1.jpg\" data-width=\"600\" data-height=\"800\" aria-label=\"Maserati in Frankfurt beim &quot;THE FRANKFURTER Summer Garden 2022&quot;\" role=\"img\" ><\/div>\n\t\t\t\t\t\t\t\t\t\t\t<div class=\"elementor-gallery-item__overlay\"><\/div>\n\t\t\t\t\t\t\t\t\t\t\t\t\t\t<\/a>\n\t\t\t\t\t\t\t<a class=\"e-gallery-item elementor-gallery-item elementor-animated-content\" href=\"https:\/\/guenther-gruppe.de\/maserati\/wp-content\/uploads\/sites\/10\/2022\/10\/IMG_7045-1.jpg\" data-elementor-open-lightbox=\"yes\" data-elementor-lightbox-slideshow=\"f783a60\" data-elementor-lightbox-title=\"IMG_7045\" data-elementor-lightbox-description=\"Maserati in Frankfurt beim &quot;THE FRANKFURTER Summer Garden 2022&quot;\" data-e-action-hash=\"#elementor-action%3Aaction%3Dlightbox%26settings%3DeyJpZCI6MTAyMjcsInVybCI6Imh0dHBzOlwvXC9ndWVudGhlci1ncnVwcGUuZGVcL21hc2VyYXRpXC93cC1jb250ZW50XC91cGxvYWRzXC9zaXRlc1wvMTBcLzIwMjJcLzEwXC9JTUdfNzA0NS0xLmpwZyIsInNsaWRlc2hvdyI6ImY3ODNhNjAifQ%3D%3D\">\n\t\t\t\t\t<div class=\"e-gallery-image elementor-gallery-item__image\" data-thumbnail=\"https:\/\/guenther-gruppe.de\/maserati\/wp-content\/uploads\/sites\/10\/2022\/10\/IMG_7045-1.jpg\" data-width=\"600\" data-height=\"800\" aria-label=\"Maserati in Frankfurt beim &quot;THE FRANKFURTER Summer Garden 2022&quot;\" role=\"img\" ><\/div>\n\t\t\t\t\t\t\t\t\t\t\t<div class=\"elementor-gallery-item__overlay\"><\/div>\n\t\t\t\t\t\t\t\t\t\t\t\t\t\t<\/a>\n\t\t\t\t\t\t\t<a class=\"e-gallery-item elementor-gallery-item elementor-animated-content\" href=\"https:\/\/guenther-gruppe.de\/maserati\/wp-content\/uploads\/sites\/10\/2022\/10\/IMG_6946-1.jpg\" data-elementor-open-lightbox=\"yes\" data-elementor-lightbox-slideshow=\"f783a60\" data-elementor-lightbox-title=\"IMG_6946\" data-elementor-lightbox-description=\"Maserati in Frankfurt beim &quot;THE FRANKFURTER Summer Garden 2022&quot;\" data-e-action-hash=\"#elementor-action%3Aaction%3Dlightbox%26settings%3DeyJpZCI6MTAxOTYsInVybCI6Imh0dHBzOlwvXC9ndWVudGhlci1ncnVwcGUuZGVcL21hc2VyYXRpXC93cC1jb250ZW50XC91cGxvYWRzXC9zaXRlc1wvMTBcLzIwMjJcLzEwXC9JTUdfNjk0Ni0xLmpwZyIsInNsaWRlc2hvdyI6ImY3ODNhNjAifQ%3D%3D\">\n\t\t\t\t\t<div class=\"e-gallery-image elementor-gallery-item__image\" data-thumbnail=\"https:\/\/guenther-gruppe.de\/maserati\/wp-content\/uploads\/sites\/10\/2022\/10\/IMG_6946-1.jpg\" data-width=\"800\" data-height=\"600\" aria-label=\"Maserati in Frankfurt beim &quot;THE FRANKFURTER Summer Garden 2022&quot;\" role=\"img\" ><\/div>\n\t\t\t\t\t\t\t\t\t\t\t<div class=\"elementor-gallery-item__overlay\"><\/div>\n\t\t\t\t\t\t\t\t\t\t\t\t\t\t<\/a>\n\t\t\t\t\t\t\t<a class=\"e-gallery-item elementor-gallery-item elementor-animated-content\" href=\"https:\/\/guenther-gruppe.de\/maserati\/wp-content\/uploads\/sites\/10\/2022\/10\/IMG_7051-1.jpg\" data-elementor-open-lightbox=\"yes\" data-elementor-lightbox-slideshow=\"f783a60\" data-elementor-lightbox-title=\"IMG_7051\" data-elementor-lightbox-description=\"Maserati in Frankfurt beim &quot;THE FRANKFURTER Summer Garden 2022&quot;\" data-e-action-hash=\"#elementor-action%3Aaction%3Dlightbox%26settings%3DeyJpZCI6MTAyMjksInVybCI6Imh0dHBzOlwvXC9ndWVudGhlci1ncnVwcGUuZGVcL21hc2VyYXRpXC93cC1jb250ZW50XC91cGxvYWRzXC9zaXRlc1wvMTBcLzIwMjJcLzEwXC9JTUdfNzA1MS0xLmpwZyIsInNsaWRlc2hvdyI6ImY3ODNhNjAifQ%3D%3D\">\n\t\t\t\t\t<div class=\"e-gallery-image elementor-gallery-item__image\" data-thumbnail=\"https:\/\/guenther-gruppe.de\/maserati\/wp-content\/uploads\/sites\/10\/2022\/10\/IMG_7051-1.jpg\" data-width=\"600\" data-height=\"800\" aria-label=\"Maserati in Frankfurt beim &quot;THE FRANKFURTER Summer Garden 2022&quot;\" role=\"img\" ><\/div>\n\t\t\t\t\t\t\t\t\t\t\t<div class=\"elementor-gallery-item__overlay\"><\/div>\n\t\t\t\t\t\t\t\t\t\t\t\t\t\t<\/a>\n\t\t\t\t\t\t\t<a class=\"e-gallery-item elementor-gallery-item elementor-animated-content\" href=\"https:\/\/guenther-gruppe.de\/maserati\/wp-content\/uploads\/sites\/10\/2022\/10\/IMG_7239-1.jpg\" data-elementor-open-lightbox=\"yes\" data-elementor-lightbox-slideshow=\"f783a60\" data-elementor-lightbox-title=\"IMG_7239\" data-elementor-lightbox-description=\"Maserati in Frankfurt beim &quot;THE FRANKFURTER Summer Garden 2022&quot;\" data-e-action-hash=\"#elementor-action%3Aaction%3Dlightbox%26settings%3DeyJpZCI6MTAyNDcsInVybCI6Imh0dHBzOlwvXC9ndWVudGhlci1ncnVwcGUuZGVcL21hc2VyYXRpXC93cC1jb250ZW50XC91cGxvYWRzXC9zaXRlc1wvMTBcLzIwMjJcLzEwXC9JTUdfNzIzOS0xLmpwZyIsInNsaWRlc2hvdyI6ImY3ODNhNjAifQ%3D%3D\">\n\t\t\t\t\t<div class=\"e-gallery-image elementor-gallery-item__image\" data-thumbnail=\"https:\/\/guenther-gruppe.de\/maserati\/wp-content\/uploads\/sites\/10\/2022\/10\/IMG_7239-1.jpg\" data-width=\"600\" data-height=\"800\" aria-label=\"Maserati in Frankfurt beim &quot;THE FRANKFURTER Summer Garden 2022&quot;\" role=\"img\" ><\/div>\n\t\t\t\t\t\t\t\t\t\t\t<div class=\"elementor-gallery-item__overlay\"><\/div>\n\t\t\t\t\t\t\t\t\t\t\t\t\t\t<\/a>\n\t\t\t\t\t\t\t<a class=\"e-gallery-item elementor-gallery-item elementor-animated-content\" href=\"https:\/\/guenther-gruppe.de\/maserati\/wp-content\/uploads\/sites\/10\/2022\/10\/IMG_6968-1.jpg\" data-elementor-open-lightbox=\"yes\" data-elementor-lightbox-slideshow=\"f783a60\" data-elementor-lightbox-title=\"Schwarzer Luxus-Sportwagen Maserati MC20 im Freien geparkt\" data-elementor-lightbox-description=\"Schwarzer Luxus-Sportwagen Maserati MC20 im Freien geparkt\" data-e-action-hash=\"#elementor-action%3Aaction%3Dlightbox%26settings%3DeyJpZCI6MTAyMDQsInVybCI6Imh0dHBzOlwvXC9ndWVudGhlci1ncnVwcGUuZGVcL21hc2VyYXRpXC93cC1jb250ZW50XC91cGxvYWRzXC9zaXRlc1wvMTBcLzIwMjJcLzEwXC9JTUdfNjk2OC0xLmpwZyIsInNsaWRlc2hvdyI6ImY3ODNhNjAifQ%3D%3D\">\n\t\t\t\t\t<div class=\"e-gallery-image elementor-gallery-item__image\" data-thumbnail=\"https:\/\/guenther-gruppe.de\/maserati\/wp-content\/uploads\/sites\/10\/2022\/10\/IMG_6968-1.jpg\" data-width=\"600\" data-height=\"800\" aria-label=\"Schwarzer Luxus-Sportwagen Maserati MC20 im Freien geparkt\" role=\"img\" ><\/div>\n\t\t\t\t\t\t\t\t\t\t\t<div class=\"elementor-gallery-item__overlay\"><\/div>\n\t\t\t\t\t\t\t\t\t\t\t\t\t\t<\/a>\n\t\t\t\t\t\t\t<a class=\"e-gallery-item elementor-gallery-item elementor-animated-content\" href=\"https:\/\/guenther-gruppe.de\/maserati\/wp-content\/uploads\/sites\/10\/2022\/10\/IMG_6977-1.jpg\" data-elementor-open-lightbox=\"yes\" data-elementor-lightbox-slideshow=\"f783a60\" data-elementor-lightbox-title=\"Maserati Emblem auf schwarzem Sportwagen K\u00fchlergrill\" data-elementor-lightbox-description=\"Maserati Emblem auf schwarzem Sportwagen K\u00fchlergrill\" data-e-action-hash=\"#elementor-action%3Aaction%3Dlightbox%26settings%3DeyJpZCI6MTAyMDgsInVybCI6Imh0dHBzOlwvXC9ndWVudGhlci1ncnVwcGUuZGVcL21hc2VyYXRpXC93cC1jb250ZW50XC91cGxvYWRzXC9zaXRlc1wvMTBcLzIwMjJcLzEwXC9JTUdfNjk3Ny0xLmpwZyIsInNsaWRlc2hvdyI6ImY3ODNhNjAifQ%3D%3D\">\n\t\t\t\t\t<div class=\"e-gallery-image elementor-gallery-item__image\" data-thumbnail=\"https:\/\/guenther-gruppe.de\/maserati\/wp-content\/uploads\/sites\/10\/2022\/10\/IMG_6977-1.jpg\" data-width=\"600\" data-height=\"800\" aria-label=\"Maserati Emblem auf schwarzem Sportwagen K\u00fchlergrill\" role=\"img\" ><\/div>\n\t\t\t\t\t\t\t\t\t\t\t<div class=\"elementor-gallery-item__overlay\"><\/div>\n\t\t\t\t\t\t\t\t\t\t\t\t\t\t<\/a>\n\t\t\t\t\t\t\t<a class=\"e-gallery-item elementor-gallery-item elementor-animated-content\" href=\"https:\/\/guenther-gruppe.de\/maserati\/wp-content\/uploads\/sites\/10\/2022\/10\/IMG_6955-1.jpg\" data-elementor-open-lightbox=\"yes\" data-elementor-lightbox-slideshow=\"f783a60\" data-elementor-lightbox-title=\"IMG_6955\" data-elementor-lightbox-description=\"Maserati in Frankfurt beim &quot;THE FRANKFURTER Summer Garden 2022&quot;\" data-e-action-hash=\"#elementor-action%3Aaction%3Dlightbox%26settings%3DeyJpZCI6MTAxOTksInVybCI6Imh0dHBzOlwvXC9ndWVudGhlci1ncnVwcGUuZGVcL21hc2VyYXRpXC93cC1jb250ZW50XC91cGxvYWRzXC9zaXRlc1wvMTBcLzIwMjJcLzEwXC9JTUdfNjk1NS0xLmpwZyIsInNsaWRlc2hvdyI6ImY3ODNhNjAifQ%3D%3D\">\n\t\t\t\t\t<div class=\"e-gallery-image elementor-gallery-item__image\" data-thumbnail=\"https:\/\/guenther-gruppe.de\/maserati\/wp-content\/uploads\/sites\/10\/2022\/10\/IMG_6955-1.jpg\" data-width=\"600\" data-height=\"800\" aria-label=\"Maserati in Frankfurt beim &quot;THE FRANKFURTER Summer Garden 2022&quot;\" role=\"img\" ><\/div>\n\t\t\t\t\t\t\t\t\t\t\t<div class=\"elementor-gallery-item__overlay\"><\/div>\n\t\t\t\t\t\t\t\t\t\t\t\t\t\t<\/a>\n\t\t\t\t\t\t\t<a class=\"e-gallery-item elementor-gallery-item elementor-animated-content\" href=\"https:\/\/guenther-gruppe.de\/maserati\/wp-content\/uploads\/sites\/10\/2022\/10\/IMG_6986-1.jpg\" data-elementor-open-lightbox=\"yes\" data-elementor-lightbox-slideshow=\"f783a60\" data-elementor-lightbox-title=\"Italienisches Sportwagen-Interieur mit MC20-Logo und Details\" data-elementor-lightbox-description=\"Italienisches Sportwagen-Interieur mit MC20-Logo und Details\" data-e-action-hash=\"#elementor-action%3Aaction%3Dlightbox%26settings%3DeyJpZCI6MTAyMTMsInVybCI6Imh0dHBzOlwvXC9ndWVudGhlci1ncnVwcGUuZGVcL21hc2VyYXRpXC93cC1jb250ZW50XC91cGxvYWRzXC9zaXRlc1wvMTBcLzIwMjJcLzEwXC9JTUdfNjk4Ni0xLmpwZyIsInNsaWRlc2hvdyI6ImY3ODNhNjAifQ%3D%3D\">\n\t\t\t\t\t<div class=\"e-gallery-image elementor-gallery-item__image\" data-thumbnail=\"https:\/\/guenther-gruppe.de\/maserati\/wp-content\/uploads\/sites\/10\/2022\/10\/IMG_6986-1.jpg\" data-width=\"600\" data-height=\"800\" aria-label=\"Italienisches Sportwagen-Interieur mit MC20-Logo und Details\" role=\"img\" ><\/div>\n\t\t\t\t\t\t\t\t\t\t\t<div class=\"elementor-gallery-item__overlay\"><\/div>\n\t\t\t\t\t\t\t\t\t\t\t\t\t\t<\/a>\n\t\t\t\t\t\t\t<a class=\"e-gallery-item elementor-gallery-item elementor-animated-content\" href=\"https:\/\/guenther-gruppe.de\/maserati\/wp-content\/uploads\/sites\/10\/2022\/10\/IMG_7010-1.jpg\" data-elementor-open-lightbox=\"yes\" data-elementor-lightbox-slideshow=\"f783a60\" data-elementor-lightbox-title=\"Mann posiert fr\u00f6hlich neben einem schwarzen Sportwagen im Freien.\" data-elementor-lightbox-description=\"Mann posiert fr\u00f6hlich neben einem schwarzen Sportwagen im Freien.\" data-e-action-hash=\"#elementor-action%3Aaction%3Dlightbox%26settings%3DeyJpZCI6MTAyMTgsInVybCI6Imh0dHBzOlwvXC9ndWVudGhlci1ncnVwcGUuZGVcL21hc2VyYXRpXC93cC1jb250ZW50XC91cGxvYWRzXC9zaXRlc1wvMTBcLzIwMjJcLzEwXC9JTUdfNzAxMC0xLmpwZyIsInNsaWRlc2hvdyI6ImY3ODNhNjAifQ%3D%3D\">\n\t\t\t\t\t<div class=\"e-gallery-image elementor-gallery-item__image\" data-thumbnail=\"https:\/\/guenther-gruppe.de\/maserati\/wp-content\/uploads\/sites\/10\/2022\/10\/IMG_7010-1.jpg\" data-width=\"600\" data-height=\"800\" aria-label=\"Mann posiert fr\u00f6hlich neben einem schwarzen Sportwagen im Freien.\" role=\"img\" ><\/div>\n\t\t\t\t\t\t\t\t\t\t\t<div class=\"elementor-gallery-item__overlay\"><\/div>\n\t\t\t\t\t\t\t\t\t\t\t\t\t\t<\/a>\n\t\t\t\t\t\t\t<a class=\"e-gallery-item elementor-gallery-item elementor-animated-content\" href=\"https:\/\/guenther-gruppe.de\/maserati\/wp-content\/uploads\/sites\/10\/2022\/10\/IMG_7071-1.jpg\" data-elementor-open-lightbox=\"yes\" data-elementor-lightbox-slideshow=\"f783a60\" data-elementor-lightbox-title=\"IMG_7071\" data-elementor-lightbox-description=\"Maserati in Frankfurt beim &quot;THE FRANKFURTER Summer Garden 2022&quot;\" data-e-action-hash=\"#elementor-action%3Aaction%3Dlightbox%26settings%3DeyJpZCI6MTAyMzMsInVybCI6Imh0dHBzOlwvXC9ndWVudGhlci1ncnVwcGUuZGVcL21hc2VyYXRpXC93cC1jb250ZW50XC91cGxvYWRzXC9zaXRlc1wvMTBcLzIwMjJcLzEwXC9JTUdfNzA3MS0xLmpwZyIsInNsaWRlc2hvdyI6ImY3ODNhNjAifQ%3D%3D\">\n\t\t\t\t\t<div class=\"e-gallery-image elementor-gallery-item__image\" data-thumbnail=\"https:\/\/guenther-gruppe.de\/maserati\/wp-content\/uploads\/sites\/10\/2022\/10\/IMG_7071-1.jpg\" data-width=\"600\" data-height=\"800\" aria-label=\"Maserati in Frankfurt beim &quot;THE FRANKFURTER Summer Garden 2022&quot;\" role=\"img\" ><\/div>\n\t\t\t\t\t\t\t\t\t\t\t<div class=\"elementor-gallery-item__overlay\"><\/div>\n\t\t\t\t\t\t\t\t\t\t\t\t\t\t<\/a>\n\t\t\t\t\t\t\t<a class=\"e-gallery-item elementor-gallery-item elementor-animated-content\" href=\"https:\/\/guenther-gruppe.de\/maserati\/wp-content\/uploads\/sites\/10\/2022\/10\/IMG_6953-1.jpg\" data-elementor-open-lightbox=\"yes\" data-elementor-lightbox-slideshow=\"f783a60\" data-elementor-lightbox-title=\"IMG_6953\" data-elementor-lightbox-description=\"Maserati in Frankfurt beim &quot;THE FRANKFURTER Summer Garden 2022&quot;\" data-e-action-hash=\"#elementor-action%3Aaction%3Dlightbox%26settings%3DeyJpZCI6MTAxOTgsInVybCI6Imh0dHBzOlwvXC9ndWVudGhlci1ncnVwcGUuZGVcL21hc2VyYXRpXC93cC1jb250ZW50XC91cGxvYWRzXC9zaXRlc1wvMTBcLzIwMjJcLzEwXC9JTUdfNjk1My0xLmpwZyIsInNsaWRlc2hvdyI6ImY3ODNhNjAifQ%3D%3D\">\n\t\t\t\t\t<div class=\"e-gallery-image elementor-gallery-item__image\" data-thumbnail=\"https:\/\/guenther-gruppe.de\/maserati\/wp-content\/uploads\/sites\/10\/2022\/10\/IMG_6953-1.jpg\" data-width=\"600\" data-height=\"800\" aria-label=\"Maserati in Frankfurt beim &quot;THE FRANKFURTER Summer Garden 2022&quot;\" role=\"img\" ><\/div>\n\t\t\t\t\t\t\t\t\t\t\t<div class=\"elementor-gallery-item__overlay\"><\/div>\n\t\t\t\t\t\t\t\t\t\t\t\t\t\t<\/a>\n\t\t\t\t\t\t\t<a class=\"e-gallery-item elementor-gallery-item elementor-animated-content\" href=\"https:\/\/guenther-gruppe.de\/maserati\/wp-content\/uploads\/sites\/10\/2022\/10\/IMG_7016-1.jpg\" data-elementor-open-lightbox=\"yes\" data-elementor-lightbox-slideshow=\"f783a60\" data-elementor-lightbox-title=\"IMG_7016\" data-elementor-lightbox-description=\"Maserati in Frankfurt beim &quot;THE FRANKFURTER Summer Garden 2022&quot;\" data-e-action-hash=\"#elementor-action%3Aaction%3Dlightbox%26settings%3DeyJpZCI6MTAyMjEsInVybCI6Imh0dHBzOlwvXC9ndWVudGhlci1ncnVwcGUuZGVcL21hc2VyYXRpXC93cC1jb250ZW50XC91cGxvYWRzXC9zaXRlc1wvMTBcLzIwMjJcLzEwXC9JTUdfNzAxNi0xLmpwZyIsInNsaWRlc2hvdyI6ImY3ODNhNjAifQ%3D%3D\">\n\t\t\t\t\t<div class=\"e-gallery-image elementor-gallery-item__image\" data-thumbnail=\"https:\/\/guenther-gruppe.de\/maserati\/wp-content\/uploads\/sites\/10\/2022\/10\/IMG_7016-1.jpg\" data-width=\"600\" data-height=\"800\" aria-label=\"Maserati in Frankfurt beim &quot;THE FRANKFURTER Summer Garden 2022&quot;\" role=\"img\" ><\/div>\n\t\t\t\t\t\t\t\t\t\t\t<div class=\"elementor-gallery-item__overlay\"><\/div>\n\t\t\t\t\t\t\t\t\t\t\t\t\t\t<\/a>\n\t\t\t\t\t\t\t<a class=\"e-gallery-item elementor-gallery-item elementor-animated-content\" href=\"https:\/\/guenther-gruppe.de\/maserati\/wp-content\/uploads\/sites\/10\/2022\/10\/IMG_7041-1.jpg\" data-elementor-open-lightbox=\"yes\" data-elementor-lightbox-slideshow=\"f783a60\" data-elementor-lightbox-title=\"IMG_7041\" data-elementor-lightbox-description=\"Maserati in Frankfurt beim &quot;THE FRANKFURTER Summer Garden 2022&quot;\" data-e-action-hash=\"#elementor-action%3Aaction%3Dlightbox%26settings%3DeyJpZCI6MTAyMjYsInVybCI6Imh0dHBzOlwvXC9ndWVudGhlci1ncnVwcGUuZGVcL21hc2VyYXRpXC93cC1jb250ZW50XC91cGxvYWRzXC9zaXRlc1wvMTBcLzIwMjJcLzEwXC9JTUdfNzA0MS0xLmpwZyIsInNsaWRlc2hvdyI6ImY3ODNhNjAifQ%3D%3D\">\n\t\t\t\t\t<div class=\"e-gallery-image elementor-gallery-item__image\" data-thumbnail=\"https:\/\/guenther-gruppe.de\/maserati\/wp-content\/uploads\/sites\/10\/2022\/10\/IMG_7041-1.jpg\" data-width=\"800\" data-height=\"600\" aria-label=\"Maserati in Frankfurt beim &quot;THE FRANKFURTER Summer Garden 2022&quot;\" role=\"img\" ><\/div>\n\t\t\t\t\t\t\t\t\t\t\t<div class=\"elementor-gallery-item__overlay\"><\/div>\n\t\t\t\t\t\t\t\t\t\t\t\t\t\t<\/a>\n\t\t\t\t\t\t\t<a class=\"e-gallery-item elementor-gallery-item elementor-animated-content\" href=\"https:\/\/guenther-gruppe.de\/maserati\/wp-content\/uploads\/sites\/10\/2022\/10\/IMG_7243-1.jpg\" data-elementor-open-lightbox=\"yes\" data-elementor-lightbox-slideshow=\"f783a60\" data-elementor-lightbox-title=\"IMG_7243\" data-elementor-lightbox-description=\"Maserati in Frankfurt beim &quot;THE FRANKFURTER Summer Garden 2022&quot;\" data-e-action-hash=\"#elementor-action%3Aaction%3Dlightbox%26settings%3DeyJpZCI6MTAyNDYsInVybCI6Imh0dHBzOlwvXC9ndWVudGhlci1ncnVwcGUuZGVcL21hc2VyYXRpXC93cC1jb250ZW50XC91cGxvYWRzXC9zaXRlc1wvMTBcLzIwMjJcLzEwXC9JTUdfNzI0My0xLmpwZyIsInNsaWRlc2hvdyI6ImY3ODNhNjAifQ%3D%3D\">\n\t\t\t\t\t<div class=\"e-gallery-image elementor-gallery-item__image\" data-thumbnail=\"https:\/\/guenther-gruppe.de\/maserati\/wp-content\/uploads\/sites\/10\/2022\/10\/IMG_7243-1.jpg\" data-width=\"800\" data-height=\"600\" aria-label=\"Maserati in Frankfurt beim &quot;THE FRANKFURTER Summer Garden 2022&quot;\" role=\"img\" ><\/div>\n\t\t\t\t\t\t\t\t\t\t\t<div class=\"elementor-gallery-item__overlay\"><\/div>\n\t\t\t\t\t\t\t\t\t\t\t\t\t\t<\/a>\n\t\t\t\t\t\t\t<a class=\"e-gallery-item elementor-gallery-item elementor-animated-content\" href=\"https:\/\/guenther-gruppe.de\/maserati\/wp-content\/uploads\/sites\/10\/2022\/10\/IMG_6965-1.jpg\" data-elementor-open-lightbox=\"yes\" data-elementor-lightbox-slideshow=\"f783a60\" data-elementor-lightbox-title=\"Schwarzer Maserati MC20 mit offenen Fl\u00fcgelt\u00fcren im Freien\" data-elementor-lightbox-description=\"Schwarzer Maserati MC20 mit offenen Fl\u00fcgelt\u00fcren im Freien\" data-e-action-hash=\"#elementor-action%3Aaction%3Dlightbox%26settings%3DeyJpZCI6MTAyMDMsInVybCI6Imh0dHBzOlwvXC9ndWVudGhlci1ncnVwcGUuZGVcL21hc2VyYXRpXC93cC1jb250ZW50XC91cGxvYWRzXC9zaXRlc1wvMTBcLzIwMjJcLzEwXC9JTUdfNjk2NS0xLmpwZyIsInNsaWRlc2hvdyI6ImY3ODNhNjAifQ%3D%3D\">\n\t\t\t\t\t<div class=\"e-gallery-image elementor-gallery-item__image\" data-thumbnail=\"https:\/\/guenther-gruppe.de\/maserati\/wp-content\/uploads\/sites\/10\/2022\/10\/IMG_6965-1.jpg\" data-width=\"600\" data-height=\"800\" aria-label=\"Schwarzer Maserati MC20 mit offenen Fl\u00fcgelt\u00fcren im Freien\" role=\"img\" ><\/div>\n\t\t\t\t\t\t\t\t\t\t\t<div class=\"elementor-gallery-item__overlay\"><\/div>\n\t\t\t\t\t\t\t\t\t\t\t\t\t\t<\/a>\n\t\t\t\t\t\t\t<a class=\"e-gallery-item elementor-gallery-item elementor-animated-content\" href=\"https:\/\/guenther-gruppe.de\/maserati\/wp-content\/uploads\/sites\/10\/2022\/10\/IMG_7061-1.jpg\" data-elementor-open-lightbox=\"yes\" data-elementor-lightbox-slideshow=\"f783a60\" data-elementor-lightbox-title=\"IMG_7061\" data-elementor-lightbox-description=\"Maserati in Frankfurt beim &quot;THE FRANKFURTER Summer Garden 2022&quot;\" data-e-action-hash=\"#elementor-action%3Aaction%3Dlightbox%26settings%3DeyJpZCI6MTAyMzEsInVybCI6Imh0dHBzOlwvXC9ndWVudGhlci1ncnVwcGUuZGVcL21hc2VyYXRpXC93cC1jb250ZW50XC91cGxvYWRzXC9zaXRlc1wvMTBcLzIwMjJcLzEwXC9JTUdfNzA2MS0xLmpwZyIsInNsaWRlc2hvdyI6ImY3ODNhNjAifQ%3D%3D\">\n\t\t\t\t\t<div class=\"e-gallery-image elementor-gallery-item__image\" data-thumbnail=\"https:\/\/guenther-gruppe.de\/maserati\/wp-content\/uploads\/sites\/10\/2022\/10\/IMG_7061-1.jpg\" data-width=\"600\" data-height=\"800\" aria-label=\"Maserati in Frankfurt beim &quot;THE FRANKFURTER Summer Garden 2022&quot;\" role=\"img\" ><\/div>\n\t\t\t\t\t\t\t\t\t\t\t<div class=\"elementor-gallery-item__overlay\"><\/div>\n\t\t\t\t\t\t\t\t\t\t\t\t\t\t<\/a>\n\t\t\t\t\t\t\t<a class=\"e-gallery-item elementor-gallery-item elementor-animated-content\" href=\"https:\/\/guenther-gruppe.de\/maserati\/wp-content\/uploads\/sites\/10\/2022\/10\/IMG_7013-1.jpg\" data-elementor-open-lightbox=\"yes\" data-elementor-lightbox-slideshow=\"f783a60\" data-elementor-lightbox-title=\"IMG_7013\" data-elementor-lightbox-description=\"Maserati in Frankfurt beim &quot;THE FRANKFURTER Summer Garden 2022&quot;\" data-e-action-hash=\"#elementor-action%3Aaction%3Dlightbox%26settings%3DeyJpZCI6MTAyMjAsInVybCI6Imh0dHBzOlwvXC9ndWVudGhlci1ncnVwcGUuZGVcL21hc2VyYXRpXC93cC1jb250ZW50XC91cGxvYWRzXC9zaXRlc1wvMTBcLzIwMjJcLzEwXC9JTUdfNzAxMy0xLmpwZyIsInNsaWRlc2hvdyI6ImY3ODNhNjAifQ%3D%3D\">\n\t\t\t\t\t<div class=\"e-gallery-image elementor-gallery-item__image\" data-thumbnail=\"https:\/\/guenther-gruppe.de\/maserati\/wp-content\/uploads\/sites\/10\/2022\/10\/IMG_7013-1.jpg\" data-width=\"600\" data-height=\"800\" aria-label=\"Maserati in Frankfurt beim &quot;THE FRANKFURTER Summer Garden 2022&quot;\" role=\"img\" ><\/div>\n\t\t\t\t\t\t\t\t\t\t\t<div class=\"elementor-gallery-item__overlay\"><\/div>\n\t\t\t\t\t\t\t\t\t\t\t\t\t\t<\/a>\n\t\t\t\t\t\t\t<a class=\"e-gallery-item elementor-gallery-item elementor-animated-content\" href=\"https:\/\/guenther-gruppe.de\/maserati\/wp-content\/uploads\/sites\/10\/2022\/10\/IMG_7105-1.jpg\" data-elementor-open-lightbox=\"yes\" data-elementor-lightbox-slideshow=\"f783a60\" data-elementor-lightbox-title=\"IMG_7105\" data-elementor-lightbox-description=\"Maserati in Frankfurt beim &quot;THE FRANKFURTER Summer Garden 2022&quot;\" data-e-action-hash=\"#elementor-action%3Aaction%3Dlightbox%26settings%3DeyJpZCI6MTAyMzksInVybCI6Imh0dHBzOlwvXC9ndWVudGhlci1ncnVwcGUuZGVcL21hc2VyYXRpXC93cC1jb250ZW50XC91cGxvYWRzXC9zaXRlc1wvMTBcLzIwMjJcLzEwXC9JTUdfNzEwNS0xLmpwZyIsInNsaWRlc2hvdyI6ImY3ODNhNjAifQ%3D%3D\">\n\t\t\t\t\t<div class=\"e-gallery-image elementor-gallery-item__image\" data-thumbnail=\"https:\/\/guenther-gruppe.de\/maserati\/wp-content\/uploads\/sites\/10\/2022\/10\/IMG_7105-1.jpg\" data-width=\"800\" data-height=\"600\" aria-label=\"Maserati in Frankfurt beim &quot;THE FRANKFURTER Summer Garden 2022&quot;\" role=\"img\" ><\/div>\n\t\t\t\t\t\t\t\t\t\t\t<div class=\"elementor-gallery-item__overlay\"><\/div>\n\t\t\t\t\t\t\t\t\t\t\t\t\t\t<\/a>\n\t\t\t\t\t\t\t<a class=\"e-gallery-item elementor-gallery-item elementor-animated-content\" href=\"https:\/\/guenther-gruppe.de\/maserati\/wp-content\/uploads\/sites\/10\/2022\/10\/IMG_7073-1.jpg\" data-elementor-open-lightbox=\"yes\" data-elementor-lightbox-slideshow=\"f783a60\" data-elementor-lightbox-title=\"IMG_7073\" data-elementor-lightbox-description=\"Maserati in Frankfurt beim &quot;THE FRANKFURTER Summer Garden 2022&quot;\" data-e-action-hash=\"#elementor-action%3Aaction%3Dlightbox%26settings%3DeyJpZCI6MTAyMzQsInVybCI6Imh0dHBzOlwvXC9ndWVudGhlci1ncnVwcGUuZGVcL21hc2VyYXRpXC93cC1jb250ZW50XC91cGxvYWRzXC9zaXRlc1wvMTBcLzIwMjJcLzEwXC9JTUdfNzA3My0xLmpwZyIsInNsaWRlc2hvdyI6ImY3ODNhNjAifQ%3D%3D\">\n\t\t\t\t\t<div class=\"e-gallery-image elementor-gallery-item__image\" data-thumbnail=\"https:\/\/guenther-gruppe.de\/maserati\/wp-content\/uploads\/sites\/10\/2022\/10\/IMG_7073-1.jpg\" data-width=\"600\" data-height=\"800\" aria-label=\"Maserati in Frankfurt beim &quot;THE FRANKFURTER Summer Garden 2022&quot;\" role=\"img\" ><\/div>\n\t\t\t\t\t\t\t\t\t\t\t<div class=\"elementor-gallery-item__overlay\"><\/div>\n\t\t\t\t\t\t\t\t\t\t\t\t\t\t<\/a>\n\t\t\t\t\t\t\t<a class=\"e-gallery-item elementor-gallery-item elementor-animated-content\" href=\"https:\/\/guenther-gruppe.de\/maserati\/wp-content\/uploads\/sites\/10\/2022\/10\/IMG_7067-1.jpg\" data-elementor-open-lightbox=\"yes\" data-elementor-lightbox-slideshow=\"f783a60\" data-elementor-lightbox-title=\"IMG_7067\" data-elementor-lightbox-description=\"Maserati in Frankfurt beim &quot;THE FRANKFURTER Summer Garden 2022&quot;\" data-e-action-hash=\"#elementor-action%3Aaction%3Dlightbox%26settings%3DeyJpZCI6MTAyMzIsInVybCI6Imh0dHBzOlwvXC9ndWVudGhlci1ncnVwcGUuZGVcL21hc2VyYXRpXC93cC1jb250ZW50XC91cGxvYWRzXC9zaXRlc1wvMTBcLzIwMjJcLzEwXC9JTUdfNzA2Ny0xLmpwZyIsInNsaWRlc2hvdyI6ImY3ODNhNjAifQ%3D%3D\">\n\t\t\t\t\t<div class=\"e-gallery-image elementor-gallery-item__image\" data-thumbnail=\"https:\/\/guenther-gruppe.de\/maserati\/wp-content\/uploads\/sites\/10\/2022\/10\/IMG_7067-1.jpg\" data-width=\"600\" data-height=\"800\" aria-label=\"Maserati in Frankfurt beim &quot;THE FRANKFURTER Summer Garden 2022&quot;\" role=\"img\" ><\/div>\n\t\t\t\t\t\t\t\t\t\t\t<div class=\"elementor-gallery-item__overlay\"><\/div>\n\t\t\t\t\t\t\t\t\t\t\t\t\t\t<\/a>\n\t\t\t\t\t\t\t<a class=\"e-gallery-item elementor-gallery-item elementor-animated-content\" href=\"https:\/\/guenther-gruppe.de\/maserati\/wp-content\/uploads\/sites\/10\/2022\/10\/IMG_7026-1.jpg\" data-elementor-open-lightbox=\"yes\" data-elementor-lightbox-slideshow=\"f783a60\" data-elementor-lightbox-title=\"IMG_7026\" data-elementor-lightbox-description=\"Maserati in Frankfurt beim &quot;THE FRANKFURTER Summer Garden 2022&quot;\" data-e-action-hash=\"#elementor-action%3Aaction%3Dlightbox%26settings%3DeyJpZCI6MTAyMjQsInVybCI6Imh0dHBzOlwvXC9ndWVudGhlci1ncnVwcGUuZGVcL21hc2VyYXRpXC93cC1jb250ZW50XC91cGxvYWRzXC9zaXRlc1wvMTBcLzIwMjJcLzEwXC9JTUdfNzAyNi0xLmpwZyIsInNsaWRlc2hvdyI6ImY3ODNhNjAifQ%3D%3D\">\n\t\t\t\t\t<div class=\"e-gallery-image elementor-gallery-item__image\" data-thumbnail=\"https:\/\/guenther-gruppe.de\/maserati\/wp-content\/uploads\/sites\/10\/2022\/10\/IMG_7026-1.jpg\" data-width=\"600\" data-height=\"800\" aria-label=\"Maserati in Frankfurt beim &quot;THE FRANKFURTER Summer Garden 2022&quot;\" role=\"img\" ><\/div>\n\t\t\t\t\t\t\t\t\t\t\t<div class=\"elementor-gallery-item__overlay\"><\/div>\n\t\t\t\t\t\t\t\t\t\t\t\t\t\t<\/a>\n\t\t\t\t\t\t\t<a class=\"e-gallery-item elementor-gallery-item elementor-animated-content\" href=\"https:\/\/guenther-gruppe.de\/maserati\/wp-content\/uploads\/sites\/10\/2022\/10\/IMG_7096-1.jpg\" data-elementor-open-lightbox=\"yes\" data-elementor-lightbox-slideshow=\"f783a60\" data-elementor-lightbox-title=\"IMG_7096\" data-elementor-lightbox-description=\"Maserati in Frankfurt beim &quot;THE FRANKFURTER Summer Garden 2022&quot;\" data-e-action-hash=\"#elementor-action%3Aaction%3Dlightbox%26settings%3DeyJpZCI6MTAyMzgsInVybCI6Imh0dHBzOlwvXC9ndWVudGhlci1ncnVwcGUuZGVcL21hc2VyYXRpXC93cC1jb250ZW50XC91cGxvYWRzXC9zaXRlc1wvMTBcLzIwMjJcLzEwXC9JTUdfNzA5Ni0xLmpwZyIsInNsaWRlc2hvdyI6ImY3ODNhNjAifQ%3D%3D\">\n\t\t\t\t\t<div class=\"e-gallery-image elementor-gallery-item__image\" data-thumbnail=\"https:\/\/guenther-gruppe.de\/maserati\/wp-content\/uploads\/sites\/10\/2022\/10\/IMG_7096-1.jpg\" data-width=\"600\" data-height=\"800\" aria-label=\"Maserati in Frankfurt beim &quot;THE FRANKFURTER Summer Garden 2022&quot;\" role=\"img\" ><\/div>\n\t\t\t\t\t\t\t\t\t\t\t<div class=\"elementor-gallery-item__overlay\"><\/div>\n\t\t\t\t\t\t\t\t\t\t\t\t\t\t<\/a>\n\t\t\t\t\t\t\t<a class=\"e-gallery-item elementor-gallery-item elementor-animated-content\" href=\"https:\/\/guenther-gruppe.de\/maserati\/wp-content\/uploads\/sites\/10\/2022\/10\/IMG_6973-1.jpg\" data-elementor-open-lightbox=\"yes\" data-elementor-lightbox-slideshow=\"f783a60\" data-elementor-lightbox-title=\"Nahaufnahme von Radfelge mit gelbem Bremssattel Autozubeh\u00f6r\" data-elementor-lightbox-description=\"Nahaufnahme von Radfelge mit gelbem Bremssattel Autozubeh\u00f6r\" data-e-action-hash=\"#elementor-action%3Aaction%3Dlightbox%26settings%3DeyJpZCI6MTAyMDYsInVybCI6Imh0dHBzOlwvXC9ndWVudGhlci1ncnVwcGUuZGVcL21hc2VyYXRpXC93cC1jb250ZW50XC91cGxvYWRzXC9zaXRlc1wvMTBcLzIwMjJcLzEwXC9JTUdfNjk3My0xLmpwZyIsInNsaWRlc2hvdyI6ImY3ODNhNjAifQ%3D%3D\">\n\t\t\t\t\t<div class=\"e-gallery-image elementor-gallery-item__image\" data-thumbnail=\"https:\/\/guenther-gruppe.de\/maserati\/wp-content\/uploads\/sites\/10\/2022\/10\/IMG_6973-1.jpg\" data-width=\"600\" data-height=\"800\" aria-label=\"Nahaufnahme von Radfelge mit gelbem Bremssattel Autozubeh\u00f6r\" role=\"img\" ><\/div>\n\t\t\t\t\t\t\t\t\t\t\t<div class=\"elementor-gallery-item__overlay\"><\/div>\n\t\t\t\t\t\t\t\t\t\t\t\t\t\t<\/a>\n\t\t\t\t\t\t\t<a class=\"e-gallery-item elementor-gallery-item elementor-animated-content\" href=\"https:\/\/guenther-gruppe.de\/maserati\/wp-content\/uploads\/sites\/10\/2022\/10\/IMG_7025-1.jpg\" data-elementor-open-lightbox=\"yes\" data-elementor-lightbox-slideshow=\"f783a60\" data-elementor-lightbox-title=\"IMG_7025\" data-elementor-lightbox-description=\"Maserati in Frankfurt beim &quot;THE FRANKFURTER Summer Garden 2022&quot;\" data-e-action-hash=\"#elementor-action%3Aaction%3Dlightbox%26settings%3DeyJpZCI6MTAyMjMsInVybCI6Imh0dHBzOlwvXC9ndWVudGhlci1ncnVwcGUuZGVcL21hc2VyYXRpXC93cC1jb250ZW50XC91cGxvYWRzXC9zaXRlc1wvMTBcLzIwMjJcLzEwXC9JTUdfNzAyNS0xLmpwZyIsInNsaWRlc2hvdyI6ImY3ODNhNjAifQ%3D%3D\">\n\t\t\t\t\t<div class=\"e-gallery-image elementor-gallery-item__image\" data-thumbnail=\"https:\/\/guenther-gruppe.de\/maserati\/wp-content\/uploads\/sites\/10\/2022\/10\/IMG_7025-1.jpg\" data-width=\"600\" data-height=\"800\" aria-label=\"Maserati in Frankfurt beim &quot;THE FRANKFURTER Summer Garden 2022&quot;\" role=\"img\" ><\/div>\n\t\t\t\t\t\t\t\t\t\t\t<div class=\"elementor-gallery-item__overlay\"><\/div>\n\t\t\t\t\t\t\t\t\t\t\t\t\t\t<\/a>\n\t\t\t\t\t\t\t<a class=\"e-gallery-item elementor-gallery-item elementor-animated-content\" href=\"https:\/\/guenther-gruppe.de\/maserati\/wp-content\/uploads\/sites\/10\/2022\/10\/IMG_6999-1.jpg\" data-elementor-open-lightbox=\"yes\" data-elementor-lightbox-slideshow=\"f783a60\" data-elementor-lightbox-title=\"Eleganter Mann neben einem stilvollen schwarzen Auto drau\u00dfen\" data-elementor-lightbox-description=\"Eleganter Mann neben einem stilvollen schwarzen Auto drau\u00dfen\" data-e-action-hash=\"#elementor-action%3Aaction%3Dlightbox%26settings%3DeyJpZCI6MTAyMTUsInVybCI6Imh0dHBzOlwvXC9ndWVudGhlci1ncnVwcGUuZGVcL21hc2VyYXRpXC93cC1jb250ZW50XC91cGxvYWRzXC9zaXRlc1wvMTBcLzIwMjJcLzEwXC9JTUdfNjk5OS0xLmpwZyIsInNsaWRlc2hvdyI6ImY3ODNhNjAifQ%3D%3D\">\n\t\t\t\t\t<div class=\"e-gallery-image elementor-gallery-item__image\" data-thumbnail=\"https:\/\/guenther-gruppe.de\/maserati\/wp-content\/uploads\/sites\/10\/2022\/10\/IMG_6999-1.jpg\" data-width=\"600\" data-height=\"800\" aria-label=\"Eleganter Mann neben einem stilvollen schwarzen Auto drau\u00dfen\" role=\"img\" ><\/div>\n\t\t\t\t\t\t\t\t\t\t\t<div class=\"elementor-gallery-item__overlay\"><\/div>\n\t\t\t\t\t\t\t\t\t\t\t\t\t\t<\/a>\n\t\t\t\t\t\t\t<a class=\"e-gallery-item elementor-gallery-item elementor-animated-content\" href=\"https:\/\/guenther-gruppe.de\/maserati\/wp-content\/uploads\/sites\/10\/2022\/10\/IMG_7225.jpg\" data-elementor-open-lightbox=\"yes\" data-elementor-lightbox-slideshow=\"f783a60\" data-elementor-lightbox-title=\"IMG_7225\" data-elementor-lightbox-description=\"Maserati in Frankfurt beim &quot;THE FRANKFURTER Summer Garden 2022&quot;\" data-e-action-hash=\"#elementor-action%3Aaction%3Dlightbox%26settings%3DeyJpZCI6MTAyNDUsInVybCI6Imh0dHBzOlwvXC9ndWVudGhlci1ncnVwcGUuZGVcL21hc2VyYXRpXC93cC1jb250ZW50XC91cGxvYWRzXC9zaXRlc1wvMTBcLzIwMjJcLzEwXC9JTUdfNzIyNS5qcGciLCJzbGlkZXNob3ciOiJmNzgzYTYwIn0%3D\">\n\t\t\t\t\t<div class=\"e-gallery-image elementor-gallery-item__image\" data-thumbnail=\"https:\/\/guenther-gruppe.de\/maserati\/wp-content\/uploads\/sites\/10\/2022\/10\/IMG_7225.jpg\" data-width=\"800\" data-height=\"600\" aria-label=\"Maserati in Frankfurt beim &quot;THE FRANKFURTER Summer Garden 2022&quot;\" role=\"img\" ><\/div>\n\t\t\t\t\t\t\t\t\t\t\t<div class=\"elementor-gallery-item__overlay\"><\/div>\n\t\t\t\t\t\t\t\t\t\t\t\t\t\t<\/a>\n\t\t\t\t\t<\/div>\n\t\t\t\t\t<\/div>\n\t\t\t\t<\/div>\n\t\t\t\t\t<\/div>\n\t\t<\/div>\n\t\t\t\t\t<\/div>\n\t\t<\/section>\n\t\t\t\t<\/div>\n\t\t","protected":false},"excerpt":{"rendered":"<p>THE FRANKFURTER Summer Garden 2022: Ein ganz besonderes Sommerfest mit interssanten Menschen und tollen Maseratis von Autohaus G\u00fcnther.<\/p>\n","protected":false},"author":10,"featured_media":10214,"comment_status":"closed","ping_status":"open","sticky":false,"template":"","format":"standard","meta":{"_acf_changed":false,"site-sidebar-layout":"default","site-content-layout":"default","ast-site-content-layout":"default","site-content-style":"default","site-sidebar-style":"default","ast-global-header-display":"","ast-banner-title-visibility":"","ast-main-header-display":"","ast-hfb-above-header-display":"","ast-hfb-below-header-display":"","ast-hfb-mobile-header-display":"","site-post-title":"","ast-breadcrumbs-content":"","ast-featured-img":"","footer-sml-layout":"","theme-transparent-header-meta":"default","adv-header-id-meta":"","stick-header-meta":"","header-above-stick-meta":"","header-main-stick-meta":"","header-below-stick-meta":"","astra-migrate-meta-layouts":"default","ast-page-background-enabled":"default","ast-page-background-meta":{"desktop":{"background-color":"","background-image":"","background-repeat":"repeat","background-position":"center center","background-size":"auto","background-attachment":"scroll","background-type":"","background-media":"","overlay-type":"","overlay-color":"","overlay-opacity":"","overlay-gradient":""},"tablet":{"background-color":"","background-image":"","background-repeat":"repeat","background-position":"center center","background-size":"auto","background-attachment":"scroll","background-type":"","background-media":"","overlay-type":"","overlay-color":"","overlay-opacity":"","overlay-gradient":""},"mobile":{"background-color":"","background-image":"","background-repeat":"repeat","background-position":"center center","background-size":"auto","background-attachment":"scroll","background-type":"","background-media":"","overlay-type":"","overlay-color":"","overlay-opacity":"","overlay-gradient":""}},"ast-content-background-meta":{"desktop":{"background-color":"var(--ast-global-color-5)","background-image":"","background-repeat":"repeat","background-position":"center center","background-size":"auto","background-attachment":"scroll","background-type":"","background-media":"","overlay-type":"","overlay-color":"","overlay-opacity":"","overlay-gradient":""},"tablet":{"background-color":"var(--ast-global-color-5)","background-image":"","background-repeat":"repeat","background-position":"center center","background-size":"auto","background-attachment":"scroll","background-type":"","background-media":"","overlay-type":"","overlay-color":"","overlay-opacity":"","overlay-gradient":""},"mobile":{"background-color":"var(--ast-global-color-5)","background-image":"","background-repeat":"repeat","background-position":"center center","background-size":"auto","background-attachment":"scroll","background-type":"","background-media":"","overlay-type":"","overlay-color":"","overlay-opacity":"","overlay-gradient":""}},"footnotes":""},"categories":[28,2044],"tags":[25,41,2045],"class_list":["post-10028","post","type-post","status-publish","format-standard","has-post-thumbnail","hentry","category-aktuell","category-frankfurt","tag-autohaus-guenther","tag-frankfurt","tag-summer-garden-2022"],"acf":[],"yoast_head":"<!-- This site is optimized with the Yoast SEO plugin v26.5 - https:\/\/yoast.com\/wordpress\/plugins\/seo\/ -->\n<title>THE FRANKFURTER Summer Garden 2022 I Autohaus G\u00fcnther GmbH<\/title>\n<meta name=\"description\" content=\"THE FRANKFURTER Summer Garden 2022: Ein ganz besonderes Sommerfest mit interssanten Menschen und tollen Maseratis von Autohaus G\u00fcnther.\" \/>\n<meta name=\"robots\" content=\"index, follow, max-snippet:-1, max-image-preview:large, max-video-preview:-1\" \/>\n<link rel=\"canonical\" href=\"https:\/\/guenther-gruppe.de\/maserati\/the-frankfurter-summer-garden-2022\/\" \/>\n<meta property=\"og:locale\" content=\"de_DE\" \/>\n<meta property=\"og:type\" content=\"article\" \/>\n<meta property=\"og:title\" content=\"THE FRANKFURTER Summer Garden 2022 I Autohaus G\u00fcnther GmbH\" \/>\n<meta property=\"og:description\" content=\"THE FRANKFURTER Summer Garden 2022: Ein ganz besonderes Sommerfest mit interssanten Menschen und tollen Maseratis von Autohaus G\u00fcnther.\" \/>\n<meta property=\"og:url\" content=\"https:\/\/guenther-gruppe.de\/maserati\/the-frankfurter-summer-garden-2022\/\" \/>\n<meta property=\"og:site_name\" content=\"Autohaus G\u00fcnther GmbH - Maserati Vertragsh\u00e4ndler\" \/>\n<meta property=\"article:published_time\" content=\"2022-10-08T12:46:23+00:00\" \/>\n<meta property=\"article:modified_time\" content=\"2024-04-24T13:12:17+00:00\" \/>\n<meta property=\"og:image\" content=\"https:\/\/guenther-gruppe.de\/maserati\/wp-content\/uploads\/sites\/10\/2022\/10\/IMG_6993-1.jpg\" \/>\n\t<meta property=\"og:image:width\" content=\"800\" \/>\n\t<meta property=\"og:image:height\" content=\"600\" \/>\n\t<meta property=\"og:image:type\" content=\"image\/jpeg\" \/>\n<meta name=\"author\" content=\"madeleine\" \/>\n<meta name=\"twitter:card\" content=\"summary_large_image\" \/>\n<meta name=\"twitter:label1\" content=\"Verfasst von\" \/>\n\t<meta name=\"twitter:data1\" content=\"\" \/>\n\t<meta name=\"twitter:label2\" content=\"Gesch\u00e4tzte Lesezeit\" \/>\n\t<meta name=\"twitter:data2\" content=\"1\u00a0Minute\" \/>\n<script type=\"application\/ld+json\" class=\"yoast-schema-graph\">{\"@context\":\"https:\/\/schema.org\",\"@graph\":[{\"@type\":\"WebPage\",\"@id\":\"https:\/\/guenther-gruppe.de\/maserati\/the-frankfurter-summer-garden-2022\/\",\"url\":\"https:\/\/guenther-gruppe.de\/maserati\/the-frankfurter-summer-garden-2022\/\",\"name\":\"THE FRANKFURTER Summer Garden 2022 I Autohaus G\u00fcnther GmbH\",\"isPartOf\":{\"@id\":\"https:\/\/guenther-gruppe.de\/maserati\/#website\"},\"primaryImageOfPage\":{\"@id\":\"https:\/\/guenther-gruppe.de\/maserati\/the-frankfurter-summer-garden-2022\/#primaryimage\"},\"image\":{\"@id\":\"https:\/\/guenther-gruppe.de\/maserati\/the-frankfurter-summer-garden-2022\/#primaryimage\"},\"thumbnailUrl\":\"https:\/\/guenther-gruppe.de\/maserati\/wp-content\/uploads\/sites\/10\/2022\/10\/IMG_6993-1.jpg\",\"datePublished\":\"2022-10-08T12:46:23+00:00\",\"dateModified\":\"2024-04-24T13:12:17+00:00\",\"author\":{\"@id\":\"https:\/\/guenther-gruppe.de\/maserati\/#\/schema\/person\/3f370438b6290791812d436398ff7cca\"},\"description\":\"THE FRANKFURTER Summer Garden 2022: Ein ganz besonderes Sommerfest mit interssanten Menschen und tollen Maseratis von Autohaus G\u00fcnther.\",\"breadcrumb\":{\"@id\":\"https:\/\/guenther-gruppe.de\/maserati\/the-frankfurter-summer-garden-2022\/#breadcrumb\"},\"inLanguage\":\"de\",\"potentialAction\":[{\"@type\":\"ReadAction\",\"target\":[\"https:\/\/guenther-gruppe.de\/maserati\/the-frankfurter-summer-garden-2022\/\"]}]},{\"@type\":\"ImageObject\",\"inLanguage\":\"de\",\"@id\":\"https:\/\/guenther-gruppe.de\/maserati\/the-frankfurter-summer-garden-2022\/#primaryimage\",\"url\":\"https:\/\/guenther-gruppe.de\/maserati\/wp-content\/uploads\/sites\/10\/2022\/10\/IMG_6993-1.jpg\",\"contentUrl\":\"https:\/\/guenther-gruppe.de\/maserati\/wp-content\/uploads\/sites\/10\/2022\/10\/IMG_6993-1.jpg\",\"width\":800,\"height\":600,\"caption\":\"Luxuri\u00f6ser schwarzer Sportwagen Maserati MC20 im Freien\"},{\"@type\":\"BreadcrumbList\",\"@id\":\"https:\/\/guenther-gruppe.de\/maserati\/the-frankfurter-summer-garden-2022\/#breadcrumb\",\"itemListElement\":[{\"@type\":\"ListItem\",\"position\":1,\"name\":\"Startseite\",\"item\":\"https:\/\/guenther-gruppe.de\/maserati\/\"},{\"@type\":\"ListItem\",\"position\":2,\"name\":\"THE FRANKFURTER Summer Garden 2022\"}]},{\"@type\":\"WebSite\",\"@id\":\"https:\/\/guenther-gruppe.de\/maserati\/#website\",\"url\":\"https:\/\/guenther-gruppe.de\/maserati\/\",\"name\":\"Autohaus G\u00fcnther GmbH - Maserati Vertragsh\u00e4ndler\",\"description\":\"offizieller Maserati Vertragsh\u00e4ndler in Hamburg Berlin und Frankfurt\",\"potentialAction\":[{\"@type\":\"SearchAction\",\"target\":{\"@type\":\"EntryPoint\",\"urlTemplate\":\"https:\/\/guenther-gruppe.de\/maserati\/?s={search_term_string}\"},\"query-input\":{\"@type\":\"PropertyValueSpecification\",\"valueRequired\":true,\"valueName\":\"search_term_string\"}}],\"inLanguage\":\"de\"},{\"@type\":\"Person\",\"@id\":\"https:\/\/guenther-gruppe.de\/maserati\/#\/schema\/person\/3f370438b6290791812d436398ff7cca\",\"name\":\"madeleine\",\"url\":\"https:\/\/guenther-gruppe.de\/maserati\/author\/madeleine\/\"}]}<\/script>\n<!-- \/ Yoast SEO plugin. -->","yoast_head_json":{"title":"THE FRANKFURTER Summer Garden 2022 I Autohaus G\u00fcnther GmbH","description":"THE FRANKFURTER Summer Garden 2022: Ein ganz besonderes Sommerfest mit interssanten Menschen und tollen Maseratis von Autohaus G\u00fcnther.","robots":{"index":"index","follow":"follow","max-snippet":"max-snippet:-1","max-image-preview":"max-image-preview:large","max-video-preview":"max-video-preview:-1"},"canonical":"https:\/\/guenther-gruppe.de\/maserati\/the-frankfurter-summer-garden-2022\/","og_locale":"de_DE","og_type":"article","og_title":"THE FRANKFURTER Summer Garden 2022 I Autohaus G\u00fcnther GmbH","og_description":"THE FRANKFURTER Summer Garden 2022: Ein ganz besonderes Sommerfest mit interssanten Menschen und tollen Maseratis von Autohaus G\u00fcnther.","og_url":"https:\/\/guenther-gruppe.de\/maserati\/the-frankfurter-summer-garden-2022\/","og_site_name":"Autohaus G\u00fcnther GmbH - Maserati Vertragsh\u00e4ndler","article_published_time":"2022-10-08T12:46:23+00:00","article_modified_time":"2024-04-24T13:12:17+00:00","og_image":[{"width":800,"height":600,"url":"https:\/\/guenther-gruppe.de\/maserati\/wp-content\/uploads\/sites\/10\/2022\/10\/IMG_6993-1.jpg","type":"image\/jpeg"}],"author":"madeleine","twitter_card":"summary_large_image","twitter_misc":{"Verfasst von":false,"Gesch\u00e4tzte Lesezeit":"1\u00a0Minute"},"schema":{"@context":"https:\/\/schema.org","@graph":[{"@type":"WebPage","@id":"https:\/\/guenther-gruppe.de\/maserati\/the-frankfurter-summer-garden-2022\/","url":"https:\/\/guenther-gruppe.de\/maserati\/the-frankfurter-summer-garden-2022\/","name":"THE FRANKFURTER Summer Garden 2022 I Autohaus G\u00fcnther GmbH","isPartOf":{"@id":"https:\/\/guenther-gruppe.de\/maserati\/#website"},"primaryImageOfPage":{"@id":"https:\/\/guenther-gruppe.de\/maserati\/the-frankfurter-summer-garden-2022\/#primaryimage"},"image":{"@id":"https:\/\/guenther-gruppe.de\/maserati\/the-frankfurter-summer-garden-2022\/#primaryimage"},"thumbnailUrl":"https:\/\/guenther-gruppe.de\/maserati\/wp-content\/uploads\/sites\/10\/2022\/10\/IMG_6993-1.jpg","datePublished":"2022-10-08T12:46:23+00:00","dateModified":"2024-04-24T13:12:17+00:00","author":{"@id":"https:\/\/guenther-gruppe.de\/maserati\/#\/schema\/person\/3f370438b6290791812d436398ff7cca"},"description":"THE FRANKFURTER Summer Garden 2022: Ein ganz besonderes Sommerfest mit interssanten Menschen und tollen Maseratis von Autohaus G\u00fcnther.","breadcrumb":{"@id":"https:\/\/guenther-gruppe.de\/maserati\/the-frankfurter-summer-garden-2022\/#breadcrumb"},"inLanguage":"de","potentialAction":[{"@type":"ReadAction","target":["https:\/\/guenther-gruppe.de\/maserati\/the-frankfurter-summer-garden-2022\/"]}]},{"@type":"ImageObject","inLanguage":"de","@id":"https:\/\/guenther-gruppe.de\/maserati\/the-frankfurter-summer-garden-2022\/#primaryimage","url":"https:\/\/guenther-gruppe.de\/maserati\/wp-content\/uploads\/sites\/10\/2022\/10\/IMG_6993-1.jpg","contentUrl":"https:\/\/guenther-gruppe.de\/maserati\/wp-content\/uploads\/sites\/10\/2022\/10\/IMG_6993-1.jpg","width":800,"height":600,"caption":"Luxuri\u00f6ser schwarzer Sportwagen Maserati MC20 im Freien"},{"@type":"BreadcrumbList","@id":"https:\/\/guenther-gruppe.de\/maserati\/the-frankfurter-summer-garden-2022\/#breadcrumb","itemListElement":[{"@type":"ListItem","position":1,"name":"Startseite","item":"https:\/\/guenther-gruppe.de\/maserati\/"},{"@type":"ListItem","position":2,"name":"THE FRANKFURTER Summer Garden 2022"}]},{"@type":"WebSite","@id":"https:\/\/guenther-gruppe.de\/maserati\/#website","url":"https:\/\/guenther-gruppe.de\/maserati\/","name":"Autohaus G\u00fcnther GmbH - Maserati Vertragsh\u00e4ndler","description":"offizieller Maserati Vertragsh\u00e4ndler in Hamburg Berlin und Frankfurt","potentialAction":[{"@type":"SearchAction","target":{"@type":"EntryPoint","urlTemplate":"https:\/\/guenther-gruppe.de\/maserati\/?s={search_term_string}"},"query-input":{"@type":"PropertyValueSpecification","valueRequired":true,"valueName":"search_term_string"}}],"inLanguage":"de"},{"@type":"Person","@id":"https:\/\/guenther-gruppe.de\/maserati\/#\/schema\/person\/3f370438b6290791812d436398ff7cca","name":"madeleine","url":"https:\/\/guenther-gruppe.de\/maserati\/author\/madeleine\/"}]}},"_links":{"self":[{"href":"https:\/\/guenther-gruppe.de\/maserati\/wp-json\/wp\/v2\/posts\/10028","targetHints":{"allow":["GET"]}}],"collection":[{"href":"https:\/\/guenther-gruppe.de\/maserati\/wp-json\/wp\/v2\/posts"}],"about":[{"href":"https:\/\/guenther-gruppe.de\/maserati\/wp-json\/wp\/v2\/types\/post"}],"author":[{"embeddable":true,"href":"https:\/\/guenther-gruppe.de\/maserati\/wp-json\/wp\/v2\/users\/10"}],"replies":[{"embeddable":true,"href":"https:\/\/guenther-gruppe.de\/maserati\/wp-json\/wp\/v2\/comments?post=10028"}],"version-history":[{"count":4,"href":"https:\/\/guenther-gruppe.de\/maserati\/wp-json\/wp\/v2\/posts\/10028\/revisions"}],"predecessor-version":[{"id":33633,"href":"https:\/\/guenther-gruppe.de\/maserati\/wp-json\/wp\/v2\/posts\/10028\/revisions\/33633"}],"wp:featuredmedia":[{"embeddable":true,"href":"https:\/\/guenther-gruppe.de\/maserati\/wp-json\/wp\/v2\/media\/10214"}],"wp:attachment":[{"href":"https:\/\/guenther-gruppe.de\/maserati\/wp-json\/wp\/v2\/media?parent=10028"}],"wp:term":[{"taxonomy":"category","embeddable":true,"href":"https:\/\/guenther-gruppe.de\/maserati\/wp-json\/wp\/v2\/categories?post=10028"},{"taxonomy":"post_tag","embeddable":true,"href":"https:\/\/guenther-gruppe.de\/maserati\/wp-json\/wp\/v2\/tags?post=10028"}],"curies":[{"name":"wp","href":"https:\/\/api.w.org\/{rel}","templated":true}]}}