{"id":92747,"date":"2023-11-05T23:28:55","date_gmt":"2023-11-05T22:28:55","guid":{"rendered":"https:\/\/guenther-gruppe.de\/kia\/?p=92747"},"modified":"2024-10-20T23:24:21","modified_gmt":"2024-10-20T21:24:21","slug":"kia-ev9","status":"publish","type":"post","link":"https:\/\/guenther-gruppe.de\/kia\/kia-ev9\/","title":{"rendered":"Der KIA EV9"},"content":{"rendered":"\t\t<div data-elementor-type=\"wp-post\" data-elementor-id=\"92747\" class=\"elementor elementor-92747\" data-elementor-post-type=\"post\">\n\t\t\t\t\t\t<section class=\"elementor-section elementor-top-section elementor-element elementor-element-2e03010 elementor-section-full_width elementor-hidden-mobile elementor-section-height-default elementor-section-height-default\" data-id=\"2e03010\" data-element_type=\"section\" data-settings=\"{&quot;background_background&quot;:&quot;classic&quot;}\">\n\t\t\t\t\t\t\t<div class=\"elementor-background-overlay\"><\/div>\n\t\t\t\t\t\t\t<div class=\"elementor-container elementor-column-gap-default\">\n\t\t\t\t\t<div class=\"elementor-column elementor-col-100 elementor-top-column elementor-element elementor-element-fbde9b9\" data-id=\"fbde9b9\" data-element_type=\"column\" data-settings=\"{&quot;background_background&quot;:&quot;classic&quot;}\">\n\t\t\t<div class=\"elementor-widget-wrap elementor-element-populated\">\n\t\t\t\t\t\t<div class=\"elementor-element elementor-element-e960db3 elementor-widget elementor-widget-heading\" data-id=\"e960db3\" data-element_type=\"widget\" data-widget_type=\"heading.default\">\n\t\t\t\t<div class=\"elementor-widget-container\">\n\t\t\t\t\t<h1 class=\"elementor-heading-title elementor-size-default\">Der KIA EV9<\/h1>\t\t\t\t<\/div>\n\t\t\t\t<\/div>\n\t\t\t\t<div class=\"elementor-element elementor-element-12b1c05 elementor-widget elementor-widget-button\" data-id=\"12b1c05\" data-element_type=\"widget\" data-widget_type=\"button.default\">\n\t\t\t\t<div class=\"elementor-widget-container\">\n\t\t\t\t\t\t\t\t\t<div class=\"elementor-button-wrapper\">\n\t\t\t\t\t<a class=\"elementor-button elementor-button-link elementor-size-sm\" href=\"#probefahrt\">\n\t\t\t\t\t\t<span class=\"elementor-button-content-wrapper\">\n\t\t\t\t\t\t\t\t\t<span class=\"elementor-button-text\">Jetzt Probefahrt  vereinbaren<\/span>\n\t\t\t\t\t<\/span>\n\t\t\t\t\t<\/a>\n\t\t\t\t<\/div>\n\t\t\t\t\t\t\t\t<\/div>\n\t\t\t\t<\/div>\n\t\t\t\t\t<\/div>\n\t\t<\/div>\n\t\t\t\t\t<\/div>\n\t\t<\/section>\n\t\t\t\t<section class=\"elementor-section elementor-top-section elementor-element elementor-element-2a9951b elementor-section-boxed elementor-section-height-default elementor-section-height-default\" data-id=\"2a9951b\" data-element_type=\"section\" data-settings=\"{&quot;background_background&quot;:&quot;classic&quot;}\">\n\t\t\t\t\t\t<div class=\"elementor-container elementor-column-gap-default\">\n\t\t\t\t\t<div class=\"elementor-column elementor-col-100 elementor-top-column elementor-element elementor-element-6d48b86\" data-id=\"6d48b86\" data-element_type=\"column\">\n\t\t\t<div class=\"elementor-widget-wrap\">\n\t\t\t\t\t\t\t<\/div>\n\t\t<\/div>\n\t\t\t\t\t<\/div>\n\t\t<\/section>\n\t\t\t\t<section class=\"elementor-section elementor-top-section elementor-element elementor-element-de921d4 elementor-section-full_width elementor-hidden-desktop elementor-hidden-tablet elementor-section-height-default elementor-section-height-default\" data-id=\"de921d4\" data-element_type=\"section\" data-settings=\"{&quot;background_background&quot;:&quot;classic&quot;}\">\n\t\t\t\t\t\t\t<div class=\"elementor-background-overlay\"><\/div>\n\t\t\t\t\t\t\t<div class=\"elementor-container elementor-column-gap-default\">\n\t\t\t\t\t<div class=\"elementor-column elementor-col-100 elementor-top-column elementor-element elementor-element-ac80486\" data-id=\"ac80486\" data-element_type=\"column\" data-settings=\"{&quot;background_background&quot;:&quot;classic&quot;}\">\n\t\t\t<div class=\"elementor-widget-wrap elementor-element-populated\">\n\t\t\t\t\t\t<div class=\"elementor-element elementor-element-52903e5 elementor-widget elementor-widget-heading\" data-id=\"52903e5\" data-element_type=\"widget\" data-widget_type=\"heading.default\">\n\t\t\t\t<div class=\"elementor-widget-container\">\n\t\t\t\t\t<h1 class=\"elementor-heading-title elementor-size-default\">Der KIA EV9<\/h1>\t\t\t\t<\/div>\n\t\t\t\t<\/div>\n\t\t\t\t<div class=\"elementor-element elementor-element-f28c36b elementor-widget elementor-widget-button\" data-id=\"f28c36b\" data-element_type=\"widget\" data-widget_type=\"button.default\">\n\t\t\t\t<div class=\"elementor-widget-container\">\n\t\t\t\t\t\t\t\t\t<div class=\"elementor-button-wrapper\">\n\t\t\t\t\t<a class=\"elementor-button elementor-button-link elementor-size-sm\" href=\"#probefahrt\">\n\t\t\t\t\t\t<span class=\"elementor-button-content-wrapper\">\n\t\t\t\t\t\t\t\t\t<span class=\"elementor-button-text\">Jetzt Probefahrt  vereinbaren<\/span>\n\t\t\t\t\t<\/span>\n\t\t\t\t\t<\/a>\n\t\t\t\t<\/div>\n\t\t\t\t\t\t\t\t<\/div>\n\t\t\t\t<\/div>\n\t\t\t\t\t<\/div>\n\t\t<\/div>\n\t\t\t\t\t<\/div>\n\t\t<\/section>\n\t\t\t\t<section class=\"elementor-section elementor-top-section elementor-element elementor-element-5293b6d elementor-section-full_width elementor-section-height-default elementor-section-height-default\" data-id=\"5293b6d\" data-element_type=\"section\">\n\t\t\t\t\t\t\t<div class=\"elementor-background-overlay\"><\/div>\n\t\t\t\t\t\t\t<div class=\"elementor-container elementor-column-gap-default\">\n\t\t\t\t\t<div class=\"elementor-column elementor-col-100 elementor-top-column elementor-element elementor-element-392b271\" data-id=\"392b271\" data-element_type=\"column\" data-settings=\"{&quot;background_background&quot;:&quot;classic&quot;}\">\n\t\t\t<div class=\"elementor-widget-wrap elementor-element-populated\">\n\t\t\t\t\t<div class=\"elementor-background-overlay\"><\/div>\n\t\t\t\t\t\t<div class=\"elementor-element elementor-element-4e5490c elementor-widget elementor-widget-text-editor\" data-id=\"4e5490c\" data-element_type=\"widget\" data-widget_type=\"text-editor.default\">\n\t\t\t\t<div class=\"elementor-widget-container\">\n\t\t\t\t\t\t\t\t\t<p>Kia EV9, Strom: Energieverbrauch kombiniert: 22,8 \u2013 20,2 (kWh\/100 km); CO\u2082-Emissionen kombiniert: 0 (g\/km); CO\u2082-Klasse: A<\/p>\t\t\t\t\t\t\t\t<\/div>\n\t\t\t\t<\/div>\n\t\t\t\t\t<\/div>\n\t\t<\/div>\n\t\t\t\t\t<\/div>\n\t\t<\/section>\n\t\t\t\t<section class=\"elementor-section elementor-top-section elementor-element elementor-element-040fef7 elementor-section-boxed elementor-section-height-default elementor-section-height-default\" data-id=\"040fef7\" data-element_type=\"section\" data-settings=\"{&quot;background_background&quot;:&quot;gradient&quot;}\">\n\t\t\t\t\t\t<div class=\"elementor-container elementor-column-gap-no\">\n\t\t\t\t\t<div class=\"elementor-column elementor-col-100 elementor-top-column elementor-element elementor-element-ee2a9d3\" data-id=\"ee2a9d3\" data-element_type=\"column\">\n\t\t\t<div class=\"elementor-widget-wrap elementor-element-populated\">\n\t\t\t\t\t\t<div class=\"elementor-element elementor-element-63d50fb animated-slow elementor-invisible elementor-widget elementor-widget-heading\" data-id=\"63d50fb\" data-element_type=\"widget\" data-settings=\"{&quot;_animation&quot;:&quot;zoomIn&quot;}\" data-widget_type=\"heading.default\">\n\t\t\t\t<div class=\"elementor-widget-container\">\n\t\t\t\t\t<h1 class=\"elementor-heading-title elementor-size-default\">Der kia ev9<\/h1>\t\t\t\t<\/div>\n\t\t\t\t<\/div>\n\t\t\t\t<div class=\"elementor-element elementor-element-af2c03d elementor-widget elementor-widget-text-editor\" data-id=\"af2c03d\" data-element_type=\"widget\" data-widget_type=\"text-editor.default\">\n\t\t\t\t<div class=\"elementor-widget-container\">\n\t\t\t\t\t\t\t\t\t<font color=\"white\"><h2 class=\"title\">Erweitert Ihren Horizont.<\/font><\/h2>\t\t\t\t\t\t\t\t<\/div>\n\t\t\t\t<\/div>\n\t\t\t\t\t<\/div>\n\t\t<\/div>\n\t\t\t\t\t<\/div>\n\t\t<\/section>\n\t\t\t\t<section class=\"elementor-section elementor-top-section elementor-element elementor-element-3bedf94f elementor-section-boxed elementor-section-height-default elementor-section-height-default\" data-id=\"3bedf94f\" data-element_type=\"section\" data-settings=\"{&quot;background_background&quot;:&quot;gradient&quot;}\">\n\t\t\t\t\t\t<div class=\"elementor-container elementor-column-gap-no\">\n\t\t\t\t\t<div class=\"elementor-column elementor-col-33 elementor-top-column elementor-element elementor-element-5d0913d\" data-id=\"5d0913d\" data-element_type=\"column\">\n\t\t\t<div class=\"elementor-widget-wrap elementor-element-populated\">\n\t\t\t\t\t\t<div class=\"elementor-element elementor-element-1553854 elementor-widget-divider--view-line elementor-widget elementor-widget-divider\" data-id=\"1553854\" data-element_type=\"widget\" data-widget_type=\"divider.default\">\n\t\t\t\t<div class=\"elementor-widget-container\">\n\t\t\t\t\t\t\t<div class=\"elementor-divider\">\n\t\t\t<span class=\"elementor-divider-separator\">\n\t\t\t\t\t\t<\/span>\n\t\t<\/div>\n\t\t\t\t\t\t<\/div>\n\t\t\t\t<\/div>\n\t\t\t\t<div class=\"elementor-element elementor-element-6b46079 elementor-widget elementor-widget-text-editor\" data-id=\"6b46079\" data-element_type=\"widget\" data-widget_type=\"text-editor.default\">\n\t\t\t\t<div class=\"elementor-widget-container\">\n\t\t\t\t\t\t\t\t\t<h2><strong>Familientauglicher e-SUV<br \/><\/strong><\/h2><p>mit 6 oder 7 Sitzpl\u00e4tzen<\/p>\t\t\t\t\t\t\t\t<\/div>\n\t\t\t\t<\/div>\n\t\t\t\t\t<\/div>\n\t\t<\/div>\n\t\t\t\t<div class=\"elementor-column elementor-col-33 elementor-top-column elementor-element elementor-element-b5915d5\" data-id=\"b5915d5\" data-element_type=\"column\">\n\t\t\t<div class=\"elementor-widget-wrap elementor-element-populated\">\n\t\t\t\t\t\t<div class=\"elementor-element elementor-element-34ea567 elementor-widget-divider--view-line elementor-widget elementor-widget-divider\" data-id=\"34ea567\" data-element_type=\"widget\" data-widget_type=\"divider.default\">\n\t\t\t\t<div class=\"elementor-widget-container\">\n\t\t\t\t\t\t\t<div class=\"elementor-divider\">\n\t\t\t<span class=\"elementor-divider-separator\">\n\t\t\t\t\t\t<\/span>\n\t\t<\/div>\n\t\t\t\t\t\t<\/div>\n\t\t\t\t<\/div>\n\t\t\t\t<div class=\"elementor-element elementor-element-ae65d16 elementor-widget elementor-widget-text-editor\" data-id=\"ae65d16\" data-element_type=\"widget\" data-widget_type=\"text-editor.default\">\n\t\t\t\t<div class=\"elementor-widget-container\">\n\t\t\t\t\t\t\t\t\t<h2><strong>Bis zu 249 km\n<\/strong><\/h2>\nin ca. 15 Min. laden<sup>2<\/sup>\t\t\t\t\t\t\t\t<\/div>\n\t\t\t\t<\/div>\n\t\t\t\t\t<\/div>\n\t\t<\/div>\n\t\t\t\t<div class=\"elementor-column elementor-col-33 elementor-top-column elementor-element elementor-element-1294250\" data-id=\"1294250\" data-element_type=\"column\">\n\t\t\t<div class=\"elementor-widget-wrap elementor-element-populated\">\n\t\t\t\t\t\t<div class=\"elementor-element elementor-element-c5a23f1 elementor-widget-divider--view-line elementor-widget elementor-widget-divider\" data-id=\"c5a23f1\" data-element_type=\"widget\" data-widget_type=\"divider.default\">\n\t\t\t\t<div class=\"elementor-widget-container\">\n\t\t\t\t\t\t\t<div class=\"elementor-divider\">\n\t\t\t<span class=\"elementor-divider-separator\">\n\t\t\t\t\t\t<\/span>\n\t\t<\/div>\n\t\t\t\t\t\t<\/div>\n\t\t\t\t<\/div>\n\t\t\t\t<div class=\"elementor-element elementor-element-a7f1e98 elementor-widget elementor-widget-text-editor\" data-id=\"a7f1e98\" data-element_type=\"widget\" data-widget_type=\"text-editor.default\">\n\t\t\t\t<div class=\"elementor-widget-container\">\n\t\t\t\t\t\t\t\t\t<h2><strong>Bis zu 2,5 Tonnen\n<\/strong><\/h2>\nAnh\u00e4ngelast in Verbindung mit AWD<sup>3<\/sup>\t\t\t\t\t\t\t\t<\/div>\n\t\t\t\t<\/div>\n\t\t\t\t<div class=\"elementor-element elementor-element-0403224 elementor-widget elementor-widget-text-editor\" data-id=\"0403224\" data-element_type=\"widget\" data-widget_type=\"text-editor.default\">\n\t\t\t\t<div class=\"elementor-widget-container\">\n\t\t\t\t\t\t\t\t\t<p>Kia EV9 AWD GT-Line, Strom: Energieverbrauch kombiniert: 22,8 (kWh\/100 km); CO\u2082-Emissionen kombiniert: 0 (g\/km); CO\u2082-Klasse: A<\/p>\t\t\t\t\t\t\t\t<\/div>\n\t\t\t\t<\/div>\n\t\t\t\t\t<\/div>\n\t\t<\/div>\n\t\t\t\t\t<\/div>\n\t\t<\/section>\n\t\t\t\t<section class=\"elementor-section elementor-top-section elementor-element elementor-element-89bd618 elementor-hidden-mobile elementor-section-boxed elementor-section-height-default elementor-section-height-default\" data-id=\"89bd618\" data-element_type=\"section\" data-settings=\"{&quot;background_background&quot;:&quot;gradient&quot;}\">\n\t\t\t\t\t\t<div class=\"elementor-container elementor-column-gap-no\">\n\t\t\t\t\t<div class=\"elementor-column elementor-col-100 elementor-top-column elementor-element elementor-element-30f4159\" data-id=\"30f4159\" data-element_type=\"column\">\n\t\t\t<div class=\"elementor-widget-wrap elementor-element-populated\">\n\t\t\t\t\t\t<div class=\"elementor-element elementor-element-633baa9 animated-slow elementor-hidden-mobile elementor-invisible elementor-widget elementor-widget-heading\" data-id=\"633baa9\" data-element_type=\"widget\" data-settings=\"{&quot;_animation&quot;:&quot;zoomIn&quot;}\" data-widget_type=\"heading.default\">\n\t\t\t\t<div class=\"elementor-widget-container\">\n\t\t\t\t\t<h2 class=\"elementor-heading-title elementor-size-default\">Konfigurieren sie Ihren Komfort.<\/h2>\t\t\t\t<\/div>\n\t\t\t\t<\/div>\n\t\t\t\t<div class=\"elementor-element elementor-element-618de44 elementor-widget elementor-widget-text-editor\" data-id=\"618de44\" data-element_type=\"widget\" data-widget_type=\"text-editor.default\">\n\t\t\t\t<div class=\"elementor-widget-container\">\n\t\t\t\t\t\t\t\t\t<p class=\"title\">Mit drehbaren Sitzen in der zweiten Reihe<\/p>\t\t\t\t\t\t\t\t<\/div>\n\t\t\t\t<\/div>\n\t\t\t\t\t<\/div>\n\t\t<\/div>\n\t\t\t\t\t<\/div>\n\t\t<\/section>\n\t\t\t\t<section class=\"elementor-section elementor-top-section elementor-element elementor-element-3bc2046 elementor-section-boxed elementor-section-height-default elementor-section-height-default\" data-id=\"3bc2046\" data-element_type=\"section\" data-settings=\"{&quot;background_background&quot;:&quot;gradient&quot;}\">\n\t\t\t\t\t\t<div class=\"elementor-container elementor-column-gap-no\">\n\t\t\t\t\t<div class=\"elementor-column elementor-col-50 elementor-top-column elementor-element elementor-element-fa5f45a\" data-id=\"fa5f45a\" data-element_type=\"column\">\n\t\t\t<div class=\"elementor-widget-wrap elementor-element-populated\">\n\t\t\t\t\t\t<div class=\"elementor-element elementor-element-eae725d elementor-widget elementor-widget-image\" data-id=\"eae725d\" data-element_type=\"widget\" data-widget_type=\"image.default\">\n\t\t\t\t<div class=\"elementor-widget-container\">\n\t\t\t\t\t\t\t\t\t\t\t\t\t\t\t<img fetchpriority=\"high\" decoding=\"async\" width=\"720\" height=\"360\" src=\"https:\/\/guenther-gruppe.de\/kia\/wp-content\/uploads\/sites\/9\/2023\/11\/kia_ev9_elp_goldenes-lenkrad-720x360-1.jpg\" class=\"attachment-full size-full wp-image-93286\" alt=\"Frau in beigem Anzug steht neben blauem Auto Gewinner Goldenes Lenkrad 2023 Auszeichnung sichtbar\" srcset=\"https:\/\/guenther-gruppe.de\/kia\/wp-content\/uploads\/sites\/9\/2023\/11\/kia_ev9_elp_goldenes-lenkrad-720x360-1.jpg 720w, https:\/\/guenther-gruppe.de\/kia\/wp-content\/uploads\/sites\/9\/2023\/11\/kia_ev9_elp_goldenes-lenkrad-720x360-1-300x150.jpg 300w\" sizes=\"(max-width: 720px) 100vw, 720px\" \/>\t\t\t\t\t\t\t\t\t\t\t\t\t\t\t<\/div>\n\t\t\t\t<\/div>\n\t\t\t\t<div class=\"elementor-element elementor-element-04336cf elementor-widget elementor-widget-text-editor\" data-id=\"04336cf\" data-element_type=\"widget\" data-widget_type=\"text-editor.default\">\n\t\t\t\t<div class=\"elementor-widget-container\">\n\t\t\t\t\t\t\t\t\t<p>Gewinner \u201eGoldenes Lenkrad\u201c 2023 in der Kategorie \u201eFamilienauto\u201c (AUTO BILD, Ausgabe 45\/2023 &amp; BILD am SONNTAG, Ausgabe 46\/2023).<\/p>\t\t\t\t\t\t\t\t<\/div>\n\t\t\t\t<\/div>\n\t\t\t\t\t<\/div>\n\t\t<\/div>\n\t\t\t\t<div class=\"elementor-column elementor-col-50 elementor-top-column elementor-element elementor-element-d9d32b5\" data-id=\"d9d32b5\" data-element_type=\"column\">\n\t\t\t<div class=\"elementor-widget-wrap elementor-element-populated\">\n\t\t\t\t\t\t<div class=\"elementor-element elementor-element-d113b22 elementor-widget elementor-widget-text-editor\" data-id=\"d113b22\" data-element_type=\"widget\" data-widget_type=\"text-editor.default\">\n\t\t\t\t<div class=\"elementor-widget-container\">\n\t\t\t\t\t\t\t\t\t<h2 class=\"cmp-teaser__title elp-teaser_title\">Neuestes Feature: das \u201eGoldene Lenkrad\u201c.<sup>3<\/sup><\/h2>\t\t\t\t\t\t\t\t<\/div>\n\t\t\t\t<\/div>\n\t\t\t\t<div class=\"elementor-element elementor-element-438cc8b elementor-widget elementor-widget-text-editor\" data-id=\"438cc8b\" data-element_type=\"widget\" data-widget_type=\"text-editor.default\">\n\t\t\t\t<div class=\"elementor-widget-container\">\n\t\t\t\t\t\t\t\t\t<p>Die Leser von AUTO BILD und eine unabh\u00e4ngige Jury aus Rennfahrern, Auto-Experten und prominenten G\u00e4sten haben entschieden: Der Kia EV9 ist Gewinner \u201eGoldenes Lenkrad\u201c \u2075 2023 in der Kategorie \u201eFamilienauto\u201c (AUTO BILD, Ausgabe 45\/2023 &amp; BILD am SONNTAG, Ausgabe 46\/2023). Wenn das kein glanzvoller Titel ist!<\/p><p>\u00a0<\/p>\t\t\t\t\t\t\t\t<\/div>\n\t\t\t\t<\/div>\n\t\t\t\t\t<\/div>\n\t\t<\/div>\n\t\t\t\t\t<\/div>\n\t\t<\/section>\n\t\t\t\t<section class=\"elementor-section elementor-top-section elementor-element elementor-element-e7ace90 elementor-section-full_width elementor-section-height-default elementor-section-height-default\" data-id=\"e7ace90\" data-element_type=\"section\" data-settings=\"{&quot;background_background&quot;:&quot;classic&quot;}\">\n\t\t\t\t\t\t<div class=\"elementor-container elementor-column-gap-default\">\n\t\t\t\t\t<div class=\"elementor-column elementor-col-100 elementor-top-column elementor-element elementor-element-6b3dde0\" data-id=\"6b3dde0\" data-element_type=\"column\">\n\t\t\t<div class=\"elementor-widget-wrap\">\n\t\t\t\t\t\t\t<\/div>\n\t\t<\/div>\n\t\t\t\t\t<\/div>\n\t\t<\/section>\n\t\t\t\t<section class=\"elementor-section elementor-top-section elementor-element elementor-element-8b4399f elementor-hidden-mobile elementor-section-boxed elementor-section-height-default elementor-section-height-default\" data-id=\"8b4399f\" data-element_type=\"section\" data-settings=\"{&quot;background_background&quot;:&quot;gradient&quot;}\">\n\t\t\t\t\t\t<div class=\"elementor-container elementor-column-gap-no\">\n\t\t\t\t\t<div class=\"elementor-column elementor-col-100 elementor-top-column elementor-element elementor-element-22719ad\" data-id=\"22719ad\" data-element_type=\"column\">\n\t\t\t<div class=\"elementor-widget-wrap elementor-element-populated\">\n\t\t\t\t\t\t<div class=\"elementor-element elementor-element-e338d49 animated-slow elementor-invisible elementor-widget elementor-widget-heading\" data-id=\"e338d49\" data-element_type=\"widget\" data-settings=\"{&quot;_animation&quot;:&quot;zoomIn&quot;}\" data-widget_type=\"heading.default\">\n\t\t\t\t<div class=\"elementor-widget-container\">\n\t\t\t\t\t<h2 class=\"elementor-heading-title elementor-size-default\">Ein Schritt in Richtung nachhaltige Mobilit\u00e4t.<\/h2>\t\t\t\t<\/div>\n\t\t\t\t<\/div>\n\t\t\t\t\t<\/div>\n\t\t<\/div>\n\t\t\t\t\t<\/div>\n\t\t<\/section>\n\t\t\t\t<section class=\"elementor-section elementor-top-section elementor-element elementor-element-1c5ca19 elementor-section-full_width elementor-section-height-default elementor-section-height-default\" data-id=\"1c5ca19\" data-element_type=\"section\" data-settings=\"{&quot;background_background&quot;:&quot;classic&quot;}\">\n\t\t\t\t\t\t<div class=\"elementor-container elementor-column-gap-default\">\n\t\t\t\t\t<div class=\"elementor-column elementor-col-100 elementor-top-column elementor-element elementor-element-cee4c95\" data-id=\"cee4c95\" data-element_type=\"column\">\n\t\t\t<div class=\"elementor-widget-wrap\">\n\t\t\t\t\t\t\t<\/div>\n\t\t<\/div>\n\t\t\t\t\t<\/div>\n\t\t<\/section>\n\t\t\t\t<section class=\"elementor-section elementor-top-section elementor-element elementor-element-20e797c elementor-section-boxed elementor-section-height-default elementor-section-height-default\" data-id=\"20e797c\" data-element_type=\"section\" data-settings=\"{&quot;background_background&quot;:&quot;gradient&quot;}\">\n\t\t\t\t\t\t<div class=\"elementor-container elementor-column-gap-no\">\n\t\t\t\t\t<div class=\"elementor-column elementor-col-100 elementor-top-column elementor-element elementor-element-4f8c143\" data-id=\"4f8c143\" data-element_type=\"column\">\n\t\t\t<div class=\"elementor-widget-wrap elementor-element-populated\">\n\t\t\t\t\t\t<div class=\"elementor-element elementor-element-cba5183 animated-slow elementor-invisible elementor-widget elementor-widget-heading\" data-id=\"cba5183\" data-element_type=\"widget\" data-settings=\"{&quot;_animation&quot;:&quot;zoomIn&quot;}\" data-widget_type=\"heading.default\">\n\t\t\t\t<div class=\"elementor-widget-container\">\n\t\t\t\t\t<h2 class=\"elementor-heading-title elementor-size-default\">Entdecken Sie eine welt voller m\u00f6glichkeiten.<\/h2>\t\t\t\t<\/div>\n\t\t\t\t<\/div>\n\t\t\t\t\t<\/div>\n\t\t<\/div>\n\t\t\t\t\t<\/div>\n\t\t<\/section>\n\t\t\t\t<section class=\"elementor-section elementor-top-section elementor-element elementor-element-9fc2556 elementor-section-full_width elementor-section-height-default elementor-section-height-default\" data-id=\"9fc2556\" data-element_type=\"section\" data-settings=\"{&quot;background_background&quot;:&quot;classic&quot;}\">\n\t\t\t\t\t\t\t<div class=\"elementor-background-overlay\"><\/div>\n\t\t\t\t\t\t\t<div class=\"elementor-container elementor-column-gap-default\">\n\t\t\t\t\t<div class=\"elementor-column elementor-col-50 elementor-top-column elementor-element elementor-element-0a7b7ad\" data-id=\"0a7b7ad\" data-element_type=\"column\">\n\t\t\t<div class=\"elementor-widget-wrap elementor-element-populated\">\n\t\t\t\t\t\t<div class=\"elementor-element elementor-element-a14650b elementor-widget-divider--view-line_text elementor-widget-divider--element-align-center elementor-widget elementor-widget-divider\" data-id=\"a14650b\" data-element_type=\"widget\" data-widget_type=\"divider.default\">\n\t\t\t\t<div class=\"elementor-widget-container\">\n\t\t\t\t\t\t\t<div class=\"elementor-divider\">\n\t\t\t<span class=\"elementor-divider-separator\">\n\t\t\t\t\t\t\t<span class=\"elementor-divider__text elementor-divider__element\">\n\t\t\t\tDesign\t\t\t\t<\/span>\n\t\t\t\t\t\t<\/span>\n\t\t<\/div>\n\t\t\t\t\t\t<\/div>\n\t\t\t\t<\/div>\n\t\t\t\t<div class=\"elementor-element elementor-element-8ec7ee7 elementor-widget elementor-widget-heading\" data-id=\"8ec7ee7\" data-element_type=\"widget\" data-widget_type=\"heading.default\">\n\t\t\t\t<div class=\"elementor-widget-container\">\n\t\t\t\t\t<h3 class=\"elementor-heading-title elementor-size-default\">Zukunft neu gestaltet.<\/h3>\t\t\t\t<\/div>\n\t\t\t\t<\/div>\n\t\t\t\t<div class=\"elementor-element elementor-element-5139d9f elementor-widget elementor-widget-text-editor\" data-id=\"5139d9f\" data-element_type=\"widget\" data-widget_type=\"text-editor.default\">\n\t\t\t\t<div class=\"elementor-widget-container\">\n\t\t\t\t\t\t\t\t\t<p>Der mehrfach ausgezeichnete EV6, der 2022 zum &#8222;Auto des Jahres in Europa&#8220; gew\u00e4hlt wurde, diente als Vorlage f\u00fcr das Design des EV9, das im Einklang mit der neuen Kia-Designphilosophie &#8222;Opposites United&#8220; entwickelt wurde. Dieses Konzept, das von der Verschmelzung von Natur und modernem Stil inspiriert ist, verleiht dem EV9 ein unverkennbares Erscheinungsbild mit futuristischen Linien, das aus jeder Perspektive sowohl auf der Stra\u00dfe als auch im Gel\u00e4nde einzigartig beeindruckt.<\/p>\t\t\t\t\t\t\t\t<\/div>\n\t\t\t\t<\/div>\n\t\t\t\t\t<\/div>\n\t\t<\/div>\n\t\t\t\t<div class=\"elementor-column elementor-col-50 elementor-top-column elementor-element elementor-element-2295726\" data-id=\"2295726\" data-element_type=\"column\">\n\t\t\t<div class=\"elementor-widget-wrap\">\n\t\t\t\t\t\t\t<\/div>\n\t\t<\/div>\n\t\t\t\t\t<\/div>\n\t\t<\/section>\n\t\t\t\t<section class=\"elementor-section elementor-top-section elementor-element elementor-element-773bff2 elementor-section-full_width elementor-section-height-default elementor-section-height-default\" data-id=\"773bff2\" data-element_type=\"section\" data-settings=\"{&quot;background_background&quot;:&quot;classic&quot;}\">\n\t\t\t\t\t\t\t<div class=\"elementor-background-overlay\"><\/div>\n\t\t\t\t\t\t\t<div class=\"elementor-container elementor-column-gap-default\">\n\t\t\t\t\t<div class=\"elementor-column elementor-col-50 elementor-top-column elementor-element elementor-element-0c57dcf\" data-id=\"0c57dcf\" data-element_type=\"column\">\n\t\t\t<div class=\"elementor-widget-wrap elementor-element-populated\">\n\t\t\t\t\t\t<div class=\"elementor-element elementor-element-09eabe2 elementor-widget-divider--view-line_text elementor-widget-divider--element-align-center elementor-widget elementor-widget-divider\" data-id=\"09eabe2\" data-element_type=\"widget\" data-widget_type=\"divider.default\">\n\t\t\t\t<div class=\"elementor-widget-container\">\n\t\t\t\t\t\t\t<div class=\"elementor-divider\">\n\t\t\t<span class=\"elementor-divider-separator\">\n\t\t\t\t\t\t\t<span class=\"elementor-divider__text elementor-divider__element\">\n\t\t\t\tAufladen & Reichweite\t\t\t\t<\/span>\n\t\t\t\t\t\t<\/span>\n\t\t<\/div>\n\t\t\t\t\t\t<\/div>\n\t\t\t\t<\/div>\n\t\t\t\t<div class=\"elementor-element elementor-element-9d436fa elementor-widget elementor-widget-heading\" data-id=\"9d436fa\" data-element_type=\"widget\" data-widget_type=\"heading.default\">\n\t\t\t\t<div class=\"elementor-widget-container\">\n\t\t\t\t\t<h3 class=\"elementor-heading-title elementor-size-default\">Einfaches, schnelles Stromtanken.<\/h3>\t\t\t\t<\/div>\n\t\t\t\t<\/div>\n\t\t\t\t<div class=\"elementor-element elementor-element-64d6575 elementor-widget elementor-widget-text-editor\" data-id=\"64d6575\" data-element_type=\"widget\" data-widget_type=\"text-editor.default\">\n\t\t\t\t<div class=\"elementor-widget-container\">\n\t\t\t\t\t\t\t\t\t<p>Im neuen Kia EV9 steht Ihr Wohlbefinden im Mittelpunkt. Dies zeigt sich an der Schnellladetechnologie, die in nur 15 Minuten genug Strom f\u00fcr bis zu 249 Kilometer liefert. Die leistungsstarke Batterie bietet eine beeindruckende Reichweite, die es Ihnen erm\u00f6glicht, so weit zu reisen, wie es die Stra\u00dfe und Ihre Vorstellungskraft erlauben.<\/p>\t\t\t\t\t\t\t\t<\/div>\n\t\t\t\t<\/div>\n\t\t\t\t\t<\/div>\n\t\t<\/div>\n\t\t\t\t<div class=\"elementor-column elementor-col-50 elementor-top-column elementor-element elementor-element-3cea9f2\" data-id=\"3cea9f2\" data-element_type=\"column\">\n\t\t\t<div class=\"elementor-widget-wrap\">\n\t\t\t\t\t\t\t<\/div>\n\t\t<\/div>\n\t\t\t\t\t<\/div>\n\t\t<\/section>\n\t\t\t\t<section class=\"elementor-section elementor-top-section elementor-element elementor-element-8ad7ed9 elementor-section-full_width elementor-section-height-default elementor-section-height-default\" data-id=\"8ad7ed9\" data-element_type=\"section\" data-settings=\"{&quot;background_background&quot;:&quot;classic&quot;}\">\n\t\t\t\t\t\t\t<div class=\"elementor-background-overlay\"><\/div>\n\t\t\t\t\t\t\t<div class=\"elementor-container elementor-column-gap-default\">\n\t\t\t\t\t<div class=\"elementor-column elementor-col-50 elementor-top-column elementor-element elementor-element-d29bc89\" data-id=\"d29bc89\" data-element_type=\"column\">\n\t\t\t<div class=\"elementor-widget-wrap elementor-element-populated\">\n\t\t\t\t\t\t<div class=\"elementor-element elementor-element-183d89c elementor-widget-divider--view-line_text elementor-widget-divider--element-align-center elementor-widget elementor-widget-divider\" data-id=\"183d89c\" data-element_type=\"widget\" data-widget_type=\"divider.default\">\n\t\t\t\t<div class=\"elementor-widget-container\">\n\t\t\t\t\t\t\t<div class=\"elementor-divider\">\n\t\t\t<span class=\"elementor-divider-separator\">\n\t\t\t\t\t\t\t<span class=\"elementor-divider__text elementor-divider__element\">\n\t\t\t\tNachhaltigkeit\t\t\t\t<\/span>\n\t\t\t\t\t\t<\/span>\n\t\t<\/div>\n\t\t\t\t\t\t<\/div>\n\t\t\t\t<\/div>\n\t\t\t\t<div class=\"elementor-element elementor-element-14f59b1 elementor-widget elementor-widget-heading\" data-id=\"14f59b1\" data-element_type=\"widget\" data-widget_type=\"heading.default\">\n\t\t\t\t<div class=\"elementor-widget-container\">\n\t\t\t\t\t<h3 class=\"elementor-heading-title elementor-size-default\">Materialien neu interpretiert.<\/h3>\t\t\t\t<\/div>\n\t\t\t\t<\/div>\n\t\t\t\t<div class=\"elementor-element elementor-element-f1415f9 elementor-widget elementor-widget-text-editor\" data-id=\"f1415f9\" data-element_type=\"widget\" data-widget_type=\"text-editor.default\">\n\t\t\t\t<div class=\"elementor-widget-container\">\n\t\t\t\t\t\t\t\t\t<p>Nachhaltige Mobilit\u00e4t resultiert aus sowohl bedeutenden als auch kleineren Entscheidungen. Im Fall des EV9 wird Nachhaltigkeit in jedem Aspekt ber\u00fccksichtigt. Im Innenraum wurden Materialien integriert, die aus recycelten und bio-basierten Quellen stammen, um die Umweltauswirkungen zu minimieren. Diese Materialien f\u00fchlen sich nicht nur angenehm an, sondern tragen auch zur Schonung der Umwelt bei.<\/p>\t\t\t\t\t\t\t\t<\/div>\n\t\t\t\t<\/div>\n\t\t\t\t\t<\/div>\n\t\t<\/div>\n\t\t\t\t<div class=\"elementor-column elementor-col-50 elementor-top-column elementor-element elementor-element-2fda6d6\" data-id=\"2fda6d6\" data-element_type=\"column\">\n\t\t\t<div class=\"elementor-widget-wrap\">\n\t\t\t\t\t\t\t<\/div>\n\t\t<\/div>\n\t\t\t\t\t<\/div>\n\t\t<\/section>\n\t\t\t\t<section class=\"elementor-section elementor-top-section elementor-element elementor-element-9978ca7 elementor-section-full_width elementor-section-height-default elementor-section-height-default\" data-id=\"9978ca7\" data-element_type=\"section\" data-settings=\"{&quot;background_background&quot;:&quot;classic&quot;}\">\n\t\t\t\t\t\t\t<div class=\"elementor-background-overlay\"><\/div>\n\t\t\t\t\t\t\t<div class=\"elementor-container elementor-column-gap-default\">\n\t\t\t\t\t<div class=\"elementor-column elementor-col-50 elementor-top-column elementor-element elementor-element-a0e1f86\" data-id=\"a0e1f86\" data-element_type=\"column\">\n\t\t\t<div class=\"elementor-widget-wrap elementor-element-populated\">\n\t\t\t\t\t\t<div class=\"elementor-element elementor-element-52adb7f elementor-widget-divider--view-line_text elementor-widget-divider--element-align-center elementor-widget elementor-widget-divider\" data-id=\"52adb7f\" data-element_type=\"widget\" data-widget_type=\"divider.default\">\n\t\t\t\t<div class=\"elementor-widget-container\">\n\t\t\t\t\t\t\t<div class=\"elementor-divider\">\n\t\t\t<span class=\"elementor-divider-separator\">\n\t\t\t\t\t\t\t<span class=\"elementor-divider__text elementor-divider__element\">\n\t\t\t\tSicherheit\t\t\t\t<\/span>\n\t\t\t\t\t\t<\/span>\n\t\t<\/div>\n\t\t\t\t\t\t<\/div>\n\t\t\t\t<\/div>\n\t\t\t\t<div class=\"elementor-element elementor-element-7cf7279 elementor-widget elementor-widget-heading\" data-id=\"7cf7279\" data-element_type=\"widget\" data-widget_type=\"heading.default\">\n\t\t\t\t<div class=\"elementor-widget-container\">\n\t\t\t\t\t<h3 class=\"elementor-heading-title elementor-size-default\">Intuitive Sicherheitsfunktionen.<\/h3>\t\t\t\t<\/div>\n\t\t\t\t<\/div>\n\t\t\t\t<div class=\"elementor-element elementor-element-2c3f6a8 elementor-widget elementor-widget-text-editor\" data-id=\"2c3f6a8\" data-element_type=\"widget\" data-widget_type=\"text-editor.default\">\n\t\t\t\t<div class=\"elementor-widget-container\">\n\t\t\t\t\t\t\t\t\t<p>Inspirierende Momente werden erlebt, wenn Sie sich sicher f\u00fchlen. Um Ihnen und Ihren Mitfahrern ein beruhigendes Gef\u00fchl auf Ihren Reisen zu bieten, ist der neue Kia EV9 mit einer Vielzahl von Sicherheitsfunktionen ausgestattet. Dieser Schritt in Richtung autonomes Fahren bietet echte Unterst\u00fctzung beim Fahren und Parken.<\/p>\t\t\t\t\t\t\t\t<\/div>\n\t\t\t\t<\/div>\n\t\t\t\t\t<\/div>\n\t\t<\/div>\n\t\t\t\t<div class=\"elementor-column elementor-col-50 elementor-top-column elementor-element elementor-element-fe206a0\" data-id=\"fe206a0\" data-element_type=\"column\">\n\t\t\t<div class=\"elementor-widget-wrap\">\n\t\t\t\t\t\t\t<\/div>\n\t\t<\/div>\n\t\t\t\t\t<\/div>\n\t\t<\/section>\n\t\t\t\t<section class=\"elementor-section elementor-top-section elementor-element elementor-element-895134a elementor-section-full_width elementor-section-height-default elementor-section-height-default\" data-id=\"895134a\" data-element_type=\"section\" data-settings=\"{&quot;background_background&quot;:&quot;classic&quot;}\">\n\t\t\t\t\t\t\t<div class=\"elementor-background-overlay\"><\/div>\n\t\t\t\t\t\t\t<div class=\"elementor-container elementor-column-gap-default\">\n\t\t\t\t\t<div class=\"elementor-column elementor-col-50 elementor-top-column elementor-element elementor-element-a6b165e\" data-id=\"a6b165e\" data-element_type=\"column\">\n\t\t\t<div class=\"elementor-widget-wrap elementor-element-populated\">\n\t\t\t\t\t\t<div class=\"elementor-element elementor-element-7a02455 elementor-widget-divider--view-line_text elementor-widget-divider--element-align-center elementor-widget elementor-widget-divider\" data-id=\"7a02455\" data-element_type=\"widget\" data-widget_type=\"divider.default\">\n\t\t\t\t<div class=\"elementor-widget-container\">\n\t\t\t\t\t\t\t<div class=\"elementor-divider\">\n\t\t\t<span class=\"elementor-divider-separator\">\n\t\t\t\t\t\t\t<span class=\"elementor-divider__text elementor-divider__element\">\n\t\t\t\tKonnektivit\u00e4t\t\t\t\t<\/span>\n\t\t\t\t\t\t<\/span>\n\t\t<\/div>\n\t\t\t\t\t\t<\/div>\n\t\t\t\t<\/div>\n\t\t\t\t<div class=\"elementor-element elementor-element-e3ac425 elementor-widget elementor-widget-heading\" data-id=\"e3ac425\" data-element_type=\"widget\" data-widget_type=\"heading.default\">\n\t\t\t\t<div class=\"elementor-widget-container\">\n\t\t\t\t\t<h3 class=\"elementor-heading-title elementor-size-default\">Bleiben Sie in Verbindung.<\/h3>\t\t\t\t<\/div>\n\t\t\t\t<\/div>\n\t\t\t\t<div class=\"elementor-element elementor-element-041d4a2 elementor-widget elementor-widget-text-editor\" data-id=\"041d4a2\" data-element_type=\"widget\" data-widget_type=\"text-editor.default\">\n\t\t\t\t<div class=\"elementor-widget-container\">\n\t\t\t\t\t\t\t\t\t<div class=\"flex flex-grow flex-col max-w-full gap-3 gizmo:gap-0\"><div class=\"min-h-[20px] flex flex-col items-start gap-3 whitespace-pre-wrap break-words overflow-x-auto\" data-message-author-role=\"assistant\" data-message-id=\"6aa4e160-ab25-4856-9187-b1bc0e34db09\"><div class=\"markdown prose w-full break-words dark:prose-invert light\"><p>F\u00fcr eine inspirierende Reise ist ein klarer Verstand von gro\u00dfer Bedeutung. Daher ist der neue EV9 mit einer Vielzahl von Funktionen ausgestattet, die es Ihnen erm\u00f6glichen, alle wichtigen Informationen bequem zur Hand zu haben. Sie finden gro\u00dfz\u00fcgige und gut ablesbare Displays f\u00fcr Ihr Infotainment und wesentliche Fahrzeugdaten. Ein hochwertiges Soundsystem umgibt Sie mit kristallklaren Kl\u00e4ngen. Dar\u00fcber hinaus stehen ausreichend Ladem\u00f6glichkeiten zur Verf\u00fcgung, um auch die Ger\u00e4te Ihrer Mitfahrer mit Energie zu versorgen.<\/p><\/div><\/div><\/div><div class=\"flex justify-between empty:hidden gizmo:justify-start gizmo:gap-3 lg:block gizmo:lg:flex\"><div class=\"text-gray-400 flex self-end lg:self-center justify-center gizmo:lg:justify-start mt-2 gizmo:mt-0 visible lg:gap-1 lg:absolute lg:top-0 lg:translate-x-full lg:right-0 lg:mt-0 lg:pl-2 gap-2 md:gap-3\">\u00a0<\/div><\/div>\t\t\t\t\t\t\t\t<\/div>\n\t\t\t\t<\/div>\n\t\t\t\t\t<\/div>\n\t\t<\/div>\n\t\t\t\t<div class=\"elementor-column elementor-col-50 elementor-top-column elementor-element elementor-element-fbc29d7\" data-id=\"fbc29d7\" data-element_type=\"column\">\n\t\t\t<div class=\"elementor-widget-wrap\">\n\t\t\t\t\t\t\t<\/div>\n\t\t<\/div>\n\t\t\t\t\t<\/div>\n\t\t<\/section>\n\t\t\t\t<section class=\"elementor-section elementor-top-section elementor-element elementor-element-95c1297 elementor-section-full_width elementor-section-height-default elementor-section-height-default\" data-id=\"95c1297\" data-element_type=\"section\" data-settings=\"{&quot;background_background&quot;:&quot;classic&quot;}\">\n\t\t\t\t\t\t\t<div class=\"elementor-background-overlay\"><\/div>\n\t\t\t\t\t\t\t<div class=\"elementor-container elementor-column-gap-default\">\n\t\t\t\t\t<div class=\"elementor-column elementor-col-50 elementor-top-column elementor-element elementor-element-2703d30\" data-id=\"2703d30\" data-element_type=\"column\">\n\t\t\t<div class=\"elementor-widget-wrap elementor-element-populated\">\n\t\t\t\t\t\t<div class=\"elementor-element elementor-element-4d8111a elementor-widget-divider--view-line_text elementor-widget-divider--element-align-center elementor-widget elementor-widget-divider\" data-id=\"4d8111a\" data-element_type=\"widget\" data-widget_type=\"divider.default\">\n\t\t\t\t<div class=\"elementor-widget-container\">\n\t\t\t\t\t\t\t<div class=\"elementor-divider\">\n\t\t\t<span class=\"elementor-divider-separator\">\n\t\t\t\t\t\t\t<span class=\"elementor-divider__text elementor-divider__element\">\n\t\t\t\tPlattform\t\t\t\t<\/span>\n\t\t\t\t\t\t<\/span>\n\t\t<\/div>\n\t\t\t\t\t\t<\/div>\n\t\t\t\t<\/div>\n\t\t\t\t<div class=\"elementor-element elementor-element-7d363ae elementor-widget elementor-widget-heading\" data-id=\"7d363ae\" data-element_type=\"widget\" data-widget_type=\"heading.default\">\n\t\t\t\t<div class=\"elementor-widget-container\">\n\t\t\t\t\t<h3 class=\"elementor-heading-title elementor-size-default\">Technologie, die Sie bewegt.<\/h3>\t\t\t\t<\/div>\n\t\t\t\t<\/div>\n\t\t\t\t<div class=\"elementor-element elementor-element-5768bd6 elementor-widget elementor-widget-text-editor\" data-id=\"5768bd6\" data-element_type=\"widget\" data-widget_type=\"text-editor.default\">\n\t\t\t\t<div class=\"elementor-widget-container\">\n\t\t\t\t\t\t\t\t\t<p>Der EV9 wird Sie in vielerlei Hinsicht positiv beeinflussen. Genie\u00dfen Sie lang anhaltende Fahrfreude, zus\u00e4tzlichen Raum und ein ausgewogenes Fahrverhalten auf verschiedenem Untergrund. Dies wird durch die innovative Electric Global Modular Platform (E-GMP) gew\u00e4hrleistet. Diese Plattform ist nicht nur f\u00fcr den gro\u00dfz\u00fcgigen Innenraum verantwortlich, sondern unterst\u00fctzt auch ein sportlicheres Fahrverhalten und eine erweiterte Reichweite. Ein Highlight, das all Ihre Sinne anspricht.<\/p>\t\t\t\t\t\t\t\t<\/div>\n\t\t\t\t<\/div>\n\t\t\t\t\t<\/div>\n\t\t<\/div>\n\t\t\t\t<div class=\"elementor-column elementor-col-50 elementor-top-column elementor-element elementor-element-cb97b37\" data-id=\"cb97b37\" data-element_type=\"column\">\n\t\t\t<div class=\"elementor-widget-wrap\">\n\t\t\t\t\t\t\t<\/div>\n\t\t<\/div>\n\t\t\t\t\t<\/div>\n\t\t<\/section>\n\t\t\t\t<section class=\"elementor-section elementor-top-section elementor-element elementor-element-c4cc8e0 elementor-section-full_width elementor-section-height-default elementor-section-height-default\" data-id=\"c4cc8e0\" data-element_type=\"section\" data-settings=\"{&quot;background_background&quot;:&quot;classic&quot;}\">\n\t\t\t\t\t\t\t<div class=\"elementor-background-overlay\"><\/div>\n\t\t\t\t\t\t\t<div class=\"elementor-container elementor-column-gap-default\">\n\t\t\t\t\t<div class=\"elementor-column elementor-col-50 elementor-top-column elementor-element elementor-element-4e41124\" data-id=\"4e41124\" data-element_type=\"column\">\n\t\t\t<div class=\"elementor-widget-wrap elementor-element-populated\">\n\t\t\t\t\t\t<div class=\"elementor-element elementor-element-5b2bbe7 elementor-widget-divider--view-line_text elementor-widget-divider--element-align-center elementor-widget elementor-widget-divider\" data-id=\"5b2bbe7\" data-element_type=\"widget\" data-widget_type=\"divider.default\">\n\t\t\t\t<div class=\"elementor-widget-container\">\n\t\t\t\t\t\t\t<div class=\"elementor-divider\">\n\t\t\t<span class=\"elementor-divider-separator\">\n\t\t\t\t\t\t\t<span class=\"elementor-divider__text elementor-divider__element\">\n\t\t\t\tAntriebe & Ausstattungslinien\t\t\t\t<\/span>\n\t\t\t\t\t\t<\/span>\n\t\t<\/div>\n\t\t\t\t\t\t<\/div>\n\t\t\t\t<\/div>\n\t\t\t\t<div class=\"elementor-element elementor-element-e3ca0a1 elementor-widget elementor-widget-heading\" data-id=\"e3ca0a1\" data-element_type=\"widget\" data-widget_type=\"heading.default\">\n\t\t\t\t<div class=\"elementor-widget-container\">\n\t\t\t\t\t<h3 class=\"elementor-heading-title elementor-size-default\">Entdecke Sie Ihren perfekten Match.<\/h3>\t\t\t\t<\/div>\n\t\t\t\t<\/div>\n\t\t\t\t<div class=\"elementor-element elementor-element-43b9bdb elementor-widget elementor-widget-text-editor\" data-id=\"43b9bdb\" data-element_type=\"widget\" data-widget_type=\"text-editor.default\">\n\t\t\t\t<div class=\"elementor-widget-container\">\n\t\t\t\t\t\t\t\t\t<p>Um eine unmittelbare Verbindung zu Ihrem EV9 herzustellen, stehen Ihnen zwei elektrische Antriebsvarianten und zwei Ausstattungslinien zur Auswahl. Welche Option m\u00f6chten Sie ausw\u00e4hlen?<\/p>\t\t\t\t\t\t\t\t<\/div>\n\t\t\t\t<\/div>\n\t\t\t\t\t<\/div>\n\t\t<\/div>\n\t\t\t\t<div class=\"elementor-column elementor-col-50 elementor-top-column elementor-element elementor-element-48931a8\" data-id=\"48931a8\" data-element_type=\"column\">\n\t\t\t<div class=\"elementor-widget-wrap\">\n\t\t\t\t\t\t\t<\/div>\n\t\t<\/div>\n\t\t\t\t\t<\/div>\n\t\t<\/section>\n\t\t\t\t<section class=\"elementor-section elementor-top-section elementor-element elementor-element-6bb795d elementor-section-full_width elementor-section-height-default elementor-section-height-default\" data-id=\"6bb795d\" data-element_type=\"section\" data-settings=\"{&quot;background_background&quot;:&quot;classic&quot;}\">\n\t\t\t\t\t\t\t<div class=\"elementor-background-overlay\"><\/div>\n\t\t\t\t\t\t\t<div class=\"elementor-container elementor-column-gap-default\">\n\t\t\t\t\t<div class=\"elementor-column elementor-col-50 elementor-top-column elementor-element elementor-element-cb42ea3\" data-id=\"cb42ea3\" data-element_type=\"column\">\n\t\t\t<div class=\"elementor-widget-wrap elementor-element-populated\">\n\t\t\t\t\t\t<div class=\"elementor-element elementor-element-89ecc0b elementor-widget-divider--view-line_text elementor-widget-divider--element-align-center elementor-widget elementor-widget-divider\" data-id=\"89ecc0b\" data-element_type=\"widget\" data-widget_type=\"divider.default\">\n\t\t\t\t<div class=\"elementor-widget-container\">\n\t\t\t\t\t\t\t<div class=\"elementor-divider\">\n\t\t\t<span class=\"elementor-divider-separator\">\n\t\t\t\t\t\t\t<span class=\"elementor-divider__text elementor-divider__element\">\n\t\t\t\tZubeh\u00f6r\t\t\t\t<\/span>\n\t\t\t\t\t\t<\/span>\n\t\t<\/div>\n\t\t\t\t\t\t<\/div>\n\t\t\t\t<\/div>\n\t\t\t\t<div class=\"elementor-element elementor-element-b973797 elementor-widget elementor-widget-heading\" data-id=\"b973797\" data-element_type=\"widget\" data-widget_type=\"heading.default\">\n\t\t\t\t<div class=\"elementor-widget-container\">\n\t\t\t\t\t<h3 class=\"elementor-heading-title elementor-size-default\">Dein Kia, Ihr Lifestyle.<\/h3>\t\t\t\t<\/div>\n\t\t\t\t<\/div>\n\t\t\t\t<div class=\"elementor-element elementor-element-8585470 elementor-widget elementor-widget-text-editor\" data-id=\"8585470\" data-element_type=\"widget\" data-widget_type=\"text-editor.default\">\n\t\t\t\t<div class=\"elementor-widget-container\">\n\t\t\t\t\t\t\t\t\t<p>Waren Sie sich bewusst, dass Sie Ihren neuen EV9 nach Ihren pers\u00f6nlichen Vorlieben anpassen k\u00f6nnen? Ganz gleich, ob Sie mehr Flexibilit\u00e4t, zus\u00e4tzlichen Komfort oder ein individuelles Design bevorzugen. Hier entdecken Sie n\u00fctzliches Zubeh\u00f6r f\u00fcr Ihr kommendes Abenteuer.<\/p>\t\t\t\t\t\t\t\t<\/div>\n\t\t\t\t<\/div>\n\t\t\t\t\t<\/div>\n\t\t<\/div>\n\t\t\t\t<div class=\"elementor-column elementor-col-50 elementor-top-column elementor-element elementor-element-2380bef\" data-id=\"2380bef\" data-element_type=\"column\">\n\t\t\t<div class=\"elementor-widget-wrap\">\n\t\t\t\t\t\t\t<\/div>\n\t\t<\/div>\n\t\t\t\t\t<\/div>\n\t\t<\/section>\n\t\t\t\t<section class=\"elementor-section elementor-top-section elementor-element elementor-element-2d2a178 elementor-hidden-mobile elementor-section-boxed elementor-section-height-default elementor-section-height-default\" data-id=\"2d2a178\" data-element_type=\"section\">\n\t\t\t\t\t\t<div class=\"elementor-container elementor-column-gap-default\">\n\t\t\t\t\t<div class=\"elementor-column elementor-col-100 elementor-top-column elementor-element elementor-element-f47da28\" data-id=\"f47da28\" data-element_type=\"column\">\n\t\t\t<div class=\"elementor-widget-wrap elementor-element-populated\">\n\t\t\t\t\t\t<div class=\"elementor-element elementor-element-eba664f elementor-widget elementor-widget-heading\" data-id=\"eba664f\" data-element_type=\"widget\" data-widget_type=\"heading.default\">\n\t\t\t\t<div class=\"elementor-widget-container\">\n\t\t\t\t\t<h2 class=\"elementor-heading-title elementor-size-default\">Highlights<\/h2>\t\t\t\t<\/div>\n\t\t\t\t<\/div>\n\t\t\t\t\t<\/div>\n\t\t<\/div>\n\t\t\t\t\t<\/div>\n\t\t<\/section>\n\t\t\t\t<section class=\"elementor-section elementor-top-section elementor-element elementor-element-6c6966c2 elementor-section-full_width elementor-hidden-mobile elementor-section-height-default elementor-section-height-default\" data-id=\"6c6966c2\" data-element_type=\"section\">\n\t\t\t\t\t\t<div class=\"elementor-container elementor-column-gap-default\">\n\t\t\t\t\t<div class=\"elementor-column elementor-col-100 elementor-top-column elementor-element elementor-element-596453e1\" data-id=\"596453e1\" data-element_type=\"column\">\n\t\t\t<div class=\"elementor-widget-wrap elementor-element-populated\">\n\t\t\t\t\t\t<div class=\"elementor-element elementor-element-b9ab86a elementor-pagination-position-inside elementor-arrows-position-inside elementor-widget elementor-widget-image-carousel\" data-id=\"b9ab86a\" data-element_type=\"widget\" data-settings=\"{&quot;image_spacing_custom&quot;:{&quot;unit&quot;:&quot;px&quot;,&quot;size&quot;:10,&quot;sizes&quot;:[]},&quot;navigation&quot;:&quot;both&quot;,&quot;autoplay&quot;:&quot;yes&quot;,&quot;pause_on_hover&quot;:&quot;yes&quot;,&quot;pause_on_interaction&quot;:&quot;yes&quot;,&quot;autoplay_speed&quot;:5000,&quot;infinite&quot;:&quot;yes&quot;,&quot;speed&quot;:500,&quot;image_spacing_custom_laptop&quot;:{&quot;unit&quot;:&quot;px&quot;,&quot;size&quot;:&quot;&quot;,&quot;sizes&quot;:[]},&quot;image_spacing_custom_tablet&quot;:{&quot;unit&quot;:&quot;px&quot;,&quot;size&quot;:&quot;&quot;,&quot;sizes&quot;:[]},&quot;image_spacing_custom_mobile&quot;:{&quot;unit&quot;:&quot;px&quot;,&quot;size&quot;:&quot;&quot;,&quot;sizes&quot;:[]}}\" data-widget_type=\"image-carousel.default\">\n\t\t\t\t<div class=\"elementor-widget-container\">\n\t\t\t\t\t\t\t<div class=\"elementor-image-carousel-wrapper swiper\" role=\"region\" aria-roledescription=\"carousel\" aria-label=\"Bild Karussell\" dir=\"ltr\">\n\t\t\t<div class=\"elementor-image-carousel swiper-wrapper\" aria-live=\"off\">\n\t\t\t\t\t\t\t\t<div class=\"swiper-slide\" role=\"group\" aria-roledescription=\"slide\" aria-label=\"1 von 5\"><figure class=\"swiper-slide-inner\"><img decoding=\"async\" class=\"swiper-slide-image\" src=\"https:\/\/guenther-gruppe.de\/kia\/wp-content\/uploads\/sites\/9\/2023\/11\/23116-ev9-5.jpg\" alt=\"Frau in beiger Kleidung steht im Freien mit klarem Himmel. Blick aus dem Autoinnenraum mit Lenkrad sichtbar.\" \/><\/figure><\/div><div class=\"swiper-slide\" role=\"group\" aria-roledescription=\"slide\" aria-label=\"2 von 5\"><figure class=\"swiper-slide-inner\"><img decoding=\"async\" class=\"swiper-slide-image\" src=\"https:\/\/guenther-gruppe.de\/kia\/wp-content\/uploads\/sites\/9\/2023\/11\/23116-ev9-4.jpg\" alt=\"Mann lehnt an blauem SUV vor moderner Architektur sonniger Tag urbanes Autofahren Fahrzeugdesign\" \/><\/figure><\/div><div class=\"swiper-slide\" role=\"group\" aria-roledescription=\"slide\" aria-label=\"3 von 5\"><figure class=\"swiper-slide-inner\"><img decoding=\"async\" class=\"swiper-slide-image\" src=\"https:\/\/guenther-gruppe.de\/kia\/wp-content\/uploads\/sites\/9\/2023\/11\/23116-ev9-3.jpg\" alt=\"Frau in blauem Anzug steht neben einem modernen silbernen SUV vor minimalistischer Architekturkulisse\" \/><\/figure><\/div><div class=\"swiper-slide\" role=\"group\" aria-roledescription=\"slide\" aria-label=\"4 von 5\"><figure class=\"swiper-slide-inner\"><img decoding=\"async\" class=\"swiper-slide-image\" src=\"https:\/\/guenther-gruppe.de\/kia\/wp-content\/uploads\/sites\/9\/2023\/11\/23116-ev9-2.jpg\" alt=\"Zwei moderne SUVs auf einem Parkplatz mit malerischer Gebirgslandschaft im Hintergrund bei bew\u00f6lktem Himmel.\" \/><\/figure><\/div><div class=\"swiper-slide\" role=\"group\" aria-roledescription=\"slide\" aria-label=\"5 von 5\"><figure class=\"swiper-slide-inner\"><img decoding=\"async\" class=\"swiper-slide-image\" src=\"https:\/\/guenther-gruppe.de\/kia\/wp-content\/uploads\/sites\/9\/2023\/11\/23116-ev9-1.jpg\" alt=\"Frontansicht eines modernen grauen Elektroautos neben einer Frau in einem olivgr\u00fcnen Kleid im Freien\" \/><\/figure><\/div>\t\t\t<\/div>\n\t\t\t\t\t\t\t\t\t\t\t\t<div class=\"elementor-swiper-button elementor-swiper-button-prev\" role=\"button\" tabindex=\"0\">\n\t\t\t\t\t\t<i aria-hidden=\"true\" class=\"eicon-chevron-left\"><\/i>\t\t\t\t\t<\/div>\n\t\t\t\t\t<div class=\"elementor-swiper-button elementor-swiper-button-next\" role=\"button\" tabindex=\"0\">\n\t\t\t\t\t\t<i aria-hidden=\"true\" class=\"eicon-chevron-right\"><\/i>\t\t\t\t\t<\/div>\n\t\t\t\t\n\t\t\t\t\t\t\t\t\t<div class=\"swiper-pagination\"><\/div>\n\t\t\t\t\t\t\t\t\t<\/div>\n\t\t\t\t\t\t<\/div>\n\t\t\t\t<\/div>\n\t\t\t\t\t<\/div>\n\t\t<\/div>\n\t\t\t\t\t<\/div>\n\t\t<\/section>\n\t\t\t\t<section class=\"elementor-section elementor-top-section elementor-element elementor-element-21bb1d98 elementor-section-content-middle elementor-section-boxed elementor-section-height-default elementor-section-height-default\" data-id=\"21bb1d98\" data-element_type=\"section\" data-settings=\"{&quot;background_background&quot;:&quot;classic&quot;}\">\n\t\t\t\t\t\t<div class=\"elementor-container elementor-column-gap-no\">\n\t\t\t\t\t<div class=\"elementor-column elementor-col-100 elementor-top-column elementor-element elementor-element-1788dbea\" data-id=\"1788dbea\" data-element_type=\"column\">\n\t\t\t<div class=\"elementor-widget-wrap elementor-element-populated\">\n\t\t\t\t\t\t<div class=\"elementor-element elementor-element-358de15b elementor-widget elementor-widget-heading\" data-id=\"358de15b\" data-element_type=\"widget\" data-widget_type=\"heading.default\">\n\t\t\t\t<div class=\"elementor-widget-container\">\n\t\t\t\t\t<h2 class=\"elementor-heading-title elementor-size-default\">Wie k\u00f6nnen wir Ihnen helfen<\/h2>\t\t\t\t<\/div>\n\t\t\t\t<\/div>\n\t\t\t\t<div class=\"elementor-element elementor-element-292c51eb elementor-widget-divider--view-line elementor-widget elementor-widget-divider\" data-id=\"292c51eb\" data-element_type=\"widget\" data-widget_type=\"divider.default\">\n\t\t\t\t<div class=\"elementor-widget-container\">\n\t\t\t\t\t\t\t<div class=\"elementor-divider\">\n\t\t\t<span class=\"elementor-divider-separator\">\n\t\t\t\t\t\t<\/span>\n\t\t<\/div>\n\t\t\t\t\t\t<\/div>\n\t\t\t\t<\/div>\n\t\t\t\t<section class=\"elementor-section elementor-inner-section elementor-element elementor-element-7a4911be elementor-section-boxed elementor-section-height-default elementor-section-height-default\" data-id=\"7a4911be\" data-element_type=\"section\">\n\t\t\t\t\t\t<div class=\"elementor-container elementor-column-gap-default\">\n\t\t\t\t\t<div class=\"elementor-column elementor-col-33 elementor-inner-column elementor-element elementor-element-2425f7bc\" data-id=\"2425f7bc\" data-element_type=\"column\" data-settings=\"{&quot;background_background&quot;:&quot;classic&quot;}\">\n\t\t\t<div class=\"elementor-widget-wrap elementor-element-populated\">\n\t\t\t\t\t\t<div class=\"elementor-element elementor-element-4ffd8d15 elementor-view-framed elementor-shape-circle elementor-position-top elementor-mobile-position-top elementor-widget elementor-widget-icon-box\" data-id=\"4ffd8d15\" data-element_type=\"widget\" data-widget_type=\"icon-box.default\">\n\t\t\t\t<div class=\"elementor-widget-container\">\n\t\t\t\t\t\t\t<div class=\"elementor-icon-box-wrapper\">\n\n\t\t\t\t\t\t<div class=\"elementor-icon-box-icon\">\n\t\t\t\t<a href=\"\/kia\/kontakt\/\" class=\"elementor-icon\" tabindex=\"-1\" aria-label=\"Bleiben Sie in Kontakt\">\n\t\t\t\t<i aria-hidden=\"true\" class=\"fas fa-info\"><\/i>\t\t\t\t<\/a>\n\t\t\t<\/div>\n\t\t\t\n\t\t\t\t\t\t<div class=\"elementor-icon-box-content\">\n\n\t\t\t\t\t\t\t\t\t<h3 class=\"elementor-icon-box-title\">\n\t\t\t\t\t\t<a href=\"\/kia\/kontakt\/\" >\n\t\t\t\t\t\t\tBleiben Sie in Kontakt\t\t\t\t\t\t<\/a>\n\t\t\t\t\t<\/h3>\n\t\t\t\t\n\t\t\t\t\n\t\t\t<\/div>\n\t\t\t\n\t\t<\/div>\n\t\t\t\t\t\t<\/div>\n\t\t\t\t<\/div>\n\t\t\t\t<div class=\"elementor-element elementor-element-3a2d939c elementor-widget elementor-widget-image\" data-id=\"3a2d939c\" data-element_type=\"widget\" data-widget_type=\"image.default\">\n\t\t\t\t<div class=\"elementor-widget-container\">\n\t\t\t\t\t\t\t\t\t\t\t\t\t\t\t<img decoding=\"async\" src=\"http:\/\/guenther-gruppe.de\/kia\/wp-content\/uploads\/sites\/9\/2021\/02\/logo-01-free-img.png\" title=\"\" alt=\"\" loading=\"lazy\" \/>\t\t\t\t\t\t\t\t\t\t\t\t\t\t\t<\/div>\n\t\t\t\t<\/div>\n\t\t\t\t\t<\/div>\n\t\t<\/div>\n\t\t\t\t<div class=\"elementor-column elementor-col-33 elementor-inner-column elementor-element elementor-element-4d1a8a0d\" data-id=\"4d1a8a0d\" data-element_type=\"column\" data-settings=\"{&quot;background_background&quot;:&quot;classic&quot;}\">\n\t\t\t<div class=\"elementor-widget-wrap elementor-element-populated\">\n\t\t\t\t\t\t<div class=\"elementor-element elementor-element-7d1c6a78 elementor-view-framed elementor-shape-circle elementor-position-top elementor-mobile-position-top elementor-widget elementor-widget-icon-box\" data-id=\"7d1c6a78\" data-element_type=\"widget\" data-widget_type=\"icon-box.default\">\n\t\t\t\t<div class=\"elementor-widget-container\">\n\t\t\t\t\t\t\t<div class=\"elementor-icon-box-wrapper\">\n\n\t\t\t\t\t\t<div class=\"elementor-icon-box-icon\">\n\t\t\t\t<a href=\"\/kia\/probefahrt\/\" class=\"elementor-icon\" tabindex=\"-1\" aria-label=\"Probefahrt vereinbaren\">\n\t\t\t\t<i aria-hidden=\"true\" class=\"fas fa-car\"><\/i>\t\t\t\t<\/a>\n\t\t\t<\/div>\n\t\t\t\n\t\t\t\t\t\t<div class=\"elementor-icon-box-content\">\n\n\t\t\t\t\t\t\t\t\t<h3 class=\"elementor-icon-box-title\">\n\t\t\t\t\t\t<a href=\"\/kia\/probefahrt\/\" >\n\t\t\t\t\t\t\tProbefahrt vereinbaren\t\t\t\t\t\t<\/a>\n\t\t\t\t\t<\/h3>\n\t\t\t\t\n\t\t\t\t\n\t\t\t<\/div>\n\t\t\t\n\t\t<\/div>\n\t\t\t\t\t\t<\/div>\n\t\t\t\t<\/div>\n\t\t\t\t\t<\/div>\n\t\t<\/div>\n\t\t\t\t<div class=\"elementor-column elementor-col-33 elementor-inner-column elementor-element elementor-element-63afbf1\" data-id=\"63afbf1\" data-element_type=\"column\" data-settings=\"{&quot;background_background&quot;:&quot;classic&quot;}\">\n\t\t\t<div class=\"elementor-widget-wrap elementor-element-populated\">\n\t\t\t\t\t\t<div class=\"elementor-element elementor-element-c3cb2f9 elementor-view-framed elementor-shape-circle elementor-position-top elementor-mobile-position-top elementor-widget elementor-widget-icon-box\" data-id=\"c3cb2f9\" data-element_type=\"widget\" data-widget_type=\"icon-box.default\">\n\t\t\t\t<div class=\"elementor-widget-container\">\n\t\t\t\t\t\t\t<div class=\"elementor-icon-box-wrapper\">\n\n\t\t\t\t\t\t<div class=\"elementor-icon-box-icon\">\n\t\t\t\t<a href=\"\/kia\/standorte\/\" class=\"elementor-icon\" tabindex=\"-1\" aria-label=\"Standorte suchen\">\n\t\t\t\t<i aria-hidden=\"true\" class=\"fas fa-map-marker-alt\"><\/i>\t\t\t\t<\/a>\n\t\t\t<\/div>\n\t\t\t\n\t\t\t\t\t\t<div class=\"elementor-icon-box-content\">\n\n\t\t\t\t\t\t\t\t\t<h3 class=\"elementor-icon-box-title\">\n\t\t\t\t\t\t<a href=\"\/kia\/standorte\/\" >\n\t\t\t\t\t\t\tStandorte suchen\t\t\t\t\t\t<\/a>\n\t\t\t\t\t<\/h3>\n\t\t\t\t\n\t\t\t\t\n\t\t\t<\/div>\n\t\t\t\n\t\t<\/div>\n\t\t\t\t\t\t<\/div>\n\t\t\t\t<\/div>\n\t\t\t\t\t<\/div>\n\t\t<\/div>\n\t\t\t\t\t<\/div>\n\t\t<\/section>\n\t\t\t\t\t<\/div>\n\t\t<\/div>\n\t\t\t\t\t<\/div>\n\t\t<\/section>\n\t\t\t\t<section class=\"elementor-section elementor-top-section elementor-element elementor-element-b3b7246 elementor-section-full_width elementor-section-height-default elementor-section-height-default\" data-id=\"b3b7246\" data-element_type=\"section\" id=\"probefahrt\" data-settings=\"{&quot;background_background&quot;:&quot;classic&quot;}\">\n\t\t\t\t\t\t<div class=\"elementor-container elementor-column-gap-default\">\n\t\t\t\t\t<div class=\"elementor-column elementor-col-100 elementor-top-column elementor-element elementor-element-65fe200\" data-id=\"65fe200\" data-element_type=\"column\">\n\t\t\t<div class=\"elementor-widget-wrap elementor-element-populated\">\n\t\t\t\t\t\t<div class=\"elementor-element elementor-element-5612cf3 elementor-widget elementor-widget-heading\" data-id=\"5612cf3\" data-element_type=\"widget\" data-widget_type=\"heading.default\">\n\t\t\t\t<div class=\"elementor-widget-container\">\n\t\t\t\t\t<h2 class=\"elementor-heading-title elementor-size-default\">Probefahrt mit dem Kia EV9<\/h2>\t\t\t\t<\/div>\n\t\t\t\t<\/div>\n\t\t\t\t<div class=\"elementor-element elementor-element-0dc2cf8 elementor-widget elementor-widget-wpforms\" data-id=\"0dc2cf8\" data-element_type=\"widget\" data-widget_type=\"wpforms.default\">\n\t\t\t\t<div class=\"elementor-widget-container\">\n\t\t\t\t\t<div class=\"wpforms-container wpforms-container-full\" id=\"wpforms-92835\"><form id=\"wpforms-form-92835\" class=\"wpforms-validate wpforms-form\" data-formid=\"92835\" method=\"post\" enctype=\"multipart\/form-data\" action=\"\/kia\/wp-json\/wp\/v2\/posts\/92747\" data-token=\"6490e5b52bdd42b395691c35d7d43a42\" data-token-time=\"1777602810\"><noscript class=\"wpforms-error-noscript\">Bitte aktiviere JavaScript in deinem Browser, um dieses Formular fertigzustellen.<\/noscript><div class=\"wpforms-field-container\"><div id=\"wpforms-92835-field_14-container\" class=\"wpforms-field wpforms-field-radio wpforms-list-inline\" data-field-id=\"14\"><label class=\"wpforms-field-label\">Anrede <span class=\"wpforms-required-label\">*<\/span><\/label><ul id=\"wpforms-92835-field_14\" class=\"wpforms-field-required\"><li class=\"choice-1 depth-1 wpforms-selected\"><input type=\"radio\" id=\"wpforms-92835-field_14_1\" name=\"wpforms[fields][14]\" value=\"Herr\" required  checked='checked'><label class=\"wpforms-field-label-inline\" for=\"wpforms-92835-field_14_1\">Herr<\/label><\/li><li class=\"choice-2 depth-1\"><input type=\"radio\" id=\"wpforms-92835-field_14_2\" name=\"wpforms[fields][14]\" value=\"Frau\" required ><label class=\"wpforms-field-label-inline\" for=\"wpforms-92835-field_14_2\">Frau<\/label><\/li><li class=\"choice-3 depth-1\"><input type=\"radio\" id=\"wpforms-92835-field_14_3\" name=\"wpforms[fields][14]\" value=\"Divers\" required ><label class=\"wpforms-field-label-inline\" for=\"wpforms-92835-field_14_3\">Divers<\/label><\/li><li class=\"choice-4 depth-1\"><input type=\"radio\" id=\"wpforms-92835-field_14_4\" name=\"wpforms[fields][14]\" value=\"Keine\" required ><label class=\"wpforms-field-label-inline\" for=\"wpforms-92835-field_14_4\">Keine<\/label><\/li><\/ul><\/div><div id=\"wpforms-92835-field_0-container\" class=\"wpforms-field wpforms-field-name\" data-field-id=\"0\"><label class=\"wpforms-field-label\">Name <span class=\"wpforms-required-label\">*<\/span><\/label><div class=\"wpforms-field-row wpforms-field-large\"><div class=\"wpforms-field-row-block wpforms-first wpforms-one-half\"><input type=\"text\" id=\"wpforms-92835-field_0\" class=\"wpforms-field-name-first wpforms-field-required\" name=\"wpforms[fields][0][first]\" required><label for=\"wpforms-92835-field_0\" class=\"wpforms-field-sublabel after\">Vorname<\/label><\/div><div class=\"wpforms-field-row-block wpforms-one-half\"><input type=\"text\" id=\"wpforms-92835-field_0-last\" class=\"wpforms-field-name-last wpforms-field-required\" name=\"wpforms[fields][0][last]\" required><label for=\"wpforms-92835-field_0-last\" class=\"wpforms-field-sublabel after\">Nachname<\/label><\/div><\/div><\/div><div id=\"wpforms-92835-field_1-container\" class=\"wpforms-field wpforms-field-email\" data-field-id=\"1\"><label class=\"wpforms-field-label\" for=\"wpforms-92835-field_1\">Ihre E-Mailadresse <span class=\"wpforms-required-label\">*<\/span><\/label><input type=\"email\" id=\"wpforms-92835-field_1\" class=\"wpforms-field-large wpforms-field-required\" name=\"wpforms[fields][1]\" spellcheck=\"false\" required><\/div><div id=\"wpforms-92835-field_18-container\" class=\"wpforms-field wpforms-field-number\" data-field-id=\"18\"><label class=\"wpforms-field-label\" for=\"wpforms-92835-field_18\">Telefon<\/label><input type=\"number\" id=\"wpforms-92835-field_18\" class=\"wpforms-field-medium\" name=\"wpforms[fields][18]\" step=\"any\" ><\/div><div id=\"wpforms-92835-field_8-container\" class=\"wpforms-field wpforms-field-checkbox\" data-field-id=\"8\"><label class=\"wpforms-field-label\">Ihre Wunschfiliale (optional)<\/label><ul id=\"wpforms-92835-field_8\" data-choice-limit=\"1\"><li class=\"choice-1 depth-1\"><input type=\"checkbox\" id=\"wpforms-92835-field_8_1\" data-rule-check-limit=\"true\" name=\"wpforms[fields][8][]\" value=\"Hamburg-Poppenb\u00fcttel\"  ><label class=\"wpforms-field-label-inline\" for=\"wpforms-92835-field_8_1\">Hamburg-Poppenb\u00fcttel<\/label><\/li><li class=\"choice-2 depth-1\"><input type=\"checkbox\" id=\"wpforms-92835-field_8_2\" data-rule-check-limit=\"true\" name=\"wpforms[fields][8][]\" value=\"Hamburg-Hamm\"  ><label class=\"wpforms-field-label-inline\" for=\"wpforms-92835-field_8_2\">Hamburg-Hamm<\/label><\/li><li class=\"choice-3 depth-1\"><input type=\"checkbox\" id=\"wpforms-92835-field_8_3\" data-rule-check-limit=\"true\" name=\"wpforms[fields][8][]\" value=\"Ahrensburg\"  ><label class=\"wpforms-field-label-inline\" for=\"wpforms-92835-field_8_3\">Ahrensburg<\/label><\/li><li class=\"choice-4 depth-1\"><input type=\"checkbox\" id=\"wpforms-92835-field_8_4\" data-rule-check-limit=\"true\" name=\"wpforms[fields][8][]\" value=\"Halstenbek\"  ><label class=\"wpforms-field-label-inline\" for=\"wpforms-92835-field_8_4\">Halstenbek<\/label><\/li><\/ul><\/div><div id=\"wpforms-92835-field_15-container\" class=\"wpforms-field wpforms-field-checkbox wpforms-list-inline\" data-field-id=\"15\"><label class=\"wpforms-field-label\">Ja, ich interessiere mich f\u00fcr den Kia EV9<\/label><ul id=\"wpforms-92835-field_15\" class=\"wpforms-image-choices wpforms-image-choices-modern\" data-choice-limit=\"1\"><li class=\"choice-3 depth-1 wpforms-image-choices-item\"><label class=\"wpforms-field-label-inline\" for=\"wpforms-92835-field_15_3\" tabindex=\"0\"><span class=\"wpforms-image-choices-image\"><img decoding=\"async\" src=\"https:\/\/guenther-gruppe.de\/kia\/wp-content\/uploads\/sites\/9\/2023\/11\/23116-kia-ev9.jpg\" alt=\"Der Kia EV9\" title=\"Der Kia EV9\"><\/span><input type=\"checkbox\" id=\"wpforms-92835-field_15_3\" class=\"wpforms-screen-reader-element\" data-rule-check-limit=\"true\" name=\"wpforms[fields][15][]\" value=\"Der Kia EV9\" tabindex=\"-1\"  ><span class=\"wpforms-image-choices-label\">Der Kia EV9<\/span><\/label><\/li><\/ul><\/div><div id=\"wpforms-92835-field_2-container\" class=\"wpforms-field wpforms-field-textarea\" data-field-id=\"2\"><label class=\"wpforms-field-label\" for=\"wpforms-92835-field_2\">Ihre Nachricht <span class=\"wpforms-required-label\">*<\/span><\/label><textarea id=\"wpforms-92835-field_2\" class=\"wpforms-field-medium wpforms-field-required\" name=\"wpforms[fields][2]\" required><\/textarea><\/div><div id=\"wpforms-92835-field_17-container\" class=\"wpforms-field wpforms-field-checkbox\" data-field-id=\"17\"><label class=\"wpforms-field-label\">DSGVO-Einverst\u00e4ndnis <span class=\"wpforms-required-label\">*<\/span><\/label><ul id=\"wpforms-92835-field_17\" class=\"wpforms-field-required\"><li class=\"choice-3 depth-1\"><input type=\"checkbox\" id=\"wpforms-92835-field_17_3\" name=\"wpforms[fields][17][]\" value=\"Durch das Absenden dieses Kontaktformulars \u00fcbermitteln Sie uns die aktuelle IP-Adresse Ihres Internetzugangs sowie die durch Sie eingegebenen Daten zur elektronischen Verarbeitung auf freiwilliger Basis. Die von Ihnen \u00fcbermittelten personenbezogenen Daten werden f\u00fcr die Bearbeitung der Anfrage oder der Kontaktaufnahme automatisch gespeichert. Es erfolgt keine Weitergabe dieser personenbezogenen Daten an Dritte.\" required ><label class=\"wpforms-field-label-inline\" for=\"wpforms-92835-field_17_3\">Durch das Absenden dieses Kontaktformulars \u00fcbermitteln Sie uns die aktuelle IP-Adresse Ihres Internetzugangs sowie die durch Sie eingegebenen Daten zur elektronischen Verarbeitung auf freiwilliger Basis. Die von Ihnen \u00fcbermittelten personenbezogenen Daten werden f\u00fcr die Bearbeitung der Anfrage oder der Kontaktaufnahme automatisch gespeichert. Es erfolgt keine Weitergabe dieser personenbezogenen Daten an Dritte.<\/label><\/li><\/ul><\/div><\/div><!-- .wpforms-field-container --><div class=\"wpforms-field wpforms-field-hp\"><label for=\"wpforms-92835-field-hp\" class=\"wpforms-field-label\">Email<\/label><input type=\"text\" name=\"wpforms[hp]\" id=\"wpforms-92835-field-hp\" class=\"wpforms-field-medium\"><\/div><div class=\"wpforms-submit-container\" ><input type=\"hidden\" name=\"wpforms[id]\" value=\"92835\"><input type=\"hidden\" name=\"page_title\" value=\"\"><input type=\"hidden\" name=\"page_url\" value=\"https:\/\/guenther-gruppe.de\/kia\/wp-json\/wp\/v2\/posts\/92747\"><input type=\"hidden\" name=\"url_referer\" value=\"\"><button type=\"submit\" name=\"wpforms[submit]\" id=\"wpforms-submit-92835\" class=\"wpforms-submit\" data-alt-text=\"Sending...\" data-submit-text=\"Senden\" aria-live=\"assertive\" value=\"wpforms-submit\">Senden<\/button><\/div><\/form><\/div>  <!-- .wpforms-container -->\t\t\t\t<\/div>\n\t\t\t\t<\/div>\n\t\t\t\t\t<\/div>\n\t\t<\/div>\n\t\t\t\t\t<\/div>\n\t\t<\/section>\n\t\t\t\t<section class=\"elementor-section elementor-top-section elementor-element elementor-element-59f76735 elementor-section-boxed elementor-section-height-default elementor-section-height-default\" data-id=\"59f76735\" data-element_type=\"section\">\n\t\t\t\t\t\t<div class=\"elementor-container elementor-column-gap-default\">\n\t\t\t\t\t<div class=\"elementor-column elementor-col-100 elementor-top-column elementor-element elementor-element-63a85d4e\" data-id=\"63a85d4e\" data-element_type=\"column\">\n\t\t\t<div class=\"elementor-widget-wrap elementor-element-populated\">\n\t\t\t\t\t\t<div class=\"elementor-element elementor-element-1420c396 elementor-widget elementor-widget-text-editor\" data-id=\"1420c396\" data-element_type=\"widget\" data-widget_type=\"text-editor.default\">\n\t\t\t\t<div class=\"elementor-widget-container\">\n\t\t\t\t\t\t\t\t\t<p><b><sup>1<\/sup>Reichweite<br \/><\/b>Die tats\u00e4chliche Reichweite h\u00e4ngt von vielen Faktoren ab, zum Beispiel der vorherrschenden Au\u00dfentemperatur, Batteriezustand und Ladezustand der Batterie zum Startzeitpunkt der Ladung, sowie Batteriealter, Fahrzeugzustand und Zuladung. Die Reichweite wurde nach dem vorgeschriebenen EU-Messverfahren ermittelt. Die individuelle Fahrweise, Geschwindigkeit, Au\u00dfentemperatur, Topografie und Nutzung elektrischer Verbraucher haben Einfluss auf die tats\u00e4chliche Reichweite und k\u00f6nnen diese u.U. reduzieren. Die angegebene maximale Reichweite von 541 km gilt f\u00fcr einen EV9 Baseline 2WD.<\/p><p><b><sup>2<\/sup>Maximale Ladegeschwindigkeit<br \/><\/b>Um die maximale Ladegeschwindigkeit erreichen zu k\u00f6nnen, muss der EV9 an einer 800-Volt-Ladestation mit mindestens 210 kW geladen werden. Die reale Ladegeschwindigkeit und Ladedauer h\u00e4ngen von der Batterie-Temperatur und den Wetterbedingungen ab.<\/p><p><b><sup>3<\/sup><\/b><b>\u00a0Anh\u00e4ngerkupplung<br \/><\/b>Abnehmbare Anh\u00e4ngerkupplung ab November 2023 als Zubeh\u00f6r erh\u00e4ltlich.<\/p><p>\u00a0<b>4<\/b><b>\u00a0Goldenes Lenkrad<\/b><br \/>Gewinner \u201eGoldenes Lenkrad\u201c 2023 in der Kategorie \u201eFamilienauto\u201c (AUTO BILD, Ausgabe 45\/2023 &amp; BILD am SONNTAG, Ausgabe 46\/2023).<\/p><p><b><sup>5<\/sup><\/b><b>\u00a0AR<br \/><\/b>AR erfordert ein iOS oder iPadOS Ger\u00e4t mit iOS 11 und einem A9 Prozessor oder neuer.<\/p>\t\t\t\t\t\t\t\t<\/div>\n\t\t\t\t<\/div>\n\t\t\t\t\t<\/div>\n\t\t<\/div>\n\t\t\t\t\t<\/div>\n\t\t<\/section>\n\t\t\t\t<section class=\"elementor-section elementor-top-section elementor-element elementor-element-701d634 elementor-section-boxed elementor-section-height-default elementor-section-height-default\" data-id=\"701d634\" data-element_type=\"section\">\n\t\t\t\t\t\t<div class=\"elementor-container elementor-column-gap-default\">\n\t\t\t\t\t<div class=\"elementor-column elementor-col-100 elementor-top-column elementor-element elementor-element-b605c2f\" data-id=\"b605c2f\" data-element_type=\"column\">\n\t\t\t<div class=\"elementor-widget-wrap\">\n\t\t\t\t\t\t\t<\/div>\n\t\t<\/div>\n\t\t\t\t\t<\/div>\n\t\t<\/section>\n\t\t\t\t<\/div>\n\t\t","protected":false},"excerpt":{"rendered":"<p>Der mehrfach ausgezeichnete EV6, der 2022 zum \u201eAuto des Jahres in Europa\u201c gew\u00e4hlt wurde, diente als Vorlage f\u00fcr das Design des EV9, das im Einklang mit der neuen Kia-Designphilosophie \u201eOpposites United\u201c entwickelt wurde. <\/p>\n","protected":false},"author":10,"featured_media":27837,"comment_status":"closed","ping_status":"closed","sticky":false,"template":"","format":"standard","meta":{"_acf_changed":false,"site-sidebar-layout":"no-sidebar","site-content-layout":"page-builder","ast-site-content-layout":"default","site-content-style":"default","site-sidebar-style":"default","ast-global-header-display":"","ast-banner-title-visibility":"","ast-main-header-display":"","ast-hfb-above-header-display":"","ast-hfb-below-header-display":"","ast-hfb-mobile-header-display":"","site-post-title":"","ast-breadcrumbs-content":"","ast-featured-img":"disabled","footer-sml-layout":"","theme-transparent-header-meta":"enabled","adv-header-id-meta":"","stick-header-meta":"","header-above-stick-meta":"","header-main-stick-meta":"","header-below-stick-meta":"","astra-migrate-meta-layouts":"default","ast-page-background-enabled":"default","ast-page-background-meta":{"desktop":{"background-color":"","background-image":"","background-repeat":"repeat","background-position":"center center","background-size":"auto","background-attachment":"scroll","background-type":"","background-media":"","overlay-type":"","overlay-color":"","overlay-opacity":"","overlay-gradient":""},"tablet":{"background-color":"","background-image":"","background-repeat":"repeat","background-position":"center center","background-size":"auto","background-attachment":"scroll","background-type":"","background-media":"","overlay-type":"","overlay-color":"","overlay-opacity":"","overlay-gradient":""},"mobile":{"background-color":"","background-image":"","background-repeat":"repeat","background-position":"center center","background-size":"auto","background-attachment":"scroll","background-type":"","background-media":"","overlay-type":"","overlay-color":"","overlay-opacity":"","overlay-gradient":""}},"ast-content-background-meta":{"desktop":{"background-color":"var(--ast-global-color-5)","background-image":"","background-repeat":"repeat","background-position":"center center","background-size":"auto","background-attachment":"scroll","background-type":"","background-media":"","overlay-type":"","overlay-color":"","overlay-opacity":"","overlay-gradient":""},"tablet":{"background-color":"var(--ast-global-color-5)","background-image":"","background-repeat":"repeat","background-position":"center center","background-size":"auto","background-attachment":"scroll","background-type":"","background-media":"","overlay-type":"","overlay-color":"","overlay-opacity":"","overlay-gradient":""},"mobile":{"background-color":"var(--ast-global-color-5)","background-image":"","background-repeat":"repeat","background-position":"center center","background-size":"auto","background-attachment":"scroll","background-type":"","background-media":"","overlay-type":"","overlay-color":"","overlay-opacity":"","overlay-gradient":""}},"footnotes":""},"categories":[758],"tags":[11942,11943,11938,11941,11940,11939,2464,11937,11945,11944],"class_list":["post-92747","post","type-post","status-publish","format-standard","has-post-thumbnail","hentry","category-modelle","tag-6-oder-7-sitzplaetze","tag-ahrensburg","tag-autohaus-guenther-gmbh","tag-drehbare-sitze-in-der-zweiten-reihe","tag-familienauto","tag-gewinner-goldenes-lenkrad-2023","tag-hamburg","tag-kia-ev9","tag-schnelladetechnologie","tag-stromtanken"],"acf":[],"yoast_head":"<!-- This site is optimized with the Yoast SEO plugin v26.5 - https:\/\/yoast.com\/wordpress\/plugins\/seo\/ -->\n<title>Der KIA EV9 | Autohaus G\u00fcnther GmbH<\/title>\n<meta name=\"description\" content=\"Der Kia EV9 bei Autohaus G\u00fcnther. \u00dcberzeugen Sie sich selbst vom diesj\u00e4hrigen Gewinner des Goldenen Lenkrads 2023.\" \/>\n<meta name=\"robots\" content=\"index, follow, max-snippet:-1, max-image-preview:large, max-video-preview:-1\" \/>\n<link rel=\"canonical\" href=\"https:\/\/guenther-gruppe.de\/kia\/kia-ev9\/\" \/>\n<meta property=\"og:locale\" content=\"de_DE\" \/>\n<meta property=\"og:type\" content=\"article\" \/>\n<meta property=\"og:title\" content=\"Der Kia EV9 I Autohaus G\u00fcnther GmbH\" \/>\n<meta property=\"og:description\" content=\"Der Kia EV9 bei Autohaus G\u00fcnther. \u00dcberzeugen Sie sich selbst vom diesj\u00e4hrigen Gewinner des Goldenen Lenkrads 2023.\" \/>\n<meta property=\"og:url\" content=\"https:\/\/guenther-gruppe.de\/kia\/kia-ev9\/\" \/>\n<meta property=\"og:site_name\" content=\"Autohaus G\u00fcnther GmbH - Kia Vertragsh\u00e4ndler Hamburg und Ahrensburg\" \/>\n<meta property=\"article:published_time\" content=\"2023-11-05T22:28:55+00:00\" \/>\n<meta property=\"article:modified_time\" content=\"2024-10-20T21:24:21+00:00\" \/>\n<meta property=\"og:image\" content=\"https:\/\/guenther-gruppe.de\/kia\/wp-content\/uploads\/sites\/9\/2023\/11\/kia_ev9_elp_goldenes-lenkrad-720x360-1.jpg\" \/>\n\t<meta property=\"og:image:width\" content=\"720\" \/>\n\t<meta property=\"og:image:height\" content=\"360\" \/>\n\t<meta property=\"og:image:type\" content=\"image\/jpeg\" \/>\n<meta name=\"author\" content=\"madeleine\" \/>\n<meta name=\"twitter:card\" content=\"summary_large_image\" \/>\n<meta name=\"twitter:title\" content=\"Der Kia EV9 I Autohaus G\u00fcnther GmbH\" \/>\n<meta name=\"twitter:description\" content=\"Der Kia EV9 bei Autohaus G\u00fcnther. \u00dcberzeugen Sie sich selbst vom diesj\u00e4hrigen Gewinner des Goldenen Lenkrads 2023.\" \/>\n<meta name=\"twitter:image\" content=\"https:\/\/guenther-gruppe.de\/kia\/wp-content\/uploads\/sites\/9\/2023\/11\/kia_ev9_elp_goldenes-lenkrad-720x360-1.jpg\" \/>\n<meta name=\"twitter:label1\" content=\"Verfasst von\" \/>\n\t<meta name=\"twitter:data1\" content=\"\" \/>\n\t<meta name=\"twitter:label2\" content=\"Gesch\u00e4tzte Lesezeit\" \/>\n\t<meta name=\"twitter:data2\" content=\"7\u00a0Minuten\" \/>\n<script type=\"application\/ld+json\" class=\"yoast-schema-graph\">{\"@context\":\"https:\/\/schema.org\",\"@graph\":[{\"@type\":\"Article\",\"@id\":\"https:\/\/guenther-gruppe.de\/kia\/kia-ev9\/#article\",\"isPartOf\":{\"@id\":\"https:\/\/guenther-gruppe.de\/kia\/kia-ev9\/\"},\"author\":{\"name\":\"madeleine\",\"@id\":\"https:\/\/guenther-gruppe.de\/kia\/#\/schema\/person\/3f370438b6290791812d436398ff7cca\"},\"headline\":\"Der KIA EV9\",\"datePublished\":\"2023-11-05T22:28:55+00:00\",\"dateModified\":\"2024-10-20T21:24:21+00:00\",\"mainEntityOfPage\":{\"@id\":\"https:\/\/guenther-gruppe.de\/kia\/kia-ev9\/\"},\"wordCount\":930,\"publisher\":{\"@id\":\"https:\/\/guenther-gruppe.de\/kia\/#organization\"},\"image\":{\"@id\":\"https:\/\/guenther-gruppe.de\/kia\/kia-ev9\/#primaryimage\"},\"thumbnailUrl\":\"https:\/\/guenther-gruppe.de\/kia\/wp-content\/uploads\/sites\/9\/2021\/03\/beitragsbild-ev6.jpg\",\"keywords\":[\"6 oder 7 Sitzpl\u00e4tze\",\"Ahrensburg\",\"Autohaus G\u00fcnther GmbH\",\"Drehbare Sitze in der zweiten Reihe\",\"Familienauto\",\"Gewinner Goldenes Lenkrad 2023\",\"Hamburg\",\"Kia EV9\",\"Schnelladetechnologie\",\"Stromtanken\"],\"articleSection\":[\"Modelle\"],\"inLanguage\":\"de\"},{\"@type\":\"WebPage\",\"@id\":\"https:\/\/guenther-gruppe.de\/kia\/kia-ev9\/\",\"url\":\"https:\/\/guenther-gruppe.de\/kia\/kia-ev9\/\",\"name\":\"Der KIA EV9 | Autohaus G\u00fcnther GmbH\",\"isPartOf\":{\"@id\":\"https:\/\/guenther-gruppe.de\/kia\/#website\"},\"primaryImageOfPage\":{\"@id\":\"https:\/\/guenther-gruppe.de\/kia\/kia-ev9\/#primaryimage\"},\"image\":{\"@id\":\"https:\/\/guenther-gruppe.de\/kia\/kia-ev9\/#primaryimage\"},\"thumbnailUrl\":\"https:\/\/guenther-gruppe.de\/kia\/wp-content\/uploads\/sites\/9\/2021\/03\/beitragsbild-ev6.jpg\",\"datePublished\":\"2023-11-05T22:28:55+00:00\",\"dateModified\":\"2024-10-20T21:24:21+00:00\",\"description\":\"Der Kia EV9 bei Autohaus G\u00fcnther. \u00dcberzeugen Sie sich selbst vom diesj\u00e4hrigen Gewinner des Goldenen Lenkrads 2023.\",\"breadcrumb\":{\"@id\":\"https:\/\/guenther-gruppe.de\/kia\/kia-ev9\/#breadcrumb\"},\"inLanguage\":\"de\",\"potentialAction\":[{\"@type\":\"ReadAction\",\"target\":[\"https:\/\/guenther-gruppe.de\/kia\/kia-ev9\/\"]}]},{\"@type\":\"ImageObject\",\"inLanguage\":\"de\",\"@id\":\"https:\/\/guenther-gruppe.de\/kia\/kia-ev9\/#primaryimage\",\"url\":\"https:\/\/guenther-gruppe.de\/kia\/wp-content\/uploads\/sites\/9\/2021\/03\/beitragsbild-ev6.jpg\",\"contentUrl\":\"https:\/\/guenther-gruppe.de\/kia\/wp-content\/uploads\/sites\/9\/2021\/03\/beitragsbild-ev6.jpg\",\"width\":800,\"height\":600,\"caption\":\"Graues Elektroauto seitlich vor moderner Metallwand\"},{\"@type\":\"BreadcrumbList\",\"@id\":\"https:\/\/guenther-gruppe.de\/kia\/kia-ev9\/#breadcrumb\",\"itemListElement\":[{\"@type\":\"ListItem\",\"position\":1,\"name\":\"Startseite\",\"item\":\"https:\/\/guenther-gruppe.de\/kia\/\"},{\"@type\":\"ListItem\",\"position\":2,\"name\":\"Der KIA EV9\"}]},{\"@type\":\"WebSite\",\"@id\":\"https:\/\/guenther-gruppe.de\/kia\/#website\",\"url\":\"https:\/\/guenther-gruppe.de\/kia\/\",\"name\":\"Autohaus G\u00fcnther GmbH - Kia Vertragsh\u00e4ndler Hamburg und Ahrensburg\",\"description\":\"Offizieller Kia Vertragsh\u00e4ndler\",\"publisher\":{\"@id\":\"https:\/\/guenther-gruppe.de\/kia\/#organization\"},\"potentialAction\":[{\"@type\":\"SearchAction\",\"target\":{\"@type\":\"EntryPoint\",\"urlTemplate\":\"https:\/\/guenther-gruppe.de\/kia\/?s={search_term_string}\"},\"query-input\":{\"@type\":\"PropertyValueSpecification\",\"valueRequired\":true,\"valueName\":\"search_term_string\"}}],\"inLanguage\":\"de\"},{\"@type\":\"Organization\",\"@id\":\"https:\/\/guenther-gruppe.de\/kia\/#organization\",\"name\":\"Autohaus G\u00fcnther GmbH\",\"url\":\"https:\/\/guenther-gruppe.de\/kia\/\",\"logo\":{\"@type\":\"ImageObject\",\"inLanguage\":\"de\",\"@id\":\"https:\/\/guenther-gruppe.de\/kia\/#\/schema\/logo\/image\/\",\"url\":\"https:\/\/guenther-gruppe.de\/kia\/wp-content\/uploads\/sites\/9\/2021\/03\/guenther_logo-kia.png\",\"contentUrl\":\"https:\/\/guenther-gruppe.de\/kia\/wp-content\/uploads\/sites\/9\/2021\/03\/guenther_logo-kia.png\",\"width\":2506,\"height\":400,\"caption\":\"Autohaus G\u00fcnther GmbH\"},\"image\":{\"@id\":\"https:\/\/guenther-gruppe.de\/kia\/#\/schema\/logo\/image\/\"}},{\"@type\":\"Person\",\"@id\":\"https:\/\/guenther-gruppe.de\/kia\/#\/schema\/person\/3f370438b6290791812d436398ff7cca\",\"name\":\"madeleine\",\"url\":\"https:\/\/guenther-gruppe.de\/kia\/author\/madeleine\/\"}]}<\/script>\n<!-- \/ Yoast SEO plugin. -->","yoast_head_json":{"title":"Der KIA EV9 | Autohaus G\u00fcnther GmbH","description":"Der Kia EV9 bei Autohaus G\u00fcnther. \u00dcberzeugen Sie sich selbst vom diesj\u00e4hrigen Gewinner des Goldenen Lenkrads 2023.","robots":{"index":"index","follow":"follow","max-snippet":"max-snippet:-1","max-image-preview":"max-image-preview:large","max-video-preview":"max-video-preview:-1"},"canonical":"https:\/\/guenther-gruppe.de\/kia\/kia-ev9\/","og_locale":"de_DE","og_type":"article","og_title":"Der Kia EV9 I Autohaus G\u00fcnther GmbH","og_description":"Der Kia EV9 bei Autohaus G\u00fcnther. \u00dcberzeugen Sie sich selbst vom diesj\u00e4hrigen Gewinner des Goldenen Lenkrads 2023.","og_url":"https:\/\/guenther-gruppe.de\/kia\/kia-ev9\/","og_site_name":"Autohaus G\u00fcnther GmbH - Kia Vertragsh\u00e4ndler Hamburg und Ahrensburg","article_published_time":"2023-11-05T22:28:55+00:00","article_modified_time":"2024-10-20T21:24:21+00:00","og_image":[{"width":720,"height":360,"url":"https:\/\/guenther-gruppe.de\/kia\/wp-content\/uploads\/sites\/9\/2023\/11\/kia_ev9_elp_goldenes-lenkrad-720x360-1.jpg","type":"image\/jpeg"}],"author":"madeleine","twitter_card":"summary_large_image","twitter_title":"Der Kia EV9 I Autohaus G\u00fcnther GmbH","twitter_description":"Der Kia EV9 bei Autohaus G\u00fcnther. \u00dcberzeugen Sie sich selbst vom diesj\u00e4hrigen Gewinner des Goldenen Lenkrads 2023.","twitter_image":"https:\/\/guenther-gruppe.de\/kia\/wp-content\/uploads\/sites\/9\/2023\/11\/kia_ev9_elp_goldenes-lenkrad-720x360-1.jpg","twitter_misc":{"Verfasst von":false,"Gesch\u00e4tzte Lesezeit":"7\u00a0Minuten"},"schema":{"@context":"https:\/\/schema.org","@graph":[{"@type":"Article","@id":"https:\/\/guenther-gruppe.de\/kia\/kia-ev9\/#article","isPartOf":{"@id":"https:\/\/guenther-gruppe.de\/kia\/kia-ev9\/"},"author":{"name":"madeleine","@id":"https:\/\/guenther-gruppe.de\/kia\/#\/schema\/person\/3f370438b6290791812d436398ff7cca"},"headline":"Der KIA EV9","datePublished":"2023-11-05T22:28:55+00:00","dateModified":"2024-10-20T21:24:21+00:00","mainEntityOfPage":{"@id":"https:\/\/guenther-gruppe.de\/kia\/kia-ev9\/"},"wordCount":930,"publisher":{"@id":"https:\/\/guenther-gruppe.de\/kia\/#organization"},"image":{"@id":"https:\/\/guenther-gruppe.de\/kia\/kia-ev9\/#primaryimage"},"thumbnailUrl":"https:\/\/guenther-gruppe.de\/kia\/wp-content\/uploads\/sites\/9\/2021\/03\/beitragsbild-ev6.jpg","keywords":["6 oder 7 Sitzpl\u00e4tze","Ahrensburg","Autohaus G\u00fcnther GmbH","Drehbare Sitze in der zweiten Reihe","Familienauto","Gewinner Goldenes Lenkrad 2023","Hamburg","Kia EV9","Schnelladetechnologie","Stromtanken"],"articleSection":["Modelle"],"inLanguage":"de"},{"@type":"WebPage","@id":"https:\/\/guenther-gruppe.de\/kia\/kia-ev9\/","url":"https:\/\/guenther-gruppe.de\/kia\/kia-ev9\/","name":"Der KIA EV9 | Autohaus G\u00fcnther GmbH","isPartOf":{"@id":"https:\/\/guenther-gruppe.de\/kia\/#website"},"primaryImageOfPage":{"@id":"https:\/\/guenther-gruppe.de\/kia\/kia-ev9\/#primaryimage"},"image":{"@id":"https:\/\/guenther-gruppe.de\/kia\/kia-ev9\/#primaryimage"},"thumbnailUrl":"https:\/\/guenther-gruppe.de\/kia\/wp-content\/uploads\/sites\/9\/2021\/03\/beitragsbild-ev6.jpg","datePublished":"2023-11-05T22:28:55+00:00","dateModified":"2024-10-20T21:24:21+00:00","description":"Der Kia EV9 bei Autohaus G\u00fcnther. \u00dcberzeugen Sie sich selbst vom diesj\u00e4hrigen Gewinner des Goldenen Lenkrads 2023.","breadcrumb":{"@id":"https:\/\/guenther-gruppe.de\/kia\/kia-ev9\/#breadcrumb"},"inLanguage":"de","potentialAction":[{"@type":"ReadAction","target":["https:\/\/guenther-gruppe.de\/kia\/kia-ev9\/"]}]},{"@type":"ImageObject","inLanguage":"de","@id":"https:\/\/guenther-gruppe.de\/kia\/kia-ev9\/#primaryimage","url":"https:\/\/guenther-gruppe.de\/kia\/wp-content\/uploads\/sites\/9\/2021\/03\/beitragsbild-ev6.jpg","contentUrl":"https:\/\/guenther-gruppe.de\/kia\/wp-content\/uploads\/sites\/9\/2021\/03\/beitragsbild-ev6.jpg","width":800,"height":600,"caption":"Graues Elektroauto seitlich vor moderner Metallwand"},{"@type":"BreadcrumbList","@id":"https:\/\/guenther-gruppe.de\/kia\/kia-ev9\/#breadcrumb","itemListElement":[{"@type":"ListItem","position":1,"name":"Startseite","item":"https:\/\/guenther-gruppe.de\/kia\/"},{"@type":"ListItem","position":2,"name":"Der KIA EV9"}]},{"@type":"WebSite","@id":"https:\/\/guenther-gruppe.de\/kia\/#website","url":"https:\/\/guenther-gruppe.de\/kia\/","name":"Autohaus G\u00fcnther GmbH - Kia Vertragsh\u00e4ndler Hamburg und Ahrensburg","description":"Offizieller Kia Vertragsh\u00e4ndler","publisher":{"@id":"https:\/\/guenther-gruppe.de\/kia\/#organization"},"potentialAction":[{"@type":"SearchAction","target":{"@type":"EntryPoint","urlTemplate":"https:\/\/guenther-gruppe.de\/kia\/?s={search_term_string}"},"query-input":{"@type":"PropertyValueSpecification","valueRequired":true,"valueName":"search_term_string"}}],"inLanguage":"de"},{"@type":"Organization","@id":"https:\/\/guenther-gruppe.de\/kia\/#organization","name":"Autohaus G\u00fcnther GmbH","url":"https:\/\/guenther-gruppe.de\/kia\/","logo":{"@type":"ImageObject","inLanguage":"de","@id":"https:\/\/guenther-gruppe.de\/kia\/#\/schema\/logo\/image\/","url":"https:\/\/guenther-gruppe.de\/kia\/wp-content\/uploads\/sites\/9\/2021\/03\/guenther_logo-kia.png","contentUrl":"https:\/\/guenther-gruppe.de\/kia\/wp-content\/uploads\/sites\/9\/2021\/03\/guenther_logo-kia.png","width":2506,"height":400,"caption":"Autohaus G\u00fcnther GmbH"},"image":{"@id":"https:\/\/guenther-gruppe.de\/kia\/#\/schema\/logo\/image\/"}},{"@type":"Person","@id":"https:\/\/guenther-gruppe.de\/kia\/#\/schema\/person\/3f370438b6290791812d436398ff7cca","name":"madeleine","url":"https:\/\/guenther-gruppe.de\/kia\/author\/madeleine\/"}]}},"_links":{"self":[{"href":"https:\/\/guenther-gruppe.de\/kia\/wp-json\/wp\/v2\/posts\/92747","targetHints":{"allow":["GET"]}}],"collection":[{"href":"https:\/\/guenther-gruppe.de\/kia\/wp-json\/wp\/v2\/posts"}],"about":[{"href":"https:\/\/guenther-gruppe.de\/kia\/wp-json\/wp\/v2\/types\/post"}],"author":[{"embeddable":true,"href":"https:\/\/guenther-gruppe.de\/kia\/wp-json\/wp\/v2\/users\/10"}],"replies":[{"embeddable":true,"href":"https:\/\/guenther-gruppe.de\/kia\/wp-json\/wp\/v2\/comments?post=92747"}],"version-history":[{"count":4,"href":"https:\/\/guenther-gruppe.de\/kia\/wp-json\/wp\/v2\/posts\/92747\/revisions"}],"predecessor-version":[{"id":101979,"href":"https:\/\/guenther-gruppe.de\/kia\/wp-json\/wp\/v2\/posts\/92747\/revisions\/101979"}],"wp:featuredmedia":[{"embeddable":true,"href":"https:\/\/guenther-gruppe.de\/kia\/wp-json\/wp\/v2\/media\/27837"}],"wp:attachment":[{"href":"https:\/\/guenther-gruppe.de\/kia\/wp-json\/wp\/v2\/media?parent=92747"}],"wp:term":[{"taxonomy":"category","embeddable":true,"href":"https:\/\/guenther-gruppe.de\/kia\/wp-json\/wp\/v2\/categories?post=92747"},{"taxonomy":"post_tag","embeddable":true,"href":"https:\/\/guenther-gruppe.de\/kia\/wp-json\/wp\/v2\/tags?post=92747"}],"curies":[{"name":"wp","href":"https:\/\/api.w.org\/{rel}","templated":true}]}}