{"id":5438,"date":"2021-03-26T14:33:36","date_gmt":"2021-03-26T13:33:36","guid":{"rendered":"https:\/\/guenther-gruppe.de\/kia\/?p=5438"},"modified":"2024-05-05T10:47:10","modified_gmt":"2024-05-05T08:47:10","slug":"ev6","status":"publish","type":"post","link":"https:\/\/guenther-gruppe.de\/kia\/ev6\/","title":{"rendered":"KIA EV6"},"content":{"rendered":"\t\t<div data-elementor-type=\"wp-post\" data-elementor-id=\"5438\" class=\"elementor elementor-5438\" data-elementor-post-type=\"post\">\n\t\t\t\t\t\t<section class=\"elementor-section elementor-top-section elementor-element elementor-element-2e03010 elementor-section-full_width elementor-section-height-default elementor-section-height-default\" data-id=\"2e03010\" data-element_type=\"section\" data-settings=\"{&quot;background_background&quot;:&quot;classic&quot;}\">\n\t\t\t\t\t\t<div class=\"elementor-container elementor-column-gap-default\">\n\t\t\t\t\t<div class=\"elementor-column elementor-col-100 elementor-top-column elementor-element elementor-element-fbde9b9\" data-id=\"fbde9b9\" data-element_type=\"column\">\n\t\t\t<div class=\"elementor-widget-wrap\">\n\t\t\t\t\t\t\t<\/div>\n\t\t<\/div>\n\t\t\t\t\t<\/div>\n\t\t<\/section>\n\t\t\t\t<section class=\"elementor-section elementor-top-section elementor-element elementor-element-5293b6d elementor-section-full_width elementor-section-height-default elementor-section-height-default\" data-id=\"5293b6d\" data-element_type=\"section\">\n\t\t\t\t\t\t\t<div class=\"elementor-background-overlay\"><\/div>\n\t\t\t\t\t\t\t<div class=\"elementor-container elementor-column-gap-default\">\n\t\t\t\t\t<div class=\"elementor-column elementor-col-100 elementor-top-column elementor-element elementor-element-392b271\" data-id=\"392b271\" data-element_type=\"column\" data-settings=\"{&quot;background_background&quot;:&quot;classic&quot;}\">\n\t\t\t<div class=\"elementor-widget-wrap elementor-element-populated\">\n\t\t\t\t\t<div class=\"elementor-background-overlay\"><\/div>\n\t\t\t\t\t\t<div class=\"elementor-element elementor-element-4e5490c elementor-widget elementor-widget-text-editor\" data-id=\"4e5490c\" data-element_type=\"widget\" data-widget_type=\"text-editor.default\">\n\t\t\t\t<div class=\"elementor-widget-container\">\n\t\t\t\t\t\t\t\t\t<p>Kia EV6, Strom: Energieverbrauch kombiniert: 20,6 \u2013 16,5 (kWh\/100 km); CO\u2082-Emissionen kombiniert: 0 (g\/km); CO\u2082-Klasse: A<\/p>\t\t\t\t\t\t\t\t<\/div>\n\t\t\t\t<\/div>\n\t\t\t\t\t<\/div>\n\t\t<\/div>\n\t\t\t\t\t<\/div>\n\t\t<\/section>\n\t\t\t\t<section class=\"elementor-section elementor-top-section elementor-element elementor-element-3bedf94f elementor-section-boxed elementor-section-height-default elementor-section-height-default\" data-id=\"3bedf94f\" data-element_type=\"section\" data-settings=\"{&quot;background_background&quot;:&quot;gradient&quot;}\">\n\t\t\t\t\t\t<div class=\"elementor-container elementor-column-gap-no\">\n\t\t\t\t\t<div class=\"elementor-column elementor-col-50 elementor-top-column elementor-element elementor-element-da1d135\" data-id=\"da1d135\" data-element_type=\"column\">\n\t\t\t<div class=\"elementor-widget-wrap elementor-element-populated\">\n\t\t\t\t\t\t<div class=\"elementor-element elementor-element-73ff3e2 elementor-widget elementor-widget-text-editor\" data-id=\"73ff3e2\" data-element_type=\"widget\" data-widget_type=\"text-editor.default\">\n\t\t\t\t<div class=\"elementor-widget-container\">\n\t\t\t\t\t\t\t\t\t<p class=\"title\">Der Kia EV6<\/p>\t\t\t\t\t\t\t\t<\/div>\n\t\t\t\t<\/div>\n\t\t\t\t<div class=\"elementor-element elementor-element-33ee3935 elementor-widget elementor-widget-heading\" data-id=\"33ee3935\" data-element_type=\"widget\" data-widget_type=\"heading.default\">\n\t\t\t\t<div class=\"elementor-widget-container\">\n\t\t\t\t\t<h2 class=\"elementor-heading-title elementor-size-default\">Lass dich inspirieren.<\/h2>\t\t\t\t<\/div>\n\t\t\t\t<\/div>\n\t\t\t\t<div class=\"elementor-element elementor-element-7d3ff4b elementor-widget elementor-widget-image\" data-id=\"7d3ff4b\" data-element_type=\"widget\" data-widget_type=\"image.default\">\n\t\t\t\t<div class=\"elementor-widget-container\">\n\t\t\t\t\t\t\t\t\t\t\t\t\t\t\t<img decoding=\"async\" width=\"1\" height=\"1\" src=\"https:\/\/guenther-gruppe.de\/kia\/wp-content\/uploads\/sites\/9\/2021\/03\/kia_ev6_intro_new-era_01_964x548.jpg\" class=\"attachment-large size-large wp-image-44660\" alt=\"kia ev6\" \/>\t\t\t\t\t\t\t\t\t\t\t\t\t\t\t<\/div>\n\t\t\t\t<\/div>\n\t\t\t\t<div class=\"elementor-element elementor-element-6a20fca elementor-widget elementor-widget-image\" data-id=\"6a20fca\" data-element_type=\"widget\" data-widget_type=\"image.default\">\n\t\t\t\t<div class=\"elementor-widget-container\">\n\t\t\t\t\t\t\t\t\t\t\t\t\t\t\t<img decoding=\"async\" width=\"1\" height=\"1\" src=\"https:\/\/guenther-gruppe.de\/kia\/wp-content\/uploads\/sites\/9\/2021\/03\/kia_ev6_intro_new-era_01_964x548.jpg\" class=\"attachment-large size-large wp-image-44660\" alt=\"kia ev6\" \/>\t\t\t\t\t\t\t\t\t\t\t\t\t\t\t<\/div>\n\t\t\t\t<\/div>\n\t\t\t\t\t<\/div>\n\t\t<\/div>\n\t\t\t\t<div class=\"elementor-column elementor-col-50 elementor-top-column elementor-element elementor-element-5d0913d\" data-id=\"5d0913d\" data-element_type=\"column\">\n\t\t\t<div class=\"elementor-widget-wrap elementor-element-populated\">\n\t\t\t\t\t\t<div class=\"elementor-element elementor-element-6b46079 elementor-widget elementor-widget-text-editor\" data-id=\"6b46079\" data-element_type=\"widget\" data-widget_type=\"text-editor.default\">\n\t\t\t\t<div class=\"elementor-widget-container\">\n\t\t\t\t\t\t\t\t\t<h4><strong>Bereit f\u00fcr die Zukunft<\/strong><\/h4>\t\t\t\t\t\t\t\t<\/div>\n\t\t\t\t<\/div>\n\t\t\t\t<div class=\"elementor-element elementor-element-a9ea969 elementor-widget elementor-widget-text-editor\" data-id=\"a9ea969\" data-element_type=\"widget\" data-widget_type=\"text-editor.default\">\n\t\t\t\t<div class=\"elementor-widget-container\">\n\t\t\t\t\t\t\t\t\t<p>Mit diesem vollelektrischen Crossover von Kia beginnt eine neue \u00c4ra. Der Kia EV6 definiert Standards f\u00fcr die kommenden Jahre. Lassen Sie sich von dem charakterstarken und modernen Design inspirieren.<\/p>\t\t\t\t\t\t\t\t<\/div>\n\t\t\t\t<\/div>\n\t\t\t\t<div class=\"elementor-element elementor-element-36a60df elementor-widget elementor-widget-image\" data-id=\"36a60df\" data-element_type=\"widget\" data-widget_type=\"image.default\">\n\t\t\t\t<div class=\"elementor-widget-container\">\n\t\t\t\t\t\t\t\t\t\t\t\t\t\t\t<img decoding=\"async\" width=\"1\" height=\"1\" src=\"https:\/\/guenther-gruppe.de\/kia\/wp-content\/uploads\/sites\/9\/2021\/03\/kia_ev6_intro_new-era_02_350x378.jpg\" class=\"attachment-large size-large wp-image-44664\" alt=\"kia ev6\" \/>\t\t\t\t\t\t\t\t\t\t\t\t\t\t\t<\/div>\n\t\t\t\t<\/div>\n\t\t\t\t\t<\/div>\n\t\t<\/div>\n\t\t\t\t\t<\/div>\n\t\t<\/section>\n\t\t\t\t<section class=\"elementor-section elementor-top-section elementor-element elementor-element-09fc821 elementor-section-boxed elementor-section-height-default elementor-section-height-default\" data-id=\"09fc821\" data-element_type=\"section\" data-settings=\"{&quot;background_background&quot;:&quot;gradient&quot;}\">\n\t\t\t\t\t\t<div class=\"elementor-container elementor-column-gap-no\">\n\t\t\t\t\t<div class=\"elementor-column elementor-col-100 elementor-top-column elementor-element elementor-element-3cb019c\" data-id=\"3cb019c\" data-element_type=\"column\">\n\t\t\t<div class=\"elementor-widget-wrap elementor-element-populated\">\n\t\t\t\t\t\t<div class=\"elementor-element elementor-element-39c87f7 elementor-widget elementor-widget-text-editor\" data-id=\"39c87f7\" data-element_type=\"widget\" data-widget_type=\"text-editor.default\">\n\t\t\t\t<div class=\"elementor-widget-container\">\n\t\t\t\t\t\t\t\t\t<p class=\"title\">Das Design<\/p>\t\t\t\t\t\t\t\t<\/div>\n\t\t\t\t<\/div>\n\t\t\t\t<div class=\"elementor-element elementor-element-5d2a38b elementor-widget elementor-widget-heading\" data-id=\"5d2a38b\" data-element_type=\"widget\" data-widget_type=\"heading.default\">\n\t\t\t\t<div class=\"elementor-widget-container\">\n\t\t\t\t\t<h2 class=\"elementor-heading-title elementor-size-default\">Modern, sportlich und dennoch zeitlos<\/h2>\t\t\t\t<\/div>\n\t\t\t\t<\/div>\n\t\t\t\t\t<\/div>\n\t\t<\/div>\n\t\t\t\t\t<\/div>\n\t\t<\/section>\n\t\t\t\t<section class=\"elementor-section elementor-top-section elementor-element elementor-element-233b73c elementor-section-full_width elementor-section-height-default elementor-section-height-default\" data-id=\"233b73c\" data-element_type=\"section\" data-settings=\"{&quot;background_background&quot;:&quot;classic&quot;}\">\n\t\t\t\t\t\t\t<div class=\"elementor-background-overlay\"><\/div>\n\t\t\t\t\t\t\t<div class=\"elementor-container elementor-column-gap-no\">\n\t\t\t\t\t<div class=\"elementor-column elementor-col-100 elementor-top-column elementor-element elementor-element-e9dab2b\" data-id=\"e9dab2b\" data-element_type=\"column\">\n\t\t\t<div class=\"elementor-widget-wrap\">\n\t\t\t\t\t\t\t<\/div>\n\t\t<\/div>\n\t\t\t\t\t<\/div>\n\t\t<\/section>\n\t\t\t\t<section class=\"elementor-section elementor-top-section elementor-element elementor-element-040fef7 elementor-section-boxed elementor-section-height-default elementor-section-height-default\" data-id=\"040fef7\" data-element_type=\"section\" data-settings=\"{&quot;background_background&quot;:&quot;gradient&quot;}\">\n\t\t\t\t\t\t<div class=\"elementor-container elementor-column-gap-no\">\n\t\t\t\t\t<div class=\"elementor-column elementor-col-100 elementor-top-column elementor-element elementor-element-ee2a9d3\" data-id=\"ee2a9d3\" data-element_type=\"column\">\n\t\t\t<div class=\"elementor-widget-wrap elementor-element-populated\">\n\t\t\t\t\t\t<div class=\"elementor-element elementor-element-63d50fb elementor-hidden-mobile elementor-widget elementor-widget-heading\" data-id=\"63d50fb\" data-element_type=\"widget\" data-widget_type=\"heading.default\">\n\t\t\t\t<div class=\"elementor-widget-container\">\n\t\t\t\t\t<h2 class=\"elementor-heading-title elementor-size-default\">Movement that inspires<\/h2>\t\t\t\t<\/div>\n\t\t\t\t<\/div>\n\t\t\t\t<div class=\"elementor-element elementor-element-af2c03d elementor-widget elementor-widget-text-editor\" data-id=\"af2c03d\" data-element_type=\"widget\" data-widget_type=\"text-editor.default\">\n\t\t\t\t<div class=\"elementor-widget-container\">\n\t\t\t\t\t\t\t\t\t<p class=\"title\">Ihr Start in die Zukunft<\/p>\t\t\t\t\t\t\t\t<\/div>\n\t\t\t\t<\/div>\n\t\t\t\t\t<\/div>\n\t\t<\/div>\n\t\t\t\t\t<\/div>\n\t\t<\/section>\n\t\t\t\t<section class=\"elementor-section elementor-top-section elementor-element elementor-element-605a126 elementor-section-boxed elementor-section-height-default elementor-section-height-default\" data-id=\"605a126\" data-element_type=\"section\" data-settings=\"{&quot;background_background&quot;:&quot;gradient&quot;}\">\n\t\t\t\t\t\t<div class=\"elementor-container elementor-column-gap-no\">\n\t\t\t\t\t<div class=\"elementor-column elementor-col-100 elementor-top-column elementor-element elementor-element-14f4675\" data-id=\"14f4675\" data-element_type=\"column\">\n\t\t\t<div class=\"elementor-widget-wrap elementor-element-populated\">\n\t\t\t\t\t\t<div class=\"elementor-element elementor-element-698b1b0 eael-fg-card-content-align-left elementor-widget elementor-widget-eael-filterable-gallery\" data-id=\"698b1b0\" data-element_type=\"widget\" data-settings=\"{&quot;photo_gallery&quot;:&quot;yes&quot;}\" data-widget_type=\"eael-filterable-gallery.default\">\n\t\t\t\t<div class=\"elementor-widget-container\">\n\t\t\t\t\t<style id=\"eael-fg-inline-css-698b1b0\">@media only screen and (max-width: 2399px) {\n\t\t\t\t\t.elementor-element.elementor-element-698b1b0 .eael-filterable-gallery-item-wrap {\n\t\t\t\t\t        width: 50%;\n\t\t\t\t\t    }\n\t\t\t\t\t}@media only screen and (max-width: 768px) {\n\t\t\t\t\t.elementor-element.elementor-element-698b1b0  .eael-filterable-gallery-item-wrap {\n\t\t\t\t\t        width: 50%;\n\t\t\t\t\t    }\n\t\t\t\t\t}@media only screen and (max-width: 425px) {\n\t\t\t\t\t.elementor-element.elementor-element-698b1b0  .eael-filterable-gallery-item-wrap {\n\t\t\t\t\t        width: 100%;\n\t\t\t\t\t    }\n\t\t\t\t\t}<\/style>        <div id=\"eael-filter-gallery-wrapper-698b1b0\" class=\"eael-filter-gallery-wrapper\" data-layout-mode=\"card\" data-breakpoints=\"{&quot;mobile&quot;:{&quot;label&quot;:&quot;Mobil Hochformat&quot;,&quot;value&quot;:425,&quot;default_value&quot;:767,&quot;direction&quot;:&quot;max&quot;,&quot;is_enabled&quot;:true},&quot;mobile_extra&quot;:{&quot;label&quot;:&quot;Mobil Querformat&quot;,&quot;value&quot;:880,&quot;default_value&quot;:880,&quot;direction&quot;:&quot;max&quot;,&quot;is_enabled&quot;:false},&quot;tablet&quot;:{&quot;label&quot;:&quot;Tablet Hochformat&quot;,&quot;value&quot;:768,&quot;default_value&quot;:1024,&quot;direction&quot;:&quot;max&quot;,&quot;is_enabled&quot;:true},&quot;tablet_extra&quot;:{&quot;label&quot;:&quot;Tablet Querformat&quot;,&quot;value&quot;:1200,&quot;default_value&quot;:1200,&quot;direction&quot;:&quot;max&quot;,&quot;is_enabled&quot;:false},&quot;laptop&quot;:{&quot;label&quot;:&quot;Laptop&quot;,&quot;value&quot;:1366,&quot;default_value&quot;:1366,&quot;direction&quot;:&quot;max&quot;,&quot;is_enabled&quot;:true},&quot;widescreen&quot;:{&quot;label&quot;:&quot;Breitbild&quot;,&quot;value&quot;:2400,&quot;default_value&quot;:2400,&quot;direction&quot;:&quot;min&quot;,&quot;is_enabled&quot;:false}}\" data-default_control_key=\"0\" data-custom_default_control=\"1\">\n                    <div class=\"eael-filter-gallery-container eael-filter-gallery-grid\" data-images-per-page=\"\" data-total-gallery-items=\"2\" data-nomore-item-text=\"\" data-is-randomize=\"no\" data-settings=\"{&quot;grid_style&quot;:&quot;grid&quot;,&quot;popup&quot;:&quot;none&quot;,&quot;duration&quot;:500,&quot;gallery_enabled&quot;:&quot;yes&quot;,&quot;video_gallery_yt_privacy&quot;:&quot;&quot;,&quot;control_all_text&quot;:null,&quot;post_id&quot;:5438,&quot;widget_id&quot;:&quot;698b1b0&quot;}\" data-search-all=\"\" data-gallery-items=\"WyI8ZGl2IGNsYXNzPVwiZWFlbC1maWx0ZXJhYmxlLWdhbGxlcnktaXRlbS13cmFwIGVhZWwtY2YtZXh0ZXJpb3JcIj5cblx0XHRcdFx0PGRpdiBjbGFzcz1cImVhZWwtZ2FsbGVyeS1ncmlkLWl0ZW1cIj48ZGl2IGNsYXNzPVwiZ2FsbGVyeS1pdGVtLXRodW1ibmFpbC13cmFwXCI+PGltZyB3aWR0aD1cIjFcIiBoZWlnaHQ9XCIxXCIgc3JjPVwiaHR0cHM6XC9cL2d1ZW50aGVyLWdydXBwZS5kZVwva2lhXC93cC1jb250ZW50XC91cGxvYWRzXC9zaXRlc1wvOVwvMjAyMVwvMDNcL2tpYV9ldjZfY2Fyb3VzZWxfZXh0ZXJpb3JfMDZfMTE2MHg2NTMuanBnXCIgY2xhc3M9XCJhdHRhY2htZW50LW1lZGl1bSBzaXplLW1lZGl1bSB3cC1pbWFnZS00NDcwN1wiIGFsdD1cImtpYSBldjZcIiBcLz48XC9kaXY+PGRpdiBjbGFzcz1cImdhbGxlcnktaXRlbS1jYXB0aW9uLXdyYXAgY2FwdGlvbi1zdHlsZS1jYXJkIFwiPjxkaXYgY2xhc3M9XCJnYWxsZXJ5LWl0ZW0tY2FwdGlvbi1vdmVyXCI+PGgyIGNsYXNzPVwiZmctaXRlbS10aXRsZVwiPlVsdHJhc2NobmVsbGVzIExhZGVuPFwvaDI+PGRpdiBjbGFzcz1cImZnLWl0ZW0tY29udGVudFwiPjxwPjxhPkRhcyBuZXVhcnRpZ2UgODAwLVZvbHQtTGFkZXN5c3RlbSBzb3JndCBkYWZcdTAwZmNyLCBkYXNzIGRpciBhdWNoIExhbmdzdHJlY2tlbiBpbSBFVjYgU3BhXHUwMGRmIG1hY2hlbi4gSW4gbnVyIDI3MCBTZWt1bmRlbiB0YW5rc3QgZHUgU3Ryb20gZlx1MDBmY3IgMTAwIGttIFJlaWNod2VpdGUuIDxcL2E+PFwvcD5cbjxcL2Rpdj48XC9kaXY+PFwvZGl2PjxcL2Rpdj48XC9kaXY+IiwiPGRpdiBjbGFzcz1cImVhZWwtZmlsdGVyYWJsZS1nYWxsZXJ5LWl0ZW0td3JhcCBlYWVsLWNmLWV4dGVyaW9yXCI+XG5cdFx0XHRcdDxkaXYgY2xhc3M9XCJlYWVsLWdhbGxlcnktZ3JpZC1pdGVtXCI+PGRpdiBjbGFzcz1cImdhbGxlcnktaXRlbS10aHVtYm5haWwtd3JhcFwiPjxpbWcgd2lkdGg9XCIxXCIgaGVpZ2h0PVwiMVwiIHNyYz1cImh0dHBzOlwvXC9ndWVudGhlci1ncnVwcGUuZGVcL2tpYVwvd3AtY29udGVudFwvdXBsb2Fkc1wvc2l0ZXNcLzlcLzIwMjFcLzAzXC9raWFfZXY2X2Nhcm91c2VsX2V4dGVyaW9yXzA2XzExNjB4NjUzLmpwZ1wiIGNsYXNzPVwiYXR0YWNobWVudC1tZWRpdW0gc2l6ZS1tZWRpdW0gd3AtaW1hZ2UtNDQ3MDdcIiBhbHQ9XCJraWEgZXY2XCIgXC8+PFwvZGl2PjxkaXYgY2xhc3M9XCJnYWxsZXJ5LWl0ZW0tY2FwdGlvbi13cmFwIGNhcHRpb24tc3R5bGUtY2FyZCBcIj48ZGl2IGNsYXNzPVwiZ2FsbGVyeS1pdGVtLWNhcHRpb24tb3ZlclwiPjxoMiBjbGFzcz1cImZnLWl0ZW0tdGl0bGVcIj5VbHRyYXNjaG5lbGxlcyBMYWRlbjxcL2gyPjxkaXYgY2xhc3M9XCJmZy1pdGVtLWNvbnRlbnRcIj48cD48YT5EYXMgbmV1YXJ0aWdlIDgwMC1Wb2x0LUxhZGVzeXN0ZW0gc29yZ3QgZGFmXHUwMGZjciwgZGFzcyBkaXIgYXVjaCBMYW5nc3RyZWNrZW4gaW0gRVY2IFNwYVx1MDBkZiBtYWNoZW4uIEluIG51ciAyNzAgU2VrdW5kZW4gdGFua3N0IGR1IFN0cm9tIGZcdTAwZmNyIDEwMCBrbSBSZWljaHdlaXRlLiA8XC9hPjxcL3A+XG48XC9kaXY+PFwvZGl2PjxcL2Rpdj48XC9kaXY+PFwvZGl2PiJd\" data-init-show=\"8\">\n            <div class=\"eael-filterable-gallery-item-wrap eael-cf-exterior\">\n\t\t\t\t<div class=\"eael-gallery-grid-item\"><div class=\"gallery-item-thumbnail-wrap\"><img decoding=\"async\" width=\"1\" height=\"1\" src=\"https:\/\/guenther-gruppe.de\/kia\/wp-content\/uploads\/sites\/9\/2021\/03\/kia_ev6_carousel_exterior_06_1160x653.jpg\" class=\"attachment-medium size-medium wp-image-44707\" alt=\"kia ev6\" \/><\/div><div class=\"gallery-item-caption-wrap caption-style-card \"><div class=\"gallery-item-caption-over\"><h2 class=\"fg-item-title\">Ultraschnelles Laden<\/h2><div class=\"fg-item-content\"><p><a>Das neuartige 800-Volt-Ladesystem sorgt daf\u00fcr, dass dir auch Langstrecken im EV6 Spa\u00df machen. In nur 270 Sekunden tankst du Strom f\u00fcr 100 km Reichweite. <\/a><\/p>\n<\/div><\/div><\/div><\/div><\/div><div class=\"eael-filterable-gallery-item-wrap eael-cf-exterior\">\n\t\t\t\t<div class=\"eael-gallery-grid-item\"><div class=\"gallery-item-thumbnail-wrap\"><img decoding=\"async\" width=\"1\" height=\"1\" src=\"https:\/\/guenther-gruppe.de\/kia\/wp-content\/uploads\/sites\/9\/2021\/03\/kia_ev6_carousel_exterior_06_1160x653.jpg\" class=\"attachment-medium size-medium wp-image-44707\" alt=\"kia ev6\" \/><\/div><div class=\"gallery-item-caption-wrap caption-style-card \"><div class=\"gallery-item-caption-over\"><h2 class=\"fg-item-title\">Ultraschnelles Laden<\/h2><div class=\"fg-item-content\"><p><a>Das neuartige 800-Volt-Ladesystem sorgt daf\u00fcr, dass dir auch Langstrecken im EV6 Spa\u00df machen. In nur 270 Sekunden tankst du Strom f\u00fcr 100 km Reichweite. <\/a><\/p>\n<\/div><\/div><\/div><\/div><\/div>        <\/div>\n                <\/div>\n        \n        \t\t\t\t<\/div>\n\t\t\t\t<\/div>\n\t\t\t\t\t<\/div>\n\t\t<\/div>\n\t\t\t\t\t<\/div>\n\t\t<\/section>\n\t\t\t\t<section class=\"elementor-section elementor-top-section elementor-element elementor-element-ecbdc3d elementor-section-boxed elementor-section-height-default elementor-section-height-default\" data-id=\"ecbdc3d\" data-element_type=\"section\" data-settings=\"{&quot;background_background&quot;:&quot;gradient&quot;}\">\n\t\t\t\t\t\t<div class=\"elementor-container elementor-column-gap-no\">\n\t\t\t\t\t<div class=\"elementor-column elementor-col-100 elementor-top-column elementor-element elementor-element-90216fc\" data-id=\"90216fc\" data-element_type=\"column\">\n\t\t\t<div class=\"elementor-widget-wrap elementor-element-populated\">\n\t\t\t\t\t\t<div class=\"elementor-element elementor-element-de828a7 elementor-widget elementor-widget-heading\" data-id=\"de828a7\" data-element_type=\"widget\" data-widget_type=\"heading.default\">\n\t\t\t\t<div class=\"elementor-widget-container\">\n\t\t\t\t\t<h2 class=\"elementor-heading-title elementor-size-default\">Der EV6, das erste reine <br>Elektrofahrzeug von Kia<\/h2>\t\t\t\t<\/div>\n\t\t\t\t<\/div>\n\t\t\t\t<div class=\"elementor-element elementor-element-f3398a1 elementor-widget elementor-widget-text-editor\" data-id=\"f3398a1\" data-element_type=\"widget\" data-widget_type=\"text-editor.default\">\n\t\t\t\t<div class=\"elementor-widget-container\">\n\t\t\t\t\t\t\t\t\t<p class=\"title\"><small>basierend auf der neuen Electric-Global Modular Platform (E-GMP)<\/small><\/p>\t\t\t\t\t\t\t\t<\/div>\n\t\t\t\t<\/div>\n\t\t\t\t<div class=\"elementor-element elementor-element-d4f485a elementor-widget-divider--view-line elementor-widget elementor-widget-divider\" data-id=\"d4f485a\" data-element_type=\"widget\" data-widget_type=\"divider.default\">\n\t\t\t\t<div class=\"elementor-widget-container\">\n\t\t\t\t\t\t\t<div class=\"elementor-divider\">\n\t\t\t<span class=\"elementor-divider-separator\">\n\t\t\t\t\t\t<\/span>\n\t\t<\/div>\n\t\t\t\t\t\t<\/div>\n\t\t\t\t<\/div>\n\t\t\t\t<div class=\"elementor-element elementor-element-f028d1c elementor-widget elementor-widget-text-editor\" data-id=\"f028d1c\" data-element_type=\"widget\" data-widget_type=\"text-editor.default\">\n\t\t\t\t<div class=\"elementor-widget-container\">\n\t\t\t\t\t\t\t\t\t<p>Entdecken Sie die n\u00e4chste Generation der Elektromobilit\u00e4t: mit dem Kia EV6. Der erste als reines Elektrofahrzeug gebaute Kia repr\u00e4sentiert die neue Designphilosophie der Marke. Mit seiner kraftvollen Crossover-\u00c4sthetik und innovativer High-End-Technologie bietet dir der neue EV6 ein Fahr-Erlebnis, das dein t\u00e4gliches Leben erleichtert und Inspiration zu deinem st\u00e4ndigen Begleiter macht. Der Weg ist geebnet \u2013 f\u00fcr eine neue \u00c4ra intelligenter E-Autos, die einfach und intuitiv zu bedienen sind.<\/p>\t\t\t\t\t\t\t\t<\/div>\n\t\t\t\t<\/div>\n\t\t\t\t\t<\/div>\n\t\t<\/div>\n\t\t\t\t\t<\/div>\n\t\t<\/section>\n\t\t\t\t<section class=\"elementor-section elementor-top-section elementor-element elementor-element-bc694b3 elementor-section-boxed elementor-section-height-default elementor-section-height-default\" data-id=\"bc694b3\" data-element_type=\"section\" data-settings=\"{&quot;background_background&quot;:&quot;classic&quot;}\">\n\t\t\t\t\t\t<div class=\"elementor-container elementor-column-gap-default\">\n\t\t\t\t\t<div class=\"elementor-column elementor-col-100 elementor-top-column elementor-element elementor-element-2a28bd9\" data-id=\"2a28bd9\" data-element_type=\"column\" data-settings=\"{&quot;background_background&quot;:&quot;classic&quot;}\">\n\t\t\t<div class=\"elementor-widget-wrap\">\n\t\t\t\t\t\t\t<\/div>\n\t\t<\/div>\n\t\t\t\t\t<\/div>\n\t\t<\/section>\n\t\t\t\t<section class=\"elementor-section elementor-top-section elementor-element elementor-element-44d62c63 elementor-section-boxed elementor-section-height-default elementor-section-height-default\" data-id=\"44d62c63\" data-element_type=\"section\" data-settings=\"{&quot;background_background&quot;:&quot;classic&quot;}\">\n\t\t\t\t\t\t<div class=\"elementor-container elementor-column-gap-no\">\n\t\t\t\t\t<div class=\"elementor-column elementor-col-100 elementor-top-column elementor-element elementor-element-4a46718d\" data-id=\"4a46718d\" data-element_type=\"column\">\n\t\t\t<div class=\"elementor-widget-wrap elementor-element-populated\">\n\t\t\t\t\t\t<div class=\"elementor-element elementor-element-7f1d72de elementor-widget elementor-widget-heading\" data-id=\"7f1d72de\" data-element_type=\"widget\" data-widget_type=\"heading.default\">\n\t\t\t\t<div class=\"elementor-widget-container\">\n\t\t\t\t\t<h2 class=\"elementor-heading-title elementor-size-default\">EV6, das erste reine Elektrofahrzeug von Kia, das auf der Electric-Global Modular Platform (E-GMP) basiert <\/h2>\t\t\t\t<\/div>\n\t\t\t\t<\/div>\n\t\t\t\t<div class=\"elementor-element elementor-element-727bcfc1 elementor-widget-divider--view-line elementor-widget elementor-widget-divider\" data-id=\"727bcfc1\" data-element_type=\"widget\" data-widget_type=\"divider.default\">\n\t\t\t\t<div class=\"elementor-widget-container\">\n\t\t\t\t\t\t\t<div class=\"elementor-divider\">\n\t\t\t<span class=\"elementor-divider-separator\">\n\t\t\t\t\t\t<\/span>\n\t\t<\/div>\n\t\t\t\t\t\t<\/div>\n\t\t\t\t<\/div>\n\t\t\t\t<section class=\"elementor-section elementor-inner-section elementor-element elementor-element-04dd324 elementor-section-boxed elementor-section-height-default elementor-section-height-default\" data-id=\"04dd324\" data-element_type=\"section\">\n\t\t\t\t\t\t<div class=\"elementor-container elementor-column-gap-default\">\n\t\t\t\t\t<div class=\"elementor-column elementor-col-50 elementor-inner-column elementor-element elementor-element-1dea4d0\" data-id=\"1dea4d0\" data-element_type=\"column\">\n\t\t\t<div class=\"elementor-widget-wrap elementor-element-populated\">\n\t\t\t\t\t\t<div class=\"elementor-element elementor-element-366009eb elementor-widget elementor-widget-text-editor\" data-id=\"366009eb\" data-element_type=\"widget\" data-widget_type=\"text-editor.default\">\n\t\t\t\t<div class=\"elementor-widget-container\">\n\t\t\t\t\t\t\t\t\t<p>Die neue E-GMP-Plattform (Electric-Global Modular Platform) von Kia, die erstmals beim EV6 zum Einsatz kommt, erm\u00f6glicht einen ebenen Boden und l\u00e4sst damit vielf\u00e4ltige Innenraumgestaltungen zu. Trotz der kompakten Au\u00dfenma\u00dfe des EV6 ergibt sich dank seines Radstands von 2,9 m ein Innenraum, der dem vieler gr\u00f6\u00dferer SUVs entspricht. Das bedeutet mehr Platz im Innenraum, den du und deine Passagiere genie\u00dfen k\u00f6nnen.<\/p>\t\t\t\t\t\t\t\t<\/div>\n\t\t\t\t<\/div>\n\t\t\t\t\t<\/div>\n\t\t<\/div>\n\t\t\t\t<div class=\"elementor-column elementor-col-50 elementor-inner-column elementor-element elementor-element-30ae401\" data-id=\"30ae401\" data-element_type=\"column\">\n\t\t\t<div class=\"elementor-widget-wrap elementor-element-populated\">\n\t\t\t\t\t\t<div class=\"elementor-element elementor-element-7028231 elementor-widget elementor-widget-image\" data-id=\"7028231\" data-element_type=\"widget\" data-widget_type=\"image.default\">\n\t\t\t\t<div class=\"elementor-widget-container\">\n\t\t\t\t\t\t\t\t\t\t\t\t\t\t\t<img loading=\"lazy\" decoding=\"async\" width=\"1000\" height=\"422\" src=\"https:\/\/guenther-gruppe.de\/kia\/wp-content\/uploads\/sites\/9\/2021\/03\/discover-cv-e-gmp-m-e1617700348280.jpg\" class=\"attachment-large size-large wp-image-6053\" alt=\"Transparenter E Auto Prototyp mit sichtbarem Batteriesystem\" srcset=\"https:\/\/guenther-gruppe.de\/kia\/wp-content\/uploads\/sites\/9\/2021\/03\/discover-cv-e-gmp-m-e1617700348280.jpg 1000w, https:\/\/guenther-gruppe.de\/kia\/wp-content\/uploads\/sites\/9\/2021\/03\/discover-cv-e-gmp-m-e1617700348280-300x127.jpg 300w, https:\/\/guenther-gruppe.de\/kia\/wp-content\/uploads\/sites\/9\/2021\/03\/discover-cv-e-gmp-m-e1617700348280-768x324.jpg 768w\" sizes=\"(max-width: 1000px) 100vw, 1000px\" \/>\t\t\t\t\t\t\t\t\t\t\t\t\t\t\t<\/div>\n\t\t\t\t<\/div>\n\t\t\t\t\t<\/div>\n\t\t<\/div>\n\t\t\t\t\t<\/div>\n\t\t<\/section>\n\t\t\t\t\t<\/div>\n\t\t<\/div>\n\t\t\t\t\t<\/div>\n\t\t<\/section>\n\t\t\t\t<section class=\"elementor-section elementor-top-section elementor-element elementor-element-1d6f8f3 elementor-section-boxed elementor-section-height-default elementor-section-height-default\" data-id=\"1d6f8f3\" data-element_type=\"section\" data-settings=\"{&quot;background_background&quot;:&quot;classic&quot;}\">\n\t\t\t\t\t\t<div class=\"elementor-container elementor-column-gap-no\">\n\t\t\t\t\t<div class=\"elementor-column elementor-col-33 elementor-top-column elementor-element elementor-element-f9189d5\" data-id=\"f9189d5\" data-element_type=\"column\">\n\t\t\t<div class=\"elementor-widget-wrap elementor-element-populated\">\n\t\t\t\t\t\t<div class=\"elementor-element elementor-element-2059a9c elementor-widget elementor-widget-image\" data-id=\"2059a9c\" data-element_type=\"widget\" data-widget_type=\"image.default\">\n\t\t\t\t<div class=\"elementor-widget-container\">\n\t\t\t\t\t\t\t\t\t\t\t\t\t\t\t<img loading=\"lazy\" decoding=\"async\" width=\"600\" height=\"800\" src=\"https:\/\/guenther-gruppe.de\/kia\/wp-content\/uploads\/sites\/9\/2021\/03\/design-thumb-0.jpg\" class=\"attachment-large size-large wp-image-6058\" alt=\"Modernes Armaturenbrett eines Autos mit digitalem Display\" srcset=\"https:\/\/guenther-gruppe.de\/kia\/wp-content\/uploads\/sites\/9\/2021\/03\/design-thumb-0.jpg 600w, https:\/\/guenther-gruppe.de\/kia\/wp-content\/uploads\/sites\/9\/2021\/03\/design-thumb-0-225x300.jpg 225w\" sizes=\"(max-width: 600px) 100vw, 600px\" \/>\t\t\t\t\t\t\t\t\t\t\t\t\t\t\t<\/div>\n\t\t\t\t<\/div>\n\t\t\t\t<div class=\"elementor-element elementor-element-a886333 elementor-widget elementor-widget-text-editor\" data-id=\"a886333\" data-element_type=\"widget\" data-widget_type=\"text-editor.default\">\n\t\t\t\t<div class=\"elementor-widget-container\">\n\t\t\t\t\t\t\t\t\t<div class=\"item__cont\"><h4 class=\"item__h\"><strong>Gew\u00f6lbtes Panoramadisplay bestehend aus zwei jeweils 31-cm Bildschirmen<\/strong><\/h4><p class=\"item__p\">Das breite, gew\u00f6lbte Display des EV6 sorgt dank hoher Aufl\u00f6sung f\u00fcr ausgezeichnet ablesbare Informationen und bietet intuitive Men\u00fcstrukturen und klare Darstellungen.<\/p><\/div>\t\t\t\t\t\t\t\t<\/div>\n\t\t\t\t<\/div>\n\t\t\t\t\t<\/div>\n\t\t<\/div>\n\t\t\t\t<div class=\"elementor-column elementor-col-33 elementor-top-column elementor-element elementor-element-8888e05\" data-id=\"8888e05\" data-element_type=\"column\">\n\t\t\t<div class=\"elementor-widget-wrap elementor-element-populated\">\n\t\t\t\t\t\t<div class=\"elementor-element elementor-element-2466f8f elementor-widget elementor-widget-heading\" data-id=\"2466f8f\" data-element_type=\"widget\" data-widget_type=\"heading.default\">\n\t\t\t\t<div class=\"elementor-widget-container\">\n\t\t\t\t\t<h2 class=\"elementor-heading-title elementor-size-default\">Raum-Innovation<\/h2>\t\t\t\t<\/div>\n\t\t\t\t<\/div>\n\t\t\t\t<div class=\"elementor-element elementor-element-a774506 elementor-widget-divider--view-line elementor-widget elementor-widget-divider\" data-id=\"a774506\" data-element_type=\"widget\" data-widget_type=\"divider.default\">\n\t\t\t\t<div class=\"elementor-widget-container\">\n\t\t\t\t\t\t\t<div class=\"elementor-divider\">\n\t\t\t<span class=\"elementor-divider-separator\">\n\t\t\t\t\t\t<\/span>\n\t\t<\/div>\n\t\t\t\t\t\t<\/div>\n\t\t\t\t<\/div>\n\t\t\t\t<div class=\"elementor-element elementor-element-039795e elementor-widget elementor-widget-text-editor\" data-id=\"039795e\" data-element_type=\"widget\" data-widget_type=\"text-editor.default\">\n\t\t\t\t<div class=\"elementor-widget-container\">\n\t\t\t\t\t\t\t\t\t<p class=\"item__h\"><strong>Nachhaltige Werkstoffe<\/strong><\/p><p>Nachhaltigkeit spielt eine wichtige Rolle beim neuen Kia EV6. Die Sitze sind aus recyceltem PET, hochwertigem veganer Sitzbezug in Lederdesign oder Wildleder gefertigt.<\/p>\t\t\t\t\t\t\t\t<\/div>\n\t\t\t\t<\/div>\n\t\t\t\t<div class=\"elementor-element elementor-element-9fe930e elementor-widget elementor-widget-image\" data-id=\"9fe930e\" data-element_type=\"widget\" data-widget_type=\"image.default\">\n\t\t\t\t<div class=\"elementor-widget-container\">\n\t\t\t\t\t\t\t\t\t\t\t\t\t\t\t<img loading=\"lazy\" decoding=\"async\" width=\"600\" height=\"800\" src=\"https:\/\/guenther-gruppe.de\/kia\/wp-content\/uploads\/sites\/9\/2021\/03\/design-thumb-1.jpg\" class=\"attachment-large size-large wp-image-6060\" alt=\"Moderner Innenraum eines Autos mit Vorder- und R\u00fccksitzen.\" srcset=\"https:\/\/guenther-gruppe.de\/kia\/wp-content\/uploads\/sites\/9\/2021\/03\/design-thumb-1.jpg 600w, https:\/\/guenther-gruppe.de\/kia\/wp-content\/uploads\/sites\/9\/2021\/03\/design-thumb-1-225x300.jpg 225w\" sizes=\"(max-width: 600px) 100vw, 600px\" \/>\t\t\t\t\t\t\t\t\t\t\t\t\t\t\t<\/div>\n\t\t\t\t<\/div>\n\t\t\t\t\t<\/div>\n\t\t<\/div>\n\t\t\t\t<div class=\"elementor-column elementor-col-33 elementor-top-column elementor-element elementor-element-cc9c251\" data-id=\"cc9c251\" data-element_type=\"column\">\n\t\t\t<div class=\"elementor-widget-wrap elementor-element-populated\">\n\t\t\t\t\t\t<div class=\"elementor-element elementor-element-4ab7ccc elementor-widget elementor-widget-image\" data-id=\"4ab7ccc\" data-element_type=\"widget\" data-widget_type=\"image.default\">\n\t\t\t\t<div class=\"elementor-widget-container\">\n\t\t\t\t\t\t\t\t\t\t\t\t\t\t\t<img loading=\"lazy\" decoding=\"async\" width=\"600\" height=\"800\" src=\"https:\/\/guenther-gruppe.de\/kia\/wp-content\/uploads\/sites\/9\/2021\/03\/design-thumb-2.jpg\" class=\"attachment-large size-large wp-image-6059\" alt=\"Auto Head-up-Display Navigation mit Geschwindigkeitsanzeige im Auto\" srcset=\"https:\/\/guenther-gruppe.de\/kia\/wp-content\/uploads\/sites\/9\/2021\/03\/design-thumb-2.jpg 600w, https:\/\/guenther-gruppe.de\/kia\/wp-content\/uploads\/sites\/9\/2021\/03\/design-thumb-2-225x300.jpg 225w\" sizes=\"(max-width: 600px) 100vw, 600px\" \/>\t\t\t\t\t\t\t\t\t\t\t\t\t\t\t<\/div>\n\t\t\t\t<\/div>\n\t\t\t\t<div class=\"elementor-element elementor-element-6d3603d elementor-widget elementor-widget-text-editor\" data-id=\"6d3603d\" data-element_type=\"widget\" data-widget_type=\"text-editor.default\">\n\t\t\t\t<div class=\"elementor-widget-container\">\n\t\t\t\t\t\t\t\t\t<div class=\"item__cont\"><h4 class=\"item__h\"><strong>Augmented Reality Head-Up Display<\/strong><\/h4><p class=\"item__p\">Das neue AR-Head-up-Display ist eine virtuelle Anzeige mit Projektion auf die Windschutzscheibe. Es bietet alle wichtigen Informationen f\u00fcr eine problemlose und sichere Fahrt.<\/p><\/div>\t\t\t\t\t\t\t\t<\/div>\n\t\t\t\t<\/div>\n\t\t\t\t\t<\/div>\n\t\t<\/div>\n\t\t\t\t\t<\/div>\n\t\t<\/section>\n\t\t\t\t<section class=\"elementor-section elementor-top-section elementor-element elementor-element-2d2a178 elementor-section-boxed elementor-section-height-default elementor-section-height-default\" data-id=\"2d2a178\" data-element_type=\"section\">\n\t\t\t\t\t\t<div class=\"elementor-container elementor-column-gap-default\">\n\t\t\t\t\t<div class=\"elementor-column elementor-col-100 elementor-top-column elementor-element elementor-element-f47da28\" data-id=\"f47da28\" data-element_type=\"column\">\n\t\t\t<div class=\"elementor-widget-wrap elementor-element-populated\">\n\t\t\t\t\t\t<div class=\"elementor-element elementor-element-8574e0c elementor-widget-divider--view-line elementor-widget elementor-widget-divider\" data-id=\"8574e0c\" data-element_type=\"widget\" data-widget_type=\"divider.default\">\n\t\t\t\t<div class=\"elementor-widget-container\">\n\t\t\t\t\t\t\t<div class=\"elementor-divider\">\n\t\t\t<span class=\"elementor-divider-separator\">\n\t\t\t\t\t\t<\/span>\n\t\t<\/div>\n\t\t\t\t\t\t<\/div>\n\t\t\t\t<\/div>\n\t\t\t\t<div class=\"elementor-element elementor-element-102ef17 elementor-widget elementor-widget-text-editor\" data-id=\"102ef17\" data-element_type=\"widget\" data-widget_type=\"text-editor.default\">\n\t\t\t\t<div class=\"elementor-widget-container\">\n\t\t\t\t\t\t\t\t\t<p>Der Einsatz von Assistenz- und Sicherheitssystemen entbindet nicht von der Pflicht zur st\u00e4ndigen Verkehrsbeobachtung und Fahrzeugkontrolle.<\/p>\t\t\t\t\t\t\t\t<\/div>\n\t\t\t\t<\/div>\n\t\t\t\t\t<\/div>\n\t\t<\/div>\n\t\t\t\t\t<\/div>\n\t\t<\/section>\n\t\t\t\t<section class=\"elementor-section elementor-top-section elementor-element elementor-element-6c6966c2 elementor-section-full_width elementor-section-height-default elementor-section-height-default\" data-id=\"6c6966c2\" data-element_type=\"section\">\n\t\t\t\t\t\t<div class=\"elementor-container elementor-column-gap-default\">\n\t\t\t\t\t<div class=\"elementor-column elementor-col-100 elementor-top-column elementor-element elementor-element-596453e1\" data-id=\"596453e1\" data-element_type=\"column\">\n\t\t\t<div class=\"elementor-widget-wrap elementor-element-populated\">\n\t\t\t\t\t\t<div class=\"elementor-element elementor-element-45d3423e elementor-widget elementor-widget-eael-image-accordion\" data-id=\"45d3423e\" data-element_type=\"widget\" data-widget_type=\"eael-image-accordion.default\">\n\t\t\t\t<div class=\"elementor-widget-container\">\n\t\t\t\t\t    <div class=\"eael-img-accordion accordion-direction-horizontal eael-img-accordion-horizontal-align-center eael-img-accordion-vertical-align-center\" id=\"eael-img-accordion-45d3423e\" data-img-accordion-id=\"45d3423e\" data-img-accordion-type=\"on-hover\">\n                    \n            <div class=\"eael-image-accordion-hover eael-image-accordion-item\" style=\"background-image: url(https:\/\/guenther-gruppe.de\/kia\/wp-content\/uploads\/sites\/9\/2021\/03\/kia-cv-gallery-three-quarter-front-low.jpg);\"  tabindex=\"0\">\n                <div class=\"overlay\">\n                                        <div class=\"overlay-inner \">\n                                            <\/div>\n                <\/div>\n            <\/div>\n                    \n            <div class=\"eael-image-accordion-hover eael-image-accordion-item\" style=\"background-image: url(https:\/\/guenther-gruppe.de\/kia\/wp-content\/uploads\/sites\/9\/2021\/03\/kia-cv-gallery-interior-front.jpg);\"  tabindex=\"0\">\n                <div class=\"overlay\">\n                                        <div class=\"overlay-inner \">\n                                            <\/div>\n                <\/div>\n            <\/div>\n                    \n            <div class=\"eael-image-accordion-hover eael-image-accordion-item\" style=\"background-image: url(https:\/\/guenther-gruppe.de\/kia\/wp-content\/uploads\/sites\/9\/2021\/03\/kia-cv-gallery-top.jpg);\"  tabindex=\"0\">\n                <div class=\"overlay\">\n                                        <div class=\"overlay-inner \">\n                                            <\/div>\n                <\/div>\n            <\/div>\n                    \n            <div class=\"eael-image-accordion-hover eael-image-accordion-item\" style=\"background-image: url(https:\/\/guenther-gruppe.de\/kia\/wp-content\/uploads\/sites\/9\/2021\/03\/kia-cv-gallery-interior-side.jpg);\"  tabindex=\"0\">\n                <div class=\"overlay\">\n                                        <div class=\"overlay-inner \">\n                                            <\/div>\n                <\/div>\n            <\/div>\n                    \n            <div class=\"eael-image-accordion-hover eael-image-accordion-item\" style=\"background-image: url(https:\/\/guenther-gruppe.de\/kia\/wp-content\/uploads\/sites\/9\/2021\/03\/kia-cv-gallery-three-quarter-rear.jpg);\"  tabindex=\"0\">\n                <div class=\"overlay\">\n                                        <div class=\"overlay-inner \">\n                                            <\/div>\n                <\/div>\n            <\/div>\n                <\/div>\n        <style typr=\"text\/css\">\n                    #eael-img-accordion-45d3423e .eael-image-accordion-hover:hover {\n                        flex: 3 1 0% !important;\n                    }\n                    #eael-img-accordion-45d3423e .eael-image-accordion-hover:hover:hover .overlay-inner * {\n                        opacity: 1;\n                        visibility: visible;\n                        transform: none;\n                        transition: all .3s .3s;\n                    }\n                <\/style>\t\t\t\t<\/div>\n\t\t\t\t<\/div>\n\t\t\t\t\t<\/div>\n\t\t<\/div>\n\t\t\t\t\t<\/div>\n\t\t<\/section>\n\t\t\t\t<section class=\"elementor-section elementor-top-section elementor-element elementor-element-45f42c0 elementor-section-boxed elementor-section-height-default elementor-section-height-default\" data-id=\"45f42c0\" data-element_type=\"section\" data-settings=\"{&quot;background_background&quot;:&quot;classic&quot;}\">\n\t\t\t\t\t\t<div class=\"elementor-container elementor-column-gap-default\">\n\t\t\t\t\t<div class=\"elementor-column elementor-col-50 elementor-top-column elementor-element elementor-element-aad2ed2\" data-id=\"aad2ed2\" data-element_type=\"column\" data-settings=\"{&quot;background_background&quot;:&quot;classic&quot;}\">\n\t\t\t<div class=\"elementor-widget-wrap elementor-element-populated\">\n\t\t\t\t\t<div class=\"elementor-background-overlay\"><\/div>\n\t\t\t\t\t\t<div class=\"elementor-element elementor-element-4c59caf elementor-widget elementor-widget-heading\" data-id=\"4c59caf\" data-element_type=\"widget\" data-widget_type=\"heading.default\">\n\t\t\t\t<div class=\"elementor-widget-container\">\n\t\t\t\t\t<h2 class=\"elementor-heading-title elementor-size-default\">Ultraschnelles Laden<\/h2>\t\t\t\t<\/div>\n\t\t\t\t<\/div>\n\t\t\t\t<div class=\"elementor-element elementor-element-4e7057b elementor-widget-divider--view-line elementor-widget elementor-widget-divider\" data-id=\"4e7057b\" data-element_type=\"widget\" data-widget_type=\"divider.default\">\n\t\t\t\t<div class=\"elementor-widget-container\">\n\t\t\t\t\t\t\t<div class=\"elementor-divider\">\n\t\t\t<span class=\"elementor-divider-separator\">\n\t\t\t\t\t\t<\/span>\n\t\t<\/div>\n\t\t\t\t\t\t<\/div>\n\t\t\t\t<\/div>\n\t\t\t\t<div class=\"elementor-element elementor-element-459911b elementor-widget elementor-widget-text-editor\" data-id=\"459911b\" data-element_type=\"widget\" data-widget_type=\"text-editor.default\">\n\t\t\t\t<div class=\"elementor-widget-container\">\n\t\t\t\t\t\t\t\t\t<p>Das 800-V-Hochgeschwindigkeits-Multi-Ladesystem des EV6 erm\u00f6glicht es ihnen, die zus\u00e4tzliche Zeit f\u00fcr die Dinge zu nutzen, die ihnen wirklich wichtig sind. Eine 4,5-min\u00fctige Schnellladung erm\u00f6glicht ihnen eine Reichweite von \u00fcber 100 km . Und: Es dauert weniger als 18 Minuten, um von 10% auf 80 % zu laden. Wahnsinn, das ist ultraschnell!<\/p>\t\t\t\t\t\t\t\t<\/div>\n\t\t\t\t<\/div>\n\t\t\t\t\t<\/div>\n\t\t<\/div>\n\t\t\t\t<div class=\"elementor-column elementor-col-50 elementor-top-column elementor-element elementor-element-3e42b69\" data-id=\"3e42b69\" data-element_type=\"column\" data-settings=\"{&quot;background_background&quot;:&quot;classic&quot;}\">\n\t\t\t<div class=\"elementor-widget-wrap elementor-element-populated\">\n\t\t\t\t\t<div class=\"elementor-background-overlay\"><\/div>\n\t\t\t\t\t\t<div class=\"elementor-element elementor-element-5d71f9b elementor-widget elementor-widget-image\" data-id=\"5d71f9b\" data-element_type=\"widget\" data-widget_type=\"image.default\">\n\t\t\t\t<div class=\"elementor-widget-container\">\n\t\t\t\t\t\t\t\t\t\t\t\t\t\t\t<img loading=\"lazy\" decoding=\"async\" width=\"910\" height=\"1024\" src=\"https:\/\/guenther-gruppe.de\/kia\/wp-content\/uploads\/sites\/9\/2021\/03\/technology-0-910x1024.jpg\" class=\"attachment-large size-large wp-image-6076\" alt=\"Rotes Elektroauto beim Ladevorgang an einer Ladestation\" srcset=\"https:\/\/guenther-gruppe.de\/kia\/wp-content\/uploads\/sites\/9\/2021\/03\/technology-0-910x1024.jpg 910w, https:\/\/guenther-gruppe.de\/kia\/wp-content\/uploads\/sites\/9\/2021\/03\/technology-0-267x300.jpg 267w, https:\/\/guenther-gruppe.de\/kia\/wp-content\/uploads\/sites\/9\/2021\/03\/technology-0-768x864.jpg 768w, https:\/\/guenther-gruppe.de\/kia\/wp-content\/uploads\/sites\/9\/2021\/03\/technology-0.jpg 960w\" sizes=\"(max-width: 910px) 100vw, 910px\" \/>\t\t\t\t\t\t\t\t\t\t\t\t\t\t\t<\/div>\n\t\t\t\t<\/div>\n\t\t\t\t\t<\/div>\n\t\t<\/div>\n\t\t\t\t\t<\/div>\n\t\t<\/section>\n\t\t\t\t<section class=\"elementor-section elementor-top-section elementor-element elementor-element-543e905 elementor-section-boxed elementor-section-height-default elementor-section-height-default\" data-id=\"543e905\" data-element_type=\"section\" data-settings=\"{&quot;background_background&quot;:&quot;classic&quot;}\">\n\t\t\t\t\t\t<div class=\"elementor-container elementor-column-gap-default\">\n\t\t\t\t\t<div class=\"elementor-column elementor-col-50 elementor-top-column elementor-element elementor-element-3e6429f\" data-id=\"3e6429f\" data-element_type=\"column\">\n\t\t\t<div class=\"elementor-widget-wrap elementor-element-populated\">\n\t\t\t\t\t\t<div class=\"elementor-element elementor-element-7e7747f elementor-widget elementor-widget-image\" data-id=\"7e7747f\" data-element_type=\"widget\" data-widget_type=\"image.default\">\n\t\t\t\t<div class=\"elementor-widget-container\">\n\t\t\t\t\t\t\t\t\t\t\t\t\t\t\t<img loading=\"lazy\" decoding=\"async\" width=\"910\" height=\"1024\" src=\"https:\/\/guenther-gruppe.de\/kia\/wp-content\/uploads\/sites\/9\/2021\/03\/technology-1-910x1024.jpg\" class=\"attachment-large size-large wp-image-6084\" alt=\"Elektroauto auf einsamer Waldstra\u00dfe unterwegs\" srcset=\"https:\/\/guenther-gruppe.de\/kia\/wp-content\/uploads\/sites\/9\/2021\/03\/technology-1-910x1024.jpg 910w, https:\/\/guenther-gruppe.de\/kia\/wp-content\/uploads\/sites\/9\/2021\/03\/technology-1-267x300.jpg 267w, https:\/\/guenther-gruppe.de\/kia\/wp-content\/uploads\/sites\/9\/2021\/03\/technology-1-768x864.jpg 768w, https:\/\/guenther-gruppe.de\/kia\/wp-content\/uploads\/sites\/9\/2021\/03\/technology-1.jpg 960w\" sizes=\"(max-width: 910px) 100vw, 910px\" \/>\t\t\t\t\t\t\t\t\t\t\t\t\t\t\t<\/div>\n\t\t\t\t<\/div>\n\t\t\t\t\t<\/div>\n\t\t<\/div>\n\t\t\t\t<div class=\"elementor-column elementor-col-50 elementor-top-column elementor-element elementor-element-88269d1\" data-id=\"88269d1\" data-element_type=\"column\" data-settings=\"{&quot;background_background&quot;:&quot;classic&quot;}\">\n\t\t\t<div class=\"elementor-widget-wrap elementor-element-populated\">\n\t\t\t\t\t<div class=\"elementor-background-overlay\"><\/div>\n\t\t\t\t\t\t<div class=\"elementor-element elementor-element-daaaac9 elementor-widget elementor-widget-heading\" data-id=\"daaaac9\" data-element_type=\"widget\" data-widget_type=\"heading.default\">\n\t\t\t\t<div class=\"elementor-widget-container\">\n\t\t\t\t\t<h2 class=\"elementor-heading-title elementor-size-default\">\u00dcber 510 km Reichweite<\/h2>\t\t\t\t<\/div>\n\t\t\t\t<\/div>\n\t\t\t\t<div class=\"elementor-element elementor-element-fe8849c elementor-widget-divider--view-line elementor-widget elementor-widget-divider\" data-id=\"fe8849c\" data-element_type=\"widget\" data-widget_type=\"divider.default\">\n\t\t\t\t<div class=\"elementor-widget-container\">\n\t\t\t\t\t\t\t<div class=\"elementor-divider\">\n\t\t\t<span class=\"elementor-divider-separator\">\n\t\t\t\t\t\t<\/span>\n\t\t<\/div>\n\t\t\t\t\t\t<\/div>\n\t\t\t\t<\/div>\n\t\t\t\t<div class=\"elementor-element elementor-element-da5000c elementor-widget elementor-widget-text-editor\" data-id=\"da5000c\" data-element_type=\"widget\" data-widget_type=\"text-editor.default\">\n\t\t\t\t<div class=\"elementor-widget-container\">\n\t\t\t\t\t\t\t\t\t<p>Die 77,4-kWh-Batterie des EV6 erm\u00f6glicht bei voller Ladung bis zu 528 km Reichweite. Das bedeutet weniger h\u00e4ufiges Aufladen und wieder mehr Zeit, um deine Leidenschaften zu entdecken. Der EV6 ist auch mit einer 58-kWh-Batterie erh\u00e4ltlich &#8211; genug, um alle Fahrbed\u00fcrfnisse abzudecken. Heckantrieb (RWD) mit einem einzelnen Elektromotor oder Allradantrieb (AWD) mit zwei Motoren bringen dich unabh\u00e4ngig von Wetterbedingungen und Gel\u00e4nde an dein Ziel. <br \/><br \/><\/p><p>Kia EV6 AWD, Strom: Energieverbrauch kombiniert: 18,0 \u2013 17,2 (kWh\/100 km); CO\u2082-Emissionen kombiniert: 0 (g\/km); CO\u2082-Klasse: A<\/p><p><small>\u00a0<\/small><\/p>\t\t\t\t\t\t\t\t<\/div>\n\t\t\t\t<\/div>\n\t\t\t\t\t<\/div>\n\t\t<\/div>\n\t\t\t\t\t<\/div>\n\t\t<\/section>\n\t\t\t\t<section class=\"elementor-section elementor-top-section elementor-element elementor-element-8b24c94 elementor-section-boxed elementor-section-height-default elementor-section-height-default\" data-id=\"8b24c94\" data-element_type=\"section\" data-settings=\"{&quot;background_background&quot;:&quot;classic&quot;}\">\n\t\t\t\t\t\t<div class=\"elementor-container elementor-column-gap-no\">\n\t\t\t\t\t<div class=\"elementor-column elementor-col-50 elementor-top-column elementor-element elementor-element-d4464eb\" data-id=\"d4464eb\" data-element_type=\"column\">\n\t\t\t<div class=\"elementor-widget-wrap elementor-element-populated\">\n\t\t\t\t\t\t<div class=\"elementor-element elementor-element-ffd6654 elementor-widget elementor-widget-heading\" data-id=\"ffd6654\" data-element_type=\"widget\" data-widget_type=\"heading.default\">\n\t\t\t\t<div class=\"elementor-widget-container\">\n\t\t\t\t\t<h2 class=\"elementor-heading-title elementor-size-default\">Komfortable Energieversorgung f\u00fcr deine Aktivit\u00e4ten<\/h2>\t\t\t\t<\/div>\n\t\t\t\t<\/div>\n\t\t\t\t<div class=\"elementor-element elementor-element-d4c0f55 elementor-widget-divider--view-line elementor-widget elementor-widget-divider\" data-id=\"d4c0f55\" data-element_type=\"widget\" data-widget_type=\"divider.default\">\n\t\t\t\t<div class=\"elementor-widget-container\">\n\t\t\t\t\t\t\t<div class=\"elementor-divider\">\n\t\t\t<span class=\"elementor-divider-separator\">\n\t\t\t\t\t\t<\/span>\n\t\t<\/div>\n\t\t\t\t\t\t<\/div>\n\t\t\t\t<\/div>\n\t\t\t\t<div class=\"elementor-element elementor-element-7bed366 elementor-widget elementor-widget-text-editor\" data-id=\"7bed366\" data-element_type=\"widget\" data-widget_type=\"text-editor.default\">\n\t\t\t\t<div class=\"elementor-widget-container\">\n\t\t\t\t\t\t\t\t\t<p>Der EV6 ist mit einer Vehicle-to-Load-Funktion (V2L) ausgestattet, die als bequeme, mobile Stromversorgung f\u00fcr ihr t\u00e4gliches Leben oder ihre Freizeitaktivit\u00e4ten dient.<\/p><p>Der EV6 liefert bis zu 3,6 kW Strom, so dass er als Notstromquelle dienen kann. <br class=\"for-large\" \/>Er kann auch als mobiler Generator bei Outdoor-Aktivit\u00e4ten eingesetzt werden.<\/p>\t\t\t\t\t\t\t\t<\/div>\n\t\t\t\t<\/div>\n\t\t\t\t\t<\/div>\n\t\t<\/div>\n\t\t\t\t<div class=\"elementor-column elementor-col-50 elementor-top-column elementor-element elementor-element-a049466\" data-id=\"a049466\" data-element_type=\"column\" data-settings=\"{&quot;background_background&quot;:&quot;classic&quot;}\">\n\t\t\t<div class=\"elementor-widget-wrap elementor-element-populated\">\n\t\t\t\t\t\t<div class=\"elementor-element elementor-element-85f02be elementor-widget elementor-widget-image\" data-id=\"85f02be\" data-element_type=\"widget\" data-widget_type=\"image.default\">\n\t\t\t\t<div class=\"elementor-widget-container\">\n\t\t\t\t\t\t\t\t\t\t\t\t\t\t\t<img loading=\"lazy\" decoding=\"async\" width=\"1024\" height=\"576\" src=\"https:\/\/guenther-gruppe.de\/kia\/wp-content\/uploads\/sites\/9\/2021\/03\/discover-cv-features-0-lg-1024x576.jpg\" class=\"attachment-large size-large wp-image-6102\" alt=\"Moderne zweist\u00f6ckige Villa mit Auto bei Nachtansicht\" srcset=\"https:\/\/guenther-gruppe.de\/kia\/wp-content\/uploads\/sites\/9\/2021\/03\/discover-cv-features-0-lg-1024x576.jpg 1024w, https:\/\/guenther-gruppe.de\/kia\/wp-content\/uploads\/sites\/9\/2021\/03\/discover-cv-features-0-lg-300x169.jpg 300w, https:\/\/guenther-gruppe.de\/kia\/wp-content\/uploads\/sites\/9\/2021\/03\/discover-cv-features-0-lg-768x432.jpg 768w, https:\/\/guenther-gruppe.de\/kia\/wp-content\/uploads\/sites\/9\/2021\/03\/discover-cv-features-0-lg-1536x864.jpg 1536w, https:\/\/guenther-gruppe.de\/kia\/wp-content\/uploads\/sites\/9\/2021\/03\/discover-cv-features-0-lg.jpg 1920w\" sizes=\"(max-width: 1024px) 100vw, 1024px\" \/>\t\t\t\t\t\t\t\t\t\t\t\t\t\t\t<\/div>\n\t\t\t\t<\/div>\n\t\t\t\t\t<\/div>\n\t\t<\/div>\n\t\t\t\t\t<\/div>\n\t\t<\/section>\n\t\t\t\t<section class=\"elementor-section elementor-top-section elementor-element elementor-element-ec89054 elementor-section-boxed elementor-section-height-default elementor-section-height-default\" data-id=\"ec89054\" data-element_type=\"section\" data-settings=\"{&quot;background_background&quot;:&quot;classic&quot;}\">\n\t\t\t\t\t\t<div class=\"elementor-container elementor-column-gap-no\">\n\t\t\t\t\t<div class=\"elementor-column elementor-col-50 elementor-top-column elementor-element elementor-element-33baea4\" data-id=\"33baea4\" data-element_type=\"column\" data-settings=\"{&quot;background_background&quot;:&quot;classic&quot;}\">\n\t\t\t<div class=\"elementor-widget-wrap elementor-element-populated\">\n\t\t\t\t\t\t<div class=\"elementor-element elementor-element-081c542 elementor-widget elementor-widget-image\" data-id=\"081c542\" data-element_type=\"widget\" data-widget_type=\"image.default\">\n\t\t\t\t<div class=\"elementor-widget-container\">\n\t\t\t\t\t\t\t\t\t\t\t\t\t\t\t<img loading=\"lazy\" decoding=\"async\" width=\"1024\" height=\"576\" src=\"https:\/\/guenther-gruppe.de\/kia\/wp-content\/uploads\/sites\/9\/2021\/03\/discover-cv-features-1-lg-1024x576.jpg\" class=\"attachment-large size-large wp-image-6103\" alt=\"Rotes Auto zieht wei\u00dfen Wohnwagen auf offener Stra\u00dfe\" srcset=\"https:\/\/guenther-gruppe.de\/kia\/wp-content\/uploads\/sites\/9\/2021\/03\/discover-cv-features-1-lg-1024x576.jpg 1024w, https:\/\/guenther-gruppe.de\/kia\/wp-content\/uploads\/sites\/9\/2021\/03\/discover-cv-features-1-lg-300x169.jpg 300w, https:\/\/guenther-gruppe.de\/kia\/wp-content\/uploads\/sites\/9\/2021\/03\/discover-cv-features-1-lg-768x432.jpg 768w, https:\/\/guenther-gruppe.de\/kia\/wp-content\/uploads\/sites\/9\/2021\/03\/discover-cv-features-1-lg-1536x864.jpg 1536w, https:\/\/guenther-gruppe.de\/kia\/wp-content\/uploads\/sites\/9\/2021\/03\/discover-cv-features-1-lg.jpg 1920w\" sizes=\"(max-width: 1024px) 100vw, 1024px\" \/>\t\t\t\t\t\t\t\t\t\t\t\t\t\t\t<\/div>\n\t\t\t\t<\/div>\n\t\t\t\t<div class=\"elementor-element elementor-element-04a1b06 elementor-widget elementor-widget-text-editor\" data-id=\"04a1b06\" data-element_type=\"widget\" data-widget_type=\"text-editor.default\">\n\t\t\t\t<div class=\"elementor-widget-container\">\n\t\t\t\t\t\t\t\t\t<p>Die Abbildung bezieht sich auf die maximale Anh\u00e4ngelast. Die Anh\u00e4ngelast kann je nach Batteriegr\u00f6\u00dfe und\/oder ausgew\u00e4hlten Antriebsstrang variieren<\/p>\t\t\t\t\t\t\t\t<\/div>\n\t\t\t\t<\/div>\n\t\t\t\t\t<\/div>\n\t\t<\/div>\n\t\t\t\t<div class=\"elementor-column elementor-col-50 elementor-top-column elementor-element elementor-element-29b1ed1\" data-id=\"29b1ed1\" data-element_type=\"column\">\n\t\t\t<div class=\"elementor-widget-wrap elementor-element-populated\">\n\t\t\t\t\t\t<div class=\"elementor-element elementor-element-5498c0c elementor-widget elementor-widget-heading\" data-id=\"5498c0c\" data-element_type=\"widget\" data-widget_type=\"heading.default\">\n\t\t\t\t<div class=\"elementor-widget-container\">\n\t\t\t\t\t<h2 class=\"elementor-heading-title elementor-size-default\">Anh\u00e4ngelast <br>bis zu 1.600 kg<\/h2>\t\t\t\t<\/div>\n\t\t\t\t<\/div>\n\t\t\t\t<div class=\"elementor-element elementor-element-b9e6e32 elementor-widget-divider--view-line elementor-widget elementor-widget-divider\" data-id=\"b9e6e32\" data-element_type=\"widget\" data-widget_type=\"divider.default\">\n\t\t\t\t<div class=\"elementor-widget-container\">\n\t\t\t\t\t\t\t<div class=\"elementor-divider\">\n\t\t\t<span class=\"elementor-divider-separator\">\n\t\t\t\t\t\t<\/span>\n\t\t<\/div>\n\t\t\t\t\t\t<\/div>\n\t\t\t\t<\/div>\n\t\t\t\t<div class=\"elementor-element elementor-element-0145f19 elementor-widget elementor-widget-text-editor\" data-id=\"0145f19\" data-element_type=\"widget\" data-widget_type=\"text-editor.default\">\n\t\t\t\t<div class=\"elementor-widget-container\">\n\t\t\t\t\t\t\t\t\t<p>Zusammen mit seiner beeindruckenden maximalen Anh\u00e4ngelast von 1.600 kg k\u00f6nnen sie vieles mitnehmen, was du f\u00fcr ein Outdoor-Abenteuer mit ihren Freunden und ihrer Familie brauchen &#8211; und das nat\u00fcrlich emissionsfrei.<\/p>\t\t\t\t\t\t\t\t<\/div>\n\t\t\t\t<\/div>\n\t\t\t\t\t<\/div>\n\t\t<\/div>\n\t\t\t\t\t<\/div>\n\t\t<\/section>\n\t\t\t\t<section class=\"elementor-section elementor-top-section elementor-element elementor-element-21bb1d98 elementor-section-content-middle elementor-section-boxed elementor-section-height-default elementor-section-height-default\" data-id=\"21bb1d98\" data-element_type=\"section\" data-settings=\"{&quot;background_background&quot;:&quot;classic&quot;}\">\n\t\t\t\t\t\t<div class=\"elementor-container elementor-column-gap-no\">\n\t\t\t\t\t<div class=\"elementor-column elementor-col-100 elementor-top-column elementor-element elementor-element-1788dbea\" data-id=\"1788dbea\" data-element_type=\"column\">\n\t\t\t<div class=\"elementor-widget-wrap elementor-element-populated\">\n\t\t\t\t\t\t<div class=\"elementor-element elementor-element-358de15b elementor-widget elementor-widget-heading\" data-id=\"358de15b\" data-element_type=\"widget\" data-widget_type=\"heading.default\">\n\t\t\t\t<div class=\"elementor-widget-container\">\n\t\t\t\t\t<h2 class=\"elementor-heading-title elementor-size-default\">Wie k\u00f6nnen wir Ihnen helfen<\/h2>\t\t\t\t<\/div>\n\t\t\t\t<\/div>\n\t\t\t\t<div class=\"elementor-element elementor-element-292c51eb elementor-widget-divider--view-line elementor-widget elementor-widget-divider\" data-id=\"292c51eb\" data-element_type=\"widget\" data-widget_type=\"divider.default\">\n\t\t\t\t<div class=\"elementor-widget-container\">\n\t\t\t\t\t\t\t<div class=\"elementor-divider\">\n\t\t\t<span class=\"elementor-divider-separator\">\n\t\t\t\t\t\t<\/span>\n\t\t<\/div>\n\t\t\t\t\t\t<\/div>\n\t\t\t\t<\/div>\n\t\t\t\t<section class=\"elementor-section elementor-inner-section elementor-element elementor-element-7a4911be elementor-section-boxed elementor-section-height-default elementor-section-height-default\" data-id=\"7a4911be\" data-element_type=\"section\">\n\t\t\t\t\t\t<div class=\"elementor-container elementor-column-gap-default\">\n\t\t\t\t\t<div class=\"elementor-column elementor-col-33 elementor-inner-column elementor-element elementor-element-2425f7bc\" data-id=\"2425f7bc\" data-element_type=\"column\" data-settings=\"{&quot;background_background&quot;:&quot;classic&quot;}\">\n\t\t\t<div class=\"elementor-widget-wrap elementor-element-populated\">\n\t\t\t\t\t\t<div class=\"elementor-element elementor-element-4ffd8d15 elementor-view-framed elementor-shape-circle elementor-position-top elementor-mobile-position-top elementor-widget elementor-widget-icon-box\" data-id=\"4ffd8d15\" data-element_type=\"widget\" data-widget_type=\"icon-box.default\">\n\t\t\t\t<div class=\"elementor-widget-container\">\n\t\t\t\t\t\t\t<div class=\"elementor-icon-box-wrapper\">\n\n\t\t\t\t\t\t<div class=\"elementor-icon-box-icon\">\n\t\t\t\t<a href=\"\/kia\/kontakt\/\" class=\"elementor-icon\" tabindex=\"-1\" aria-label=\"Bleiben Sie in Kontakt\">\n\t\t\t\t<i aria-hidden=\"true\" class=\"fas fa-info\"><\/i>\t\t\t\t<\/a>\n\t\t\t<\/div>\n\t\t\t\n\t\t\t\t\t\t<div class=\"elementor-icon-box-content\">\n\n\t\t\t\t\t\t\t\t\t<h3 class=\"elementor-icon-box-title\">\n\t\t\t\t\t\t<a href=\"\/kia\/kontakt\/\" >\n\t\t\t\t\t\t\tBleiben Sie in Kontakt\t\t\t\t\t\t<\/a>\n\t\t\t\t\t<\/h3>\n\t\t\t\t\n\t\t\t\t\n\t\t\t<\/div>\n\t\t\t\n\t\t<\/div>\n\t\t\t\t\t\t<\/div>\n\t\t\t\t<\/div>\n\t\t\t\t<div class=\"elementor-element elementor-element-3a2d939c elementor-widget elementor-widget-image\" data-id=\"3a2d939c\" data-element_type=\"widget\" data-widget_type=\"image.default\">\n\t\t\t\t<div class=\"elementor-widget-container\">\n\t\t\t\t\t\t\t\t\t\t\t\t\t\t\t<img decoding=\"async\" src=\"http:\/\/guenther-gruppe.de\/kia\/wp-content\/uploads\/sites\/9\/2021\/02\/logo-01-free-img.png\" title=\"\" alt=\"\" loading=\"lazy\" \/>\t\t\t\t\t\t\t\t\t\t\t\t\t\t\t<\/div>\n\t\t\t\t<\/div>\n\t\t\t\t\t<\/div>\n\t\t<\/div>\n\t\t\t\t<div class=\"elementor-column elementor-col-33 elementor-inner-column elementor-element elementor-element-4d1a8a0d\" data-id=\"4d1a8a0d\" data-element_type=\"column\" data-settings=\"{&quot;background_background&quot;:&quot;classic&quot;}\">\n\t\t\t<div class=\"elementor-widget-wrap elementor-element-populated\">\n\t\t\t\t\t\t<div class=\"elementor-element elementor-element-7d1c6a78 elementor-view-framed elementor-shape-circle elementor-position-top elementor-mobile-position-top elementor-widget elementor-widget-icon-box\" data-id=\"7d1c6a78\" data-element_type=\"widget\" data-widget_type=\"icon-box.default\">\n\t\t\t\t<div class=\"elementor-widget-container\">\n\t\t\t\t\t\t\t<div class=\"elementor-icon-box-wrapper\">\n\n\t\t\t\t\t\t<div class=\"elementor-icon-box-icon\">\n\t\t\t\t<a href=\"\/kia\/probefahrt\/\" class=\"elementor-icon\" tabindex=\"-1\" aria-label=\"Probefahrt vereinbaren\">\n\t\t\t\t<i aria-hidden=\"true\" class=\"fas fa-car\"><\/i>\t\t\t\t<\/a>\n\t\t\t<\/div>\n\t\t\t\n\t\t\t\t\t\t<div class=\"elementor-icon-box-content\">\n\n\t\t\t\t\t\t\t\t\t<h3 class=\"elementor-icon-box-title\">\n\t\t\t\t\t\t<a href=\"\/kia\/probefahrt\/\" >\n\t\t\t\t\t\t\tProbefahrt vereinbaren\t\t\t\t\t\t<\/a>\n\t\t\t\t\t<\/h3>\n\t\t\t\t\n\t\t\t\t\n\t\t\t<\/div>\n\t\t\t\n\t\t<\/div>\n\t\t\t\t\t\t<\/div>\n\t\t\t\t<\/div>\n\t\t\t\t\t<\/div>\n\t\t<\/div>\n\t\t\t\t<div class=\"elementor-column elementor-col-33 elementor-inner-column elementor-element elementor-element-63afbf1\" data-id=\"63afbf1\" data-element_type=\"column\" data-settings=\"{&quot;background_background&quot;:&quot;classic&quot;}\">\n\t\t\t<div class=\"elementor-widget-wrap elementor-element-populated\">\n\t\t\t\t\t\t<div class=\"elementor-element elementor-element-c3cb2f9 elementor-view-framed elementor-shape-circle elementor-position-top elementor-mobile-position-top elementor-widget elementor-widget-icon-box\" data-id=\"c3cb2f9\" data-element_type=\"widget\" data-widget_type=\"icon-box.default\">\n\t\t\t\t<div class=\"elementor-widget-container\">\n\t\t\t\t\t\t\t<div class=\"elementor-icon-box-wrapper\">\n\n\t\t\t\t\t\t<div class=\"elementor-icon-box-icon\">\n\t\t\t\t<a href=\"\/kia\/standorte\/\" class=\"elementor-icon\" tabindex=\"-1\" aria-label=\"Standorte suchen\">\n\t\t\t\t<i aria-hidden=\"true\" class=\"fas fa-map-marker-alt\"><\/i>\t\t\t\t<\/a>\n\t\t\t<\/div>\n\t\t\t\n\t\t\t\t\t\t<div class=\"elementor-icon-box-content\">\n\n\t\t\t\t\t\t\t\t\t<h3 class=\"elementor-icon-box-title\">\n\t\t\t\t\t\t<a href=\"\/kia\/standorte\/\" >\n\t\t\t\t\t\t\tStandorte suchen\t\t\t\t\t\t<\/a>\n\t\t\t\t\t<\/h3>\n\t\t\t\t\n\t\t\t\t\n\t\t\t<\/div>\n\t\t\t\n\t\t<\/div>\n\t\t\t\t\t\t<\/div>\n\t\t\t\t<\/div>\n\t\t\t\t\t<\/div>\n\t\t<\/div>\n\t\t\t\t\t<\/div>\n\t\t<\/section>\n\t\t\t\t\t<\/div>\n\t\t<\/div>\n\t\t\t\t\t<\/div>\n\t\t<\/section>\n\t\t\t\t<section class=\"elementor-section elementor-top-section elementor-element elementor-element-59f76735 elementor-section-boxed elementor-section-height-default elementor-section-height-default\" data-id=\"59f76735\" data-element_type=\"section\">\n\t\t\t\t\t\t<div class=\"elementor-container elementor-column-gap-default\">\n\t\t\t\t\t<div class=\"elementor-column elementor-col-100 elementor-top-column elementor-element elementor-element-63a85d4e\" data-id=\"63a85d4e\" data-element_type=\"column\">\n\t\t\t<div class=\"elementor-widget-wrap elementor-element-populated\">\n\t\t\t\t\t\t<div class=\"elementor-element elementor-element-1420c396 elementor-widget elementor-widget-text-editor\" data-id=\"1420c396\" data-element_type=\"widget\" data-widget_type=\"text-editor.default\">\n\t\t\t\t<div class=\"elementor-widget-container\">\n\t\t\t\t\t\t\t\t\t<p><span class=\"elp-description-small\"><sup>1<\/sup> Um die Ladezeit erreichen zu k\u00f6nnen, muss der EV6 an einer 800-Volt-Ladestation mit mindestens 240 kW geladen werden. Die reale Ladegeschwindigkeit und Ladedauer h\u00e4ngen von der Batterie-Temperatur und den Wetterbedingungen ab.<\/span><\/p><p><span class=\"elp-description-small\">** Die Reichweite wurde nach dem vorgeschriebenen EU-Messverfahren ermittelt. Die individuelle Fahrweise, Geschwindigkeit, Au\u00dfentemperatur, Topografie und Nutzung elektrischer Verbraucher haben Einfluss auf die tats\u00e4chliche Reichweite und k\u00f6nnen diese u. U. reduzieren.\u00a0<\/span><\/p>\t\t\t\t\t\t\t\t<\/div>\n\t\t\t\t<\/div>\n\t\t\t\t\t<\/div>\n\t\t<\/div>\n\t\t\t\t\t<\/div>\n\t\t<\/section>\n\t\t\t\t<section class=\"elementor-section elementor-top-section elementor-element elementor-element-701d634 elementor-section-boxed elementor-section-height-default elementor-section-height-default\" data-id=\"701d634\" data-element_type=\"section\">\n\t\t\t\t\t\t<div class=\"elementor-container elementor-column-gap-default\">\n\t\t\t\t\t<div class=\"elementor-column elementor-col-100 elementor-top-column elementor-element elementor-element-b605c2f\" data-id=\"b605c2f\" data-element_type=\"column\">\n\t\t\t<div class=\"elementor-widget-wrap\">\n\t\t\t\t\t\t\t<\/div>\n\t\t<\/div>\n\t\t\t\t\t<\/div>\n\t\t<\/section>\n\t\t\t\t<\/div>\n\t\t","protected":false},"excerpt":{"rendered":"<p>Der erste als reines Elektrofahrzeug gebaute Kia repr\u00e4sentiert die neue Designphilosophie der Marke.<\/p>\n","protected":false},"author":10,"featured_media":27837,"comment_status":"closed","ping_status":"open","sticky":false,"template":"","format":"standard","meta":{"_acf_changed":false,"site-sidebar-layout":"no-sidebar","site-content-layout":"page-builder","ast-site-content-layout":"default","site-content-style":"default","site-sidebar-style":"default","ast-global-header-display":"","ast-banner-title-visibility":"","ast-main-header-display":"","ast-hfb-above-header-display":"","ast-hfb-below-header-display":"","ast-hfb-mobile-header-display":"","site-post-title":"","ast-breadcrumbs-content":"","ast-featured-img":"disabled","footer-sml-layout":"","theme-transparent-header-meta":"enabled","adv-header-id-meta":"","stick-header-meta":"","header-above-stick-meta":"","header-main-stick-meta":"","header-below-stick-meta":"","astra-migrate-meta-layouts":"default","ast-page-background-enabled":"default","ast-page-background-meta":{"desktop":{"background-color":"","background-image":"","background-repeat":"repeat","background-position":"center center","background-size":"auto","background-attachment":"scroll","background-type":"","background-media":"","overlay-type":"","overlay-color":"","overlay-opacity":"","overlay-gradient":""},"tablet":{"background-color":"","background-image":"","background-repeat":"repeat","background-position":"center center","background-size":"auto","background-attachment":"scroll","background-type":"","background-media":"","overlay-type":"","overlay-color":"","overlay-opacity":"","overlay-gradient":""},"mobile":{"background-color":"","background-image":"","background-repeat":"repeat","background-position":"center center","background-size":"auto","background-attachment":"scroll","background-type":"","background-media":"","overlay-type":"","overlay-color":"","overlay-opacity":"","overlay-gradient":""}},"ast-content-background-meta":{"desktop":{"background-color":"var(--ast-global-color-5)","background-image":"","background-repeat":"repeat","background-position":"center center","background-size":"auto","background-attachment":"scroll","background-type":"","background-media":"","overlay-type":"","overlay-color":"","overlay-opacity":"","overlay-gradient":""},"tablet":{"background-color":"var(--ast-global-color-5)","background-image":"","background-repeat":"repeat","background-position":"center center","background-size":"auto","background-attachment":"scroll","background-type":"","background-media":"","overlay-type":"","overlay-color":"","overlay-opacity":"","overlay-gradient":""},"mobile":{"background-color":"var(--ast-global-color-5)","background-image":"","background-repeat":"repeat","background-position":"center center","background-size":"auto","background-attachment":"scroll","background-type":"","background-media":"","overlay-type":"","overlay-color":"","overlay-opacity":"","overlay-gradient":""}},"footnotes":""},"categories":[758],"tags":[],"class_list":["post-5438","post","type-post","status-publish","format-standard","has-post-thumbnail","hentry","category-modelle"],"acf":[],"yoast_head":"<!-- This site is optimized with the Yoast SEO plugin v26.5 - https:\/\/yoast.com\/wordpress\/plugins\/seo\/ -->\n<title>Der Kia EV6 | Autohaus G\u00fcnther GmbH<\/title>\n<meta name=\"description\" content=\"Der Kia EV6, die n\u00e4chste Generation der Elektromobilit\u00e4t. Kia repr\u00e4sentiert die neue Designphilosophie der Marke.\" \/>\n<meta name=\"robots\" content=\"index, follow, max-snippet:-1, max-image-preview:large, max-video-preview:-1\" \/>\n<link rel=\"canonical\" href=\"https:\/\/guenther-gruppe.de\/kia\/ev6\/\" \/>\n<meta property=\"og:locale\" content=\"de_DE\" \/>\n<meta property=\"og:type\" content=\"article\" \/>\n<meta property=\"og:title\" content=\"Der Kia EV6 | Autohaus G\u00fcnther GmbH\" \/>\n<meta property=\"og:description\" content=\"Der Kia EV6, die n\u00e4chste Generation der Elektromobilit\u00e4t. Kia repr\u00e4sentiert die neue Designphilosophie der Marke.\" \/>\n<meta property=\"og:url\" content=\"https:\/\/guenther-gruppe.de\/kia\/ev6\/\" \/>\n<meta property=\"og:site_name\" content=\"Autohaus G\u00fcnther GmbH - Kia Vertragsh\u00e4ndler Hamburg und Ahrensburg\" \/>\n<meta property=\"article:published_time\" content=\"2021-03-26T13:33:36+00:00\" \/>\n<meta property=\"article:modified_time\" content=\"2024-05-05T08:47:10+00:00\" \/>\n<meta property=\"og:image\" content=\"https:\/\/guenther-gruppe.de\/kia\/wp-content\/uploads\/sites\/9\/2021\/03\/beitragsbild-ev6.jpg\" \/>\n\t<meta property=\"og:image:width\" content=\"800\" \/>\n\t<meta property=\"og:image:height\" content=\"600\" \/>\n\t<meta property=\"og:image:type\" content=\"image\/jpeg\" \/>\n<meta name=\"author\" content=\"madeleine\" \/>\n<meta name=\"twitter:card\" content=\"summary_large_image\" \/>\n<meta name=\"twitter:label1\" content=\"Verfasst von\" \/>\n\t<meta name=\"twitter:data1\" content=\"\" \/>\n\t<meta name=\"twitter:label2\" content=\"Gesch\u00e4tzte Lesezeit\" \/>\n\t<meta name=\"twitter:data2\" content=\"9\u00a0Minuten\" \/>\n<script type=\"application\/ld+json\" class=\"yoast-schema-graph\">{\"@context\":\"https:\/\/schema.org\",\"@graph\":[{\"@type\":\"Article\",\"@id\":\"https:\/\/guenther-gruppe.de\/kia\/ev6\/#article\",\"isPartOf\":{\"@id\":\"https:\/\/guenther-gruppe.de\/kia\/ev6\/\"},\"author\":{\"name\":\"madeleine\",\"@id\":\"https:\/\/guenther-gruppe.de\/kia\/#\/schema\/person\/3f370438b6290791812d436398ff7cca\"},\"headline\":\"KIA EV6\",\"datePublished\":\"2021-03-26T13:33:36+00:00\",\"dateModified\":\"2024-05-05T08:47:10+00:00\",\"mainEntityOfPage\":{\"@id\":\"https:\/\/guenther-gruppe.de\/kia\/ev6\/\"},\"wordCount\":738,\"publisher\":{\"@id\":\"https:\/\/guenther-gruppe.de\/kia\/#organization\"},\"image\":{\"@id\":\"https:\/\/guenther-gruppe.de\/kia\/ev6\/#primaryimage\"},\"thumbnailUrl\":\"https:\/\/guenther-gruppe.de\/kia\/wp-content\/uploads\/sites\/9\/2021\/03\/beitragsbild-ev6.jpg\",\"articleSection\":[\"Modelle\"],\"inLanguage\":\"de\"},{\"@type\":\"WebPage\",\"@id\":\"https:\/\/guenther-gruppe.de\/kia\/ev6\/\",\"url\":\"https:\/\/guenther-gruppe.de\/kia\/ev6\/\",\"name\":\"Der Kia EV6 | Autohaus G\u00fcnther GmbH\",\"isPartOf\":{\"@id\":\"https:\/\/guenther-gruppe.de\/kia\/#website\"},\"primaryImageOfPage\":{\"@id\":\"https:\/\/guenther-gruppe.de\/kia\/ev6\/#primaryimage\"},\"image\":{\"@id\":\"https:\/\/guenther-gruppe.de\/kia\/ev6\/#primaryimage\"},\"thumbnailUrl\":\"https:\/\/guenther-gruppe.de\/kia\/wp-content\/uploads\/sites\/9\/2021\/03\/beitragsbild-ev6.jpg\",\"datePublished\":\"2021-03-26T13:33:36+00:00\",\"dateModified\":\"2024-05-05T08:47:10+00:00\",\"description\":\"Der Kia EV6, die n\u00e4chste Generation der Elektromobilit\u00e4t. Kia repr\u00e4sentiert die neue Designphilosophie der Marke.\",\"breadcrumb\":{\"@id\":\"https:\/\/guenther-gruppe.de\/kia\/ev6\/#breadcrumb\"},\"inLanguage\":\"de\",\"potentialAction\":[{\"@type\":\"ReadAction\",\"target\":[\"https:\/\/guenther-gruppe.de\/kia\/ev6\/\"]}]},{\"@type\":\"ImageObject\",\"inLanguage\":\"de\",\"@id\":\"https:\/\/guenther-gruppe.de\/kia\/ev6\/#primaryimage\",\"url\":\"https:\/\/guenther-gruppe.de\/kia\/wp-content\/uploads\/sites\/9\/2021\/03\/beitragsbild-ev6.jpg\",\"contentUrl\":\"https:\/\/guenther-gruppe.de\/kia\/wp-content\/uploads\/sites\/9\/2021\/03\/beitragsbild-ev6.jpg\",\"width\":800,\"height\":600,\"caption\":\"Graues Elektroauto seitlich vor moderner Metallwand\"},{\"@type\":\"BreadcrumbList\",\"@id\":\"https:\/\/guenther-gruppe.de\/kia\/ev6\/#breadcrumb\",\"itemListElement\":[{\"@type\":\"ListItem\",\"position\":1,\"name\":\"Startseite\",\"item\":\"https:\/\/guenther-gruppe.de\/kia\/\"},{\"@type\":\"ListItem\",\"position\":2,\"name\":\"KIA EV6\"}]},{\"@type\":\"WebSite\",\"@id\":\"https:\/\/guenther-gruppe.de\/kia\/#website\",\"url\":\"https:\/\/guenther-gruppe.de\/kia\/\",\"name\":\"Autohaus G\u00fcnther GmbH - Kia Vertragsh\u00e4ndler Hamburg und Ahrensburg\",\"description\":\"Offizieller Kia Vertragsh\u00e4ndler\",\"publisher\":{\"@id\":\"https:\/\/guenther-gruppe.de\/kia\/#organization\"},\"potentialAction\":[{\"@type\":\"SearchAction\",\"target\":{\"@type\":\"EntryPoint\",\"urlTemplate\":\"https:\/\/guenther-gruppe.de\/kia\/?s={search_term_string}\"},\"query-input\":{\"@type\":\"PropertyValueSpecification\",\"valueRequired\":true,\"valueName\":\"search_term_string\"}}],\"inLanguage\":\"de\"},{\"@type\":\"Organization\",\"@id\":\"https:\/\/guenther-gruppe.de\/kia\/#organization\",\"name\":\"Autohaus G\u00fcnther GmbH\",\"url\":\"https:\/\/guenther-gruppe.de\/kia\/\",\"logo\":{\"@type\":\"ImageObject\",\"inLanguage\":\"de\",\"@id\":\"https:\/\/guenther-gruppe.de\/kia\/#\/schema\/logo\/image\/\",\"url\":\"https:\/\/guenther-gruppe.de\/kia\/wp-content\/uploads\/sites\/9\/2021\/03\/guenther_logo-kia.png\",\"contentUrl\":\"https:\/\/guenther-gruppe.de\/kia\/wp-content\/uploads\/sites\/9\/2021\/03\/guenther_logo-kia.png\",\"width\":2506,\"height\":400,\"caption\":\"Autohaus G\u00fcnther GmbH\"},\"image\":{\"@id\":\"https:\/\/guenther-gruppe.de\/kia\/#\/schema\/logo\/image\/\"}},{\"@type\":\"Person\",\"@id\":\"https:\/\/guenther-gruppe.de\/kia\/#\/schema\/person\/3f370438b6290791812d436398ff7cca\",\"name\":\"madeleine\",\"url\":\"https:\/\/guenther-gruppe.de\/kia\/author\/madeleine\/\"}]}<\/script>\n<!-- \/ Yoast SEO plugin. -->","yoast_head_json":{"title":"Der Kia EV6 | Autohaus G\u00fcnther GmbH","description":"Der Kia EV6, die n\u00e4chste Generation der Elektromobilit\u00e4t. Kia repr\u00e4sentiert die neue Designphilosophie der Marke.","robots":{"index":"index","follow":"follow","max-snippet":"max-snippet:-1","max-image-preview":"max-image-preview:large","max-video-preview":"max-video-preview:-1"},"canonical":"https:\/\/guenther-gruppe.de\/kia\/ev6\/","og_locale":"de_DE","og_type":"article","og_title":"Der Kia EV6 | Autohaus G\u00fcnther GmbH","og_description":"Der Kia EV6, die n\u00e4chste Generation der Elektromobilit\u00e4t. Kia repr\u00e4sentiert die neue Designphilosophie der Marke.","og_url":"https:\/\/guenther-gruppe.de\/kia\/ev6\/","og_site_name":"Autohaus G\u00fcnther GmbH - Kia Vertragsh\u00e4ndler Hamburg und Ahrensburg","article_published_time":"2021-03-26T13:33:36+00:00","article_modified_time":"2024-05-05T08:47:10+00:00","og_image":[{"width":800,"height":600,"url":"https:\/\/guenther-gruppe.de\/kia\/wp-content\/uploads\/sites\/9\/2021\/03\/beitragsbild-ev6.jpg","type":"image\/jpeg"}],"author":"madeleine","twitter_card":"summary_large_image","twitter_misc":{"Verfasst von":false,"Gesch\u00e4tzte Lesezeit":"9\u00a0Minuten"},"schema":{"@context":"https:\/\/schema.org","@graph":[{"@type":"Article","@id":"https:\/\/guenther-gruppe.de\/kia\/ev6\/#article","isPartOf":{"@id":"https:\/\/guenther-gruppe.de\/kia\/ev6\/"},"author":{"name":"madeleine","@id":"https:\/\/guenther-gruppe.de\/kia\/#\/schema\/person\/3f370438b6290791812d436398ff7cca"},"headline":"KIA EV6","datePublished":"2021-03-26T13:33:36+00:00","dateModified":"2024-05-05T08:47:10+00:00","mainEntityOfPage":{"@id":"https:\/\/guenther-gruppe.de\/kia\/ev6\/"},"wordCount":738,"publisher":{"@id":"https:\/\/guenther-gruppe.de\/kia\/#organization"},"image":{"@id":"https:\/\/guenther-gruppe.de\/kia\/ev6\/#primaryimage"},"thumbnailUrl":"https:\/\/guenther-gruppe.de\/kia\/wp-content\/uploads\/sites\/9\/2021\/03\/beitragsbild-ev6.jpg","articleSection":["Modelle"],"inLanguage":"de"},{"@type":"WebPage","@id":"https:\/\/guenther-gruppe.de\/kia\/ev6\/","url":"https:\/\/guenther-gruppe.de\/kia\/ev6\/","name":"Der Kia EV6 | Autohaus G\u00fcnther GmbH","isPartOf":{"@id":"https:\/\/guenther-gruppe.de\/kia\/#website"},"primaryImageOfPage":{"@id":"https:\/\/guenther-gruppe.de\/kia\/ev6\/#primaryimage"},"image":{"@id":"https:\/\/guenther-gruppe.de\/kia\/ev6\/#primaryimage"},"thumbnailUrl":"https:\/\/guenther-gruppe.de\/kia\/wp-content\/uploads\/sites\/9\/2021\/03\/beitragsbild-ev6.jpg","datePublished":"2021-03-26T13:33:36+00:00","dateModified":"2024-05-05T08:47:10+00:00","description":"Der Kia EV6, die n\u00e4chste Generation der Elektromobilit\u00e4t. Kia repr\u00e4sentiert die neue Designphilosophie der Marke.","breadcrumb":{"@id":"https:\/\/guenther-gruppe.de\/kia\/ev6\/#breadcrumb"},"inLanguage":"de","potentialAction":[{"@type":"ReadAction","target":["https:\/\/guenther-gruppe.de\/kia\/ev6\/"]}]},{"@type":"ImageObject","inLanguage":"de","@id":"https:\/\/guenther-gruppe.de\/kia\/ev6\/#primaryimage","url":"https:\/\/guenther-gruppe.de\/kia\/wp-content\/uploads\/sites\/9\/2021\/03\/beitragsbild-ev6.jpg","contentUrl":"https:\/\/guenther-gruppe.de\/kia\/wp-content\/uploads\/sites\/9\/2021\/03\/beitragsbild-ev6.jpg","width":800,"height":600,"caption":"Graues Elektroauto seitlich vor moderner Metallwand"},{"@type":"BreadcrumbList","@id":"https:\/\/guenther-gruppe.de\/kia\/ev6\/#breadcrumb","itemListElement":[{"@type":"ListItem","position":1,"name":"Startseite","item":"https:\/\/guenther-gruppe.de\/kia\/"},{"@type":"ListItem","position":2,"name":"KIA EV6"}]},{"@type":"WebSite","@id":"https:\/\/guenther-gruppe.de\/kia\/#website","url":"https:\/\/guenther-gruppe.de\/kia\/","name":"Autohaus G\u00fcnther GmbH - Kia Vertragsh\u00e4ndler Hamburg und Ahrensburg","description":"Offizieller Kia Vertragsh\u00e4ndler","publisher":{"@id":"https:\/\/guenther-gruppe.de\/kia\/#organization"},"potentialAction":[{"@type":"SearchAction","target":{"@type":"EntryPoint","urlTemplate":"https:\/\/guenther-gruppe.de\/kia\/?s={search_term_string}"},"query-input":{"@type":"PropertyValueSpecification","valueRequired":true,"valueName":"search_term_string"}}],"inLanguage":"de"},{"@type":"Organization","@id":"https:\/\/guenther-gruppe.de\/kia\/#organization","name":"Autohaus G\u00fcnther GmbH","url":"https:\/\/guenther-gruppe.de\/kia\/","logo":{"@type":"ImageObject","inLanguage":"de","@id":"https:\/\/guenther-gruppe.de\/kia\/#\/schema\/logo\/image\/","url":"https:\/\/guenther-gruppe.de\/kia\/wp-content\/uploads\/sites\/9\/2021\/03\/guenther_logo-kia.png","contentUrl":"https:\/\/guenther-gruppe.de\/kia\/wp-content\/uploads\/sites\/9\/2021\/03\/guenther_logo-kia.png","width":2506,"height":400,"caption":"Autohaus G\u00fcnther GmbH"},"image":{"@id":"https:\/\/guenther-gruppe.de\/kia\/#\/schema\/logo\/image\/"}},{"@type":"Person","@id":"https:\/\/guenther-gruppe.de\/kia\/#\/schema\/person\/3f370438b6290791812d436398ff7cca","name":"madeleine","url":"https:\/\/guenther-gruppe.de\/kia\/author\/madeleine\/"}]}},"_links":{"self":[{"href":"https:\/\/guenther-gruppe.de\/kia\/wp-json\/wp\/v2\/posts\/5438","targetHints":{"allow":["GET"]}}],"collection":[{"href":"https:\/\/guenther-gruppe.de\/kia\/wp-json\/wp\/v2\/posts"}],"about":[{"href":"https:\/\/guenther-gruppe.de\/kia\/wp-json\/wp\/v2\/types\/post"}],"author":[{"embeddable":true,"href":"https:\/\/guenther-gruppe.de\/kia\/wp-json\/wp\/v2\/users\/10"}],"replies":[{"embeddable":true,"href":"https:\/\/guenther-gruppe.de\/kia\/wp-json\/wp\/v2\/comments?post=5438"}],"version-history":[{"count":4,"href":"https:\/\/guenther-gruppe.de\/kia\/wp-json\/wp\/v2\/posts\/5438\/revisions"}],"predecessor-version":[{"id":101898,"href":"https:\/\/guenther-gruppe.de\/kia\/wp-json\/wp\/v2\/posts\/5438\/revisions\/101898"}],"wp:featuredmedia":[{"embeddable":true,"href":"https:\/\/guenther-gruppe.de\/kia\/wp-json\/wp\/v2\/media\/27837"}],"wp:attachment":[{"href":"https:\/\/guenther-gruppe.de\/kia\/wp-json\/wp\/v2\/media?parent=5438"}],"wp:term":[{"taxonomy":"category","embeddable":true,"href":"https:\/\/guenther-gruppe.de\/kia\/wp-json\/wp\/v2\/categories?post=5438"},{"taxonomy":"post_tag","embeddable":true,"href":"https:\/\/guenther-gruppe.de\/kia\/wp-json\/wp\/v2\/tags?post=5438"}],"curies":[{"name":"wp","href":"https:\/\/api.w.org\/{rel}","templated":true}]}}