{"id":102294,"date":"2025-02-14T09:49:11","date_gmt":"2025-02-14T08:49:11","guid":{"rendered":"https:\/\/guenther-gruppe.de\/kia\/?p=102294"},"modified":"2025-02-15T23:58:00","modified_gmt":"2025-02-15T22:58:00","slug":"der-kia-ev3","status":"publish","type":"post","link":"https:\/\/guenther-gruppe.de\/kia\/der-kia-ev3\/","title":{"rendered":"Der KIA EV3"},"content":{"rendered":"\t\t<div data-elementor-type=\"wp-post\" data-elementor-id=\"102294\" class=\"elementor elementor-102294\" data-elementor-post-type=\"post\">\n\t\t\t\t\t\t<section class=\"elementor-section elementor-top-section elementor-element elementor-element-2e03010 elementor-section-full_width elementor-section-height-default elementor-section-height-default\" data-id=\"2e03010\" data-element_type=\"section\" data-settings=\"{&quot;background_background&quot;:&quot;classic&quot;}\">\n\t\t\t\t\t\t\t<div class=\"elementor-background-overlay\"><\/div>\n\t\t\t\t\t\t\t<div class=\"elementor-container elementor-column-gap-default\">\n\t\t\t\t\t<div class=\"elementor-column elementor-col-100 elementor-top-column elementor-element elementor-element-fbde9b9\" data-id=\"fbde9b9\" data-element_type=\"column\" data-settings=\"{&quot;background_background&quot;:&quot;classic&quot;}\">\n\t\t\t<div class=\"elementor-widget-wrap elementor-element-populated\">\n\t\t\t\t\t\t<div class=\"elementor-element elementor-element-e960db3 elementor-widget elementor-widget-heading\" data-id=\"e960db3\" data-element_type=\"widget\" data-widget_type=\"heading.default\">\n\t\t\t\t<div class=\"elementor-widget-container\">\n\t\t\t\t\t<h3 class=\"elementor-heading-title elementor-size-default\">Der KIA EV3<\/h3>\t\t\t\t<\/div>\n\t\t\t\t<\/div>\n\t\t\t\t<div class=\"elementor-element elementor-element-12b1c05 elementor-widget elementor-widget-button\" data-id=\"12b1c05\" data-element_type=\"widget\" data-widget_type=\"button.default\">\n\t\t\t\t<div class=\"elementor-widget-container\">\n\t\t\t\t\t\t\t\t\t<div class=\"elementor-button-wrapper\">\n\t\t\t\t\t<a class=\"elementor-button elementor-button-link elementor-size-sm\" href=\"#probefahrt\">\n\t\t\t\t\t\t<span class=\"elementor-button-content-wrapper\">\n\t\t\t\t\t\t\t\t\t<span class=\"elementor-button-text\">Jetzt Probefahrt vereinbaren<\/span>\n\t\t\t\t\t<\/span>\n\t\t\t\t\t<\/a>\n\t\t\t\t<\/div>\n\t\t\t\t\t\t\t\t<\/div>\n\t\t\t\t<\/div>\n\t\t\t\t\t<\/div>\n\t\t<\/div>\n\t\t\t\t\t<\/div>\n\t\t<\/section>\n\t\t\t\t<section class=\"elementor-section elementor-top-section elementor-element elementor-element-4e28b6a elementor-section-stretched elementor-section-boxed elementor-section-height-default elementor-section-height-default\" data-id=\"4e28b6a\" data-element_type=\"section\" data-settings=\"{&quot;stretch_section&quot;:&quot;section-stretched&quot;,&quot;background_background&quot;:&quot;classic&quot;}\">\n\t\t\t\t\t\t<div class=\"elementor-container elementor-column-gap-default\">\n\t\t\t\t\t<div class=\"elementor-column elementor-col-100 elementor-top-column elementor-element elementor-element-f6afba0\" data-id=\"f6afba0\" data-element_type=\"column\">\n\t\t\t<div class=\"elementor-widget-wrap elementor-element-populated\">\n\t\t\t\t\t\t<div class=\"elementor-element elementor-element-d84a7c4 elementor-widget elementor-widget-text-editor\" data-id=\"d84a7c4\" data-element_type=\"widget\" data-widget_type=\"text-editor.default\">\n\t\t\t\t<div class=\"elementor-widget-container\">\n\t\t\t\t\t\t\t\t\t<p><span data-contrast=\"auto\">Kia EV3 Elektromotor, Frontantrieb, Langstrecken-Batterie GT-line (Strom\/Reduktionsgetriebe); 150 kW (204 PS): Stromverbrauch kombiniert 16,2 kWh\/100 km; CO\u2082-Emissionen kombiniert 0 g\/km; CO\u2082-Klasse A. Bis zu 563 km Reichweite. \u00b9<\/span><span data-ccp-props=\"{&quot;201341983&quot;:0,&quot;335559739&quot;:0,&quot;335559740&quot;:240}\">\u00a0<\/span><span data-contrast=\"auto\">Kia EV3 Elektromotor, Frontantrieb, Langstrecken-Batterie Air (Strom\/Reduktionsgetriebe); 150 kW (204 PS): Stromverbrauch kombiniert 14,9 kWh\/100 km; CO\u2082-Emissionen kombiniert 0 g\/km; CO\u2082-Klasse A. Bis zu 605 km Reichweite.\u00b9<\/span><span data-ccp-props=\"{&quot;201341983&quot;:0,&quot;335559739&quot;:0,&quot;335559740&quot;:240}\">\u00a0<\/span><\/p>\t\t\t\t\t\t\t\t<\/div>\n\t\t\t\t<\/div>\n\t\t\t\t\t<\/div>\n\t\t<\/div>\n\t\t\t\t\t<\/div>\n\t\t<\/section>\n\t\t\t\t<section class=\"elementor-section elementor-top-section elementor-element elementor-element-7f924f7 elementor-section-boxed elementor-section-height-default elementor-section-height-default\" data-id=\"7f924f7\" data-element_type=\"section\">\n\t\t\t\t\t\t<div class=\"elementor-container elementor-column-gap-default\">\n\t\t\t\t\t<div class=\"elementor-column elementor-col-100 elementor-top-column elementor-element elementor-element-d9c49e2\" data-id=\"d9c49e2\" data-element_type=\"column\">\n\t\t\t<div class=\"elementor-widget-wrap elementor-element-populated\">\n\t\t\t\t\t\t<div class=\"elementor-element elementor-element-f888932 elementor-widget elementor-widget-heading\" data-id=\"f888932\" data-element_type=\"widget\" data-widget_type=\"heading.default\">\n\t\t\t\t<div class=\"elementor-widget-container\">\n\t\t\t\t\t<h1 class=\"elementor-heading-title elementor-size-default\">Kia EV3 \u2013 Jetzt Probefahrt vereinbaren &amp; Elektromobilit\u00e4t neu erleben <\/h1>\t\t\t\t<\/div>\n\t\t\t\t<\/div>\n\t\t\t\t<div class=\"elementor-element elementor-element-fae2fa7 elementor-widget-divider--view-line elementor-widget elementor-widget-divider\" data-id=\"fae2fa7\" data-element_type=\"widget\" data-widget_type=\"divider.default\">\n\t\t\t\t<div class=\"elementor-widget-container\">\n\t\t\t\t\t\t\t<div class=\"elementor-divider\">\n\t\t\t<span class=\"elementor-divider-separator\">\n\t\t\t\t\t\t<\/span>\n\t\t<\/div>\n\t\t\t\t\t\t<\/div>\n\t\t\t\t<\/div>\n\t\t\t\t<div class=\"elementor-element elementor-element-ec85072 elementor-widget elementor-widget-heading\" data-id=\"ec85072\" data-element_type=\"widget\" data-widget_type=\"heading.default\">\n\t\t\t\t<div class=\"elementor-widget-container\">\n\t\t\t\t\t<h2 class=\"elementor-heading-title elementor-size-default\">Der vollelektrische Kia EV3: Innovation trifft auf Nachhaltigkeit <\/h2>\t\t\t\t<\/div>\n\t\t\t\t<\/div>\n\t\t\t\t<div class=\"elementor-element elementor-element-7ff29b1 elementor-widget elementor-widget-heading\" data-id=\"7ff29b1\" data-element_type=\"widget\" data-widget_type=\"heading.default\">\n\t\t\t\t<div class=\"elementor-widget-container\">\n\t\t\t\t\t<h2 class=\"elementor-heading-title elementor-size-default\">Der Kia EV3 ist die neueste Generation vollelektrischer SUVs und setzt Ma\u00dfst\u00e4be in puncto Reichweite, Ladegeschwindigkeit und Technologie. Mit seinem modernen Design, leistungsstarkem Elektromotor und fortschrittlicher Konnektivit\u00e4t bietet der EV3 ein einzigartiges Fahrerlebnis \u2013 nachhaltig und effizient. <\/h2>\t\t\t\t<\/div>\n\t\t\t\t<\/div>\n\t\t\t\t\t<\/div>\n\t\t<\/div>\n\t\t\t\t\t<\/div>\n\t\t<\/section>\n\t\t\t\t<section class=\"elementor-section elementor-top-section elementor-element elementor-element-6c6966c2 elementor-section-full_width elementor-hidden-mobile elementor-section-height-default elementor-section-height-default\" data-id=\"6c6966c2\" data-element_type=\"section\" data-settings=\"{&quot;background_background&quot;:&quot;classic&quot;}\">\n\t\t\t\t\t\t<div class=\"elementor-container elementor-column-gap-default\">\n\t\t\t\t\t<div class=\"elementor-column elementor-col-100 elementor-top-column elementor-element elementor-element-596453e1\" data-id=\"596453e1\" data-element_type=\"column\">\n\t\t\t<div class=\"elementor-widget-wrap elementor-element-populated\">\n\t\t\t\t\t\t<div class=\"elementor-element elementor-element-b9ab86a elementor-pagination-position-inside elementor-arrows-position-inside elementor-widget elementor-widget-image-carousel\" data-id=\"b9ab86a\" data-element_type=\"widget\" data-settings=\"{&quot;image_spacing_custom&quot;:{&quot;unit&quot;:&quot;px&quot;,&quot;size&quot;:10,&quot;sizes&quot;:[]},&quot;navigation&quot;:&quot;both&quot;,&quot;autoplay&quot;:&quot;yes&quot;,&quot;pause_on_hover&quot;:&quot;yes&quot;,&quot;pause_on_interaction&quot;:&quot;yes&quot;,&quot;autoplay_speed&quot;:5000,&quot;infinite&quot;:&quot;yes&quot;,&quot;speed&quot;:500,&quot;image_spacing_custom_laptop&quot;:{&quot;unit&quot;:&quot;px&quot;,&quot;size&quot;:&quot;&quot;,&quot;sizes&quot;:[]},&quot;image_spacing_custom_tablet&quot;:{&quot;unit&quot;:&quot;px&quot;,&quot;size&quot;:&quot;&quot;,&quot;sizes&quot;:[]},&quot;image_spacing_custom_mobile&quot;:{&quot;unit&quot;:&quot;px&quot;,&quot;size&quot;:&quot;&quot;,&quot;sizes&quot;:[]}}\" data-widget_type=\"image-carousel.default\">\n\t\t\t\t<div class=\"elementor-widget-container\">\n\t\t\t\t\t\t\t<div class=\"elementor-image-carousel-wrapper swiper\" role=\"region\" aria-roledescription=\"carousel\" aria-label=\"Bild Karussell\" dir=\"ltr\">\n\t\t\t<div class=\"elementor-image-carousel swiper-wrapper\" aria-live=\"off\">\n\t\t\t\t\t\t\t\t<div class=\"swiper-slide\" role=\"group\" aria-roledescription=\"slide\" aria-label=\"1 von 4\"><figure class=\"swiper-slide-inner\"><img decoding=\"async\" class=\"swiper-slide-image\" src=\"https:\/\/guenther-gruppe.de\/kia\/wp-content\/uploads\/sites\/9\/2025\/02\/feature_komfort_4.jpg\" alt=\"Frau in blauer Jacke entspannt im Auto mit Panoramafenster und Berglandschaft im Hintergrund\" \/><\/figure><\/div><div class=\"swiper-slide\" role=\"group\" aria-roledescription=\"slide\" aria-label=\"2 von 4\"><figure class=\"swiper-slide-inner\"><img decoding=\"async\" class=\"swiper-slide-image\" src=\"https:\/\/guenther-gruppe.de\/kia\/wp-content\/uploads\/sites\/9\/2025\/02\/feature_komfort_3.jpg\" alt=\"Person nutzt Smartphone f\u00fcr schl\u00fcssellose Auto\u00f6ffnung vor einer gr\u00fcnen Fahrzeugt\u00fcr f\u00fcr moderne Mobilit\u00e4t.\" \/><\/figure><\/div><div class=\"swiper-slide\" role=\"group\" aria-roledescription=\"slide\" aria-label=\"3 von 4\"><figure class=\"swiper-slide-inner\"><img decoding=\"async\" class=\"swiper-slide-image\" src=\"https:\/\/guenther-gruppe.de\/kia\/wp-content\/uploads\/sites\/9\/2025\/02\/feature_technologie_4.jpg\" alt=\"Frau steht neben einem geparkten Elektroauto an der Lades\u00e4ule in sonniger Felslandschaft.\" \/><\/figure><\/div><div class=\"swiper-slide\" role=\"group\" aria-roledescription=\"slide\" aria-label=\"4 von 4\"><figure class=\"swiper-slide-inner\"><img decoding=\"async\" class=\"swiper-slide-image\" src=\"https:\/\/guenther-gruppe.de\/kia\/wp-content\/uploads\/sites\/9\/2025\/02\/feature_technologie_3.jpg\" alt=\"Elegante Frau vor einem modernen Auto und einem E-Scooter in malerischer Landschaft bei Sonnenschein.\" \/><\/figure><\/div>\t\t\t<\/div>\n\t\t\t\t\t\t\t\t\t\t\t\t<div class=\"elementor-swiper-button elementor-swiper-button-prev\" role=\"button\" tabindex=\"0\">\n\t\t\t\t\t\t<i aria-hidden=\"true\" class=\"eicon-chevron-left\"><\/i>\t\t\t\t\t<\/div>\n\t\t\t\t\t<div class=\"elementor-swiper-button elementor-swiper-button-next\" role=\"button\" tabindex=\"0\">\n\t\t\t\t\t\t<i aria-hidden=\"true\" class=\"eicon-chevron-right\"><\/i>\t\t\t\t\t<\/div>\n\t\t\t\t\n\t\t\t\t\t\t\t\t\t<div class=\"swiper-pagination\"><\/div>\n\t\t\t\t\t\t\t\t\t<\/div>\n\t\t\t\t\t\t<\/div>\n\t\t\t\t<\/div>\n\t\t\t\t\t<\/div>\n\t\t<\/div>\n\t\t\t\t\t<\/div>\n\t\t<\/section>\n\t\t\t\t<section class=\"elementor-section elementor-top-section elementor-element elementor-element-4578912 elementor-section-boxed elementor-section-height-default elementor-section-height-default\" data-id=\"4578912\" data-element_type=\"section\" data-settings=\"{&quot;background_background&quot;:&quot;classic&quot;}\">\n\t\t\t\t\t\t<div class=\"elementor-container elementor-column-gap-default\">\n\t\t\t\t\t<div class=\"elementor-column elementor-col-100 elementor-top-column elementor-element elementor-element-808f71f\" data-id=\"808f71f\" data-element_type=\"column\">\n\t\t\t<div class=\"elementor-widget-wrap elementor-element-populated\">\n\t\t\t\t\t\t<div class=\"elementor-element elementor-element-c967428 elementor-widget elementor-widget-heading\" data-id=\"c967428\" data-element_type=\"widget\" data-widget_type=\"heading.default\">\n\t\t\t\t<div class=\"elementor-widget-container\">\n\t\t\t\t\t<h2 class=\"elementor-heading-title elementor-size-default\">Warum sich f\u00fcr den Kia EV3 entscheiden? <\/h2>\t\t\t\t<\/div>\n\t\t\t\t<\/div>\n\t\t\t\t<div class=\"elementor-element elementor-element-051a7a4 elementor-widget-divider--view-line elementor-widget elementor-widget-divider\" data-id=\"051a7a4\" data-element_type=\"widget\" data-widget_type=\"divider.default\">\n\t\t\t\t<div class=\"elementor-widget-container\">\n\t\t\t\t\t\t\t<div class=\"elementor-divider\">\n\t\t\t<span class=\"elementor-divider-separator\">\n\t\t\t\t\t\t<\/span>\n\t\t<\/div>\n\t\t\t\t\t\t<\/div>\n\t\t\t\t<\/div>\n\t\t\t\t\t<\/div>\n\t\t<\/div>\n\t\t\t\t\t<\/div>\n\t\t<\/section>\n\t\t\t\t<section class=\"elementor-section elementor-top-section elementor-element elementor-element-ac2a315 elementor-section-boxed elementor-section-height-default elementor-section-height-default\" data-id=\"ac2a315\" data-element_type=\"section\" data-settings=\"{&quot;background_background&quot;:&quot;classic&quot;}\">\n\t\t\t\t\t\t<div class=\"elementor-container elementor-column-gap-custom\">\n\t\t\t\t\t<div class=\"elementor-column elementor-col-20 elementor-top-column elementor-element elementor-element-5047161\" data-id=\"5047161\" data-element_type=\"column\">\n\t\t\t<div class=\"elementor-widget-wrap elementor-element-populated\">\n\t\t\t\t\t\t<div class=\"elementor-element elementor-element-57eae9c elementor-view-default elementor-position-top elementor-mobile-position-top elementor-widget elementor-widget-icon-box\" data-id=\"57eae9c\" data-element_type=\"widget\" data-widget_type=\"icon-box.default\">\n\t\t\t\t<div class=\"elementor-widget-container\">\n\t\t\t\t\t\t\t<div class=\"elementor-icon-box-wrapper\">\n\n\t\t\t\t\t\t<div class=\"elementor-icon-box-icon\">\n\t\t\t\t<span  class=\"elementor-icon\">\n\t\t\t\t<i aria-hidden=\"true\" class=\"far fa-check-circle\"><\/i>\t\t\t\t<\/span>\n\t\t\t<\/div>\n\t\t\t\n\t\t\t\t\t\t<div class=\"elementor-icon-box-content\">\n\n\t\t\t\t\t\t\t\t\t<h3 class=\"elementor-icon-box-title\">\n\t\t\t\t\t\t<span  >\n\t\t\t\t\t\t\tVollelektrisch \t\t\t\t\t\t<\/span>\n\t\t\t\t\t<\/h3>\n\t\t\t\t\n\t\t\t\t\t\t\t\t\t<p class=\"elementor-icon-box-description\">\n\t\t\t\t\t\tEmissionsfreie Mobilit\u00e4t mit zukunftsweisender Antriebstechnologie \n\t\t\t\t\t<\/p>\n\t\t\t\t\n\t\t\t<\/div>\n\t\t\t\n\t\t<\/div>\n\t\t\t\t\t\t<\/div>\n\t\t\t\t<\/div>\n\t\t\t\t\t<\/div>\n\t\t<\/div>\n\t\t\t\t<div class=\"elementor-column elementor-col-20 elementor-top-column elementor-element elementor-element-3cba179\" data-id=\"3cba179\" data-element_type=\"column\">\n\t\t\t<div class=\"elementor-widget-wrap elementor-element-populated\">\n\t\t\t\t\t\t<div class=\"elementor-element elementor-element-e8116f0 elementor-view-default elementor-position-top elementor-mobile-position-top elementor-widget elementor-widget-icon-box\" data-id=\"e8116f0\" data-element_type=\"widget\" data-widget_type=\"icon-box.default\">\n\t\t\t\t<div class=\"elementor-widget-container\">\n\t\t\t\t\t\t\t<div class=\"elementor-icon-box-wrapper\">\n\n\t\t\t\t\t\t<div class=\"elementor-icon-box-icon\">\n\t\t\t\t<span  class=\"elementor-icon\">\n\t\t\t\t<i aria-hidden=\"true\" class=\"far fa-check-circle\"><\/i>\t\t\t\t<\/span>\n\t\t\t<\/div>\n\t\t\t\n\t\t\t\t\t\t<div class=\"elementor-icon-box-content\">\n\n\t\t\t\t\t\t\t\t\t<h3 class=\"elementor-icon-box-title\">\n\t\t\t\t\t\t<span  >\n\t\t\t\t\t\t\tEnorme Reichweite\t\t\t\t\t\t<\/span>\n\t\t\t\t\t<\/h3>\n\t\t\t\t\n\t\t\t\t\t\t\t\t\t<p class=\"elementor-icon-box-description\">\n\t\t\t\t\t\tBeeindruckende Reichweite - Perfekt f\u00fcr die Stadt &amp; Langstrecke \n\n\t\t\t\t\t<\/p>\n\t\t\t\t\n\t\t\t<\/div>\n\t\t\t\n\t\t<\/div>\n\t\t\t\t\t\t<\/div>\n\t\t\t\t<\/div>\n\t\t\t\t\t<\/div>\n\t\t<\/div>\n\t\t\t\t<div class=\"elementor-column elementor-col-20 elementor-top-column elementor-element elementor-element-7c7d045\" data-id=\"7c7d045\" data-element_type=\"column\">\n\t\t\t<div class=\"elementor-widget-wrap elementor-element-populated\">\n\t\t\t\t\t\t<div class=\"elementor-element elementor-element-16a3954 elementor-view-default elementor-position-top elementor-mobile-position-top elementor-widget elementor-widget-icon-box\" data-id=\"16a3954\" data-element_type=\"widget\" data-widget_type=\"icon-box.default\">\n\t\t\t\t<div class=\"elementor-widget-container\">\n\t\t\t\t\t\t\t<div class=\"elementor-icon-box-wrapper\">\n\n\t\t\t\t\t\t<div class=\"elementor-icon-box-icon\">\n\t\t\t\t<span  class=\"elementor-icon\">\n\t\t\t\t<i aria-hidden=\"true\" class=\"far fa-check-circle\"><\/i>\t\t\t\t<\/span>\n\t\t\t<\/div>\n\t\t\t\n\t\t\t\t\t\t<div class=\"elementor-icon-box-content\">\n\n\t\t\t\t\t\t\t\t\t<h3 class=\"elementor-icon-box-title\">\n\t\t\t\t\t\t<span  >\n\t\t\t\t\t\t\t Schnellladefunktion \t\t\t\t\t\t<\/span>\n\t\t\t\t\t<\/h3>\n\t\t\t\t\n\t\t\t\t\t\t\t\t\t<p class=\"elementor-icon-box-description\">\n\t\t\t\t\t\tIn nur wenigen Minuten ist ihr Kia EV3 geladen. Schnell, effizient &amp; revolution\u00e4r.\n\n\t\t\t\t\t<\/p>\n\t\t\t\t\n\t\t\t<\/div>\n\t\t\t\n\t\t<\/div>\n\t\t\t\t\t\t<\/div>\n\t\t\t\t<\/div>\n\t\t\t\t\t<\/div>\n\t\t<\/div>\n\t\t\t\t<div class=\"elementor-column elementor-col-20 elementor-top-column elementor-element elementor-element-c09b351\" data-id=\"c09b351\" data-element_type=\"column\">\n\t\t\t<div class=\"elementor-widget-wrap elementor-element-populated\">\n\t\t\t\t\t\t<div class=\"elementor-element elementor-element-071a3e5 elementor-view-default elementor-position-top elementor-mobile-position-top elementor-widget elementor-widget-icon-box\" data-id=\"071a3e5\" data-element_type=\"widget\" data-widget_type=\"icon-box.default\">\n\t\t\t\t<div class=\"elementor-widget-container\">\n\t\t\t\t\t\t\t<div class=\"elementor-icon-box-wrapper\">\n\n\t\t\t\t\t\t<div class=\"elementor-icon-box-icon\">\n\t\t\t\t<span  class=\"elementor-icon\">\n\t\t\t\t<i aria-hidden=\"true\" class=\"far fa-check-circle\"><\/i>\t\t\t\t<\/span>\n\t\t\t<\/div>\n\t\t\t\n\t\t\t\t\t\t<div class=\"elementor-icon-box-content\">\n\n\t\t\t\t\t\t\t\t\t<h3 class=\"elementor-icon-box-title\">\n\t\t\t\t\t\t<span  >\n\t\t\t\t\t\t\tVollelektrisch \t\t\t\t\t\t<\/span>\n\t\t\t\t\t<\/h3>\n\t\t\t\t\n\t\t\t\t\t\t\t\t\t<p class=\"elementor-icon-box-description\">\n\t\t\t\t\t\tEmissionsfreie Mobilit\u00e4t mit zukunftsweisender Antriebstechnologie \n\t\t\t\t\t<\/p>\n\t\t\t\t\n\t\t\t<\/div>\n\t\t\t\n\t\t<\/div>\n\t\t\t\t\t\t<\/div>\n\t\t\t\t<\/div>\n\t\t\t\t\t<\/div>\n\t\t<\/div>\n\t\t\t\t<div class=\"elementor-column elementor-col-20 elementor-top-column elementor-element elementor-element-ce15c5e\" data-id=\"ce15c5e\" data-element_type=\"column\">\n\t\t\t<div class=\"elementor-widget-wrap elementor-element-populated\">\n\t\t\t\t\t\t<div class=\"elementor-element elementor-element-365f7de elementor-view-default elementor-position-top elementor-mobile-position-top elementor-widget elementor-widget-icon-box\" data-id=\"365f7de\" data-element_type=\"widget\" data-widget_type=\"icon-box.default\">\n\t\t\t\t<div class=\"elementor-widget-container\">\n\t\t\t\t\t\t\t<div class=\"elementor-icon-box-wrapper\">\n\n\t\t\t\t\t\t<div class=\"elementor-icon-box-icon\">\n\t\t\t\t<span  class=\"elementor-icon\">\n\t\t\t\t<i aria-hidden=\"true\" class=\"far fa-check-circle\"><\/i>\t\t\t\t<\/span>\n\t\t\t<\/div>\n\t\t\t\n\t\t\t\t\t\t<div class=\"elementor-icon-box-content\">\n\n\t\t\t\t\t\t\t\t\t<h3 class=\"elementor-icon-box-title\">\n\t\t\t\t\t\t<span  >\n\t\t\t\t\t\t\tVollelektrisch \t\t\t\t\t\t<\/span>\n\t\t\t\t\t<\/h3>\n\t\t\t\t\n\t\t\t\t\t\t\t\t\t<p class=\"elementor-icon-box-description\">\n\t\t\t\t\t\tEmissionsfreie Mobilit\u00e4t mit zukunftsweisender Antriebstechnologie \n\t\t\t\t\t<\/p>\n\t\t\t\t\n\t\t\t<\/div>\n\t\t\t\n\t\t<\/div>\n\t\t\t\t\t\t<\/div>\n\t\t\t\t<\/div>\n\t\t\t\t\t<\/div>\n\t\t<\/div>\n\t\t\t\t\t<\/div>\n\t\t<\/section>\n\t\t\t\t<section class=\"elementor-section elementor-top-section elementor-element elementor-element-49bd594 elementor-section-boxed elementor-section-height-default elementor-section-height-default\" data-id=\"49bd594\" data-element_type=\"section\">\n\t\t\t\t\t\t<div class=\"elementor-container elementor-column-gap-default\">\n\t\t\t\t\t<div class=\"elementor-column elementor-col-33 elementor-top-column elementor-element elementor-element-30c918a\" data-id=\"30c918a\" data-element_type=\"column\">\n\t\t\t<div class=\"elementor-widget-wrap elementor-element-populated\">\n\t\t\t\t\t\t<div class=\"elementor-element elementor-element-9d8ee8a elementor-widget elementor-widget-image\" data-id=\"9d8ee8a\" data-element_type=\"widget\" data-widget_type=\"image.default\">\n\t\t\t\t<div class=\"elementor-widget-container\">\n\t\t\t\t\t\t\t\t\t\t\t\t\t\t\t<img fetchpriority=\"high\" decoding=\"async\" width=\"828\" height=\"974\" src=\"https:\/\/guenther-gruppe.de\/kia\/wp-content\/uploads\/sites\/9\/2025\/02\/flipflop_1.jpg\" class=\"attachment-full size-full wp-image-102314\" alt=\"Moderner SUV in Gr\u00fcn f\u00e4hrt auf einer st\u00e4dtischen Stra\u00dfe vor einem zeitgen\u00f6ssischen Geb\u00e4ude entlang.\" srcset=\"https:\/\/guenther-gruppe.de\/kia\/wp-content\/uploads\/sites\/9\/2025\/02\/flipflop_1.jpg 828w, https:\/\/guenther-gruppe.de\/kia\/wp-content\/uploads\/sites\/9\/2025\/02\/flipflop_1-255x300.jpg 255w, https:\/\/guenther-gruppe.de\/kia\/wp-content\/uploads\/sites\/9\/2025\/02\/flipflop_1-768x903.jpg 768w\" sizes=\"(max-width: 828px) 100vw, 828px\" \/>\t\t\t\t\t\t\t\t\t\t\t\t\t\t\t<\/div>\n\t\t\t\t<\/div>\n\t\t\t\t<div class=\"elementor-element elementor-element-2a22ff6 elementor-widget elementor-widget-text-editor\" data-id=\"2a22ff6\" data-element_type=\"widget\" data-widget_type=\"text-editor.default\">\n\t\t\t\t<div class=\"elementor-widget-container\">\n\t\t\t\t\t\t\t\t\t<h3 data-start=\"48\" data-end=\"76\"><strong>Eine Kraft, die inspiriert.<\/strong><\/h3><p data-start=\"78\" data-end=\"450\">Der neue Kia EV3 wurde entwickelt, um uns alle in die vollelektrische Zukunft der Mobilit\u00e4t zu begleiten. Mit der Kia Designphilosophie \u201eOpposites United\u201c verk\u00f6rpert er einen faszinierenden, unkonventionellen Crossover-Charakter. Freu dich auf ein progressives und durchdachtes Au\u00dfendesign, einen gro\u00dfz\u00fcgigen Innenraum und ein beeindruckendes Kofferraumvolumen von 460 l.\u201c<\/p>\t\t\t\t\t\t\t\t<\/div>\n\t\t\t\t<\/div>\n\t\t\t\t\t<\/div>\n\t\t<\/div>\n\t\t\t\t<div class=\"elementor-column elementor-col-33 elementor-top-column elementor-element elementor-element-dfcb65e\" data-id=\"dfcb65e\" data-element_type=\"column\">\n\t\t\t<div class=\"elementor-widget-wrap elementor-element-populated\">\n\t\t\t\t\t\t<div class=\"elementor-element elementor-element-aad54e8 elementor-widget elementor-widget-text-editor\" data-id=\"aad54e8\" data-element_type=\"widget\" data-widget_type=\"text-editor.default\">\n\t\t\t\t<div class=\"elementor-widget-container\">\n\t\t\t\t\t\t\t\t\t<h3 class=\"my-0\"><strong>Beeindruckende Reichweite, grenzenlose Freiheit<\/strong><\/h3><p class=\"my-0\">Der Kia EV3 revolutioniert das elektrische Fahren. Mit einer au\u00dfergew\u00f6hnlichen Reichweite von bis zu 605 km\u00b9 er\u00f6ffnet er neue M\u00f6glichkeiten. Stellen Sie sich vor: Von Frankfurt nach Berlin ohne Zwischenstopp! Und f\u00fcr l\u00e4ngere Strecken? Kein Problem \u2013 dank Kia Charge Sonderkonditionen laden Sie bequem an 99% aller \u00f6ffentlichen Ladestationen in Deutschland. Erleben Sie vollelektrisches Fahrvergn\u00fcgen ohne Kompromisse.<\/p>\t\t\t\t\t\t\t\t<\/div>\n\t\t\t\t<\/div>\n\t\t\t\t<div class=\"elementor-element elementor-element-fe93dc6 elementor-widget elementor-widget-image\" data-id=\"fe93dc6\" data-element_type=\"widget\" data-widget_type=\"image.default\">\n\t\t\t\t<div class=\"elementor-widget-container\">\n\t\t\t\t\t\t\t\t\t\t\t\t\t\t\t<img decoding=\"async\" width=\"828\" height=\"974\" src=\"https:\/\/guenther-gruppe.de\/kia\/wp-content\/uploads\/sites\/9\/2025\/02\/flipflop_2.jpg\" class=\"attachment-full size-full wp-image-102315\" alt=\"Elektroauto wird an moderner Ladestation im Freien aufgeladen Fortschritt der Elektromobilit\u00e4t in Deutschland\" srcset=\"https:\/\/guenther-gruppe.de\/kia\/wp-content\/uploads\/sites\/9\/2025\/02\/flipflop_2.jpg 828w, https:\/\/guenther-gruppe.de\/kia\/wp-content\/uploads\/sites\/9\/2025\/02\/flipflop_2-255x300.jpg 255w, https:\/\/guenther-gruppe.de\/kia\/wp-content\/uploads\/sites\/9\/2025\/02\/flipflop_2-768x903.jpg 768w\" sizes=\"(max-width: 828px) 100vw, 828px\" \/>\t\t\t\t\t\t\t\t\t\t\t\t\t\t\t<\/div>\n\t\t\t\t<\/div>\n\t\t\t\t\t<\/div>\n\t\t<\/div>\n\t\t\t\t<div class=\"elementor-column elementor-col-33 elementor-top-column elementor-element elementor-element-3ffa6c6\" data-id=\"3ffa6c6\" data-element_type=\"column\">\n\t\t\t<div class=\"elementor-widget-wrap elementor-element-populated\">\n\t\t\t\t\t\t<div class=\"elementor-element elementor-element-376fe57 elementor-widget elementor-widget-image\" data-id=\"376fe57\" data-element_type=\"widget\" data-widget_type=\"image.default\">\n\t\t\t\t<div class=\"elementor-widget-container\">\n\t\t\t\t\t\t\t\t\t\t\t\t\t\t\t<img decoding=\"async\" width=\"828\" height=\"974\" src=\"https:\/\/guenther-gruppe.de\/kia\/wp-content\/uploads\/sites\/9\/2025\/02\/flipflop_3.jpg\" class=\"attachment-full size-full wp-image-102316\" alt=\"Frau und Mann sitzen im Auto und l\u00e4cheln sich an moderne Innenausstattung Neue Generation von Fahrzeugen\" srcset=\"https:\/\/guenther-gruppe.de\/kia\/wp-content\/uploads\/sites\/9\/2025\/02\/flipflop_3.jpg 828w, https:\/\/guenther-gruppe.de\/kia\/wp-content\/uploads\/sites\/9\/2025\/02\/flipflop_3-255x300.jpg 255w, https:\/\/guenther-gruppe.de\/kia\/wp-content\/uploads\/sites\/9\/2025\/02\/flipflop_3-768x903.jpg 768w\" sizes=\"(max-width: 828px) 100vw, 828px\" \/>\t\t\t\t\t\t\t\t\t\t\t\t\t\t\t<\/div>\n\t\t\t\t<\/div>\n\t\t\t\t<div class=\"elementor-element elementor-element-bf3f338 elementor-widget elementor-widget-text-editor\" data-id=\"bf3f338\" data-element_type=\"widget\" data-widget_type=\"text-editor.default\">\n\t\t\t\t<div class=\"elementor-widget-container\">\n\t\t\t\t\t\t\t\t\t<h3 data-start=\"49\" data-end=\"85\"><strong>KI-Assistent f\u00fcr maximalen Komfort.<\/strong><\/h3><p data-start=\"87\" data-end=\"486\">Erlebe eine Technologie, die fast jede deiner Fragen mit einer intelligenten Antwort beantwortet. Unterst\u00fctzt durch generative K\u00fcnstliche Intelligenz bietet dir der Kia EV3 ein au\u00dfergew\u00f6hnliches, intuitives Fahrerlebnis. Der neu entwickelte Kia KI-Assistent, der voraussichtlich ab 2025 verf\u00fcgbar sein wird, liefert dir fahrzeugbezogene Unterst\u00fctzung, ma\u00dfgeschneiderte Empfehlungen und vieles mehr.<\/p>\t\t\t\t\t\t\t\t<\/div>\n\t\t\t\t<\/div>\n\t\t\t\t\t<\/div>\n\t\t<\/div>\n\t\t\t\t\t<\/div>\n\t\t<\/section>\n\t\t\t\t<section class=\"elementor-section elementor-top-section elementor-element elementor-element-e370e7f elementor-section-boxed elementor-section-height-default elementor-section-height-default\" data-id=\"e370e7f\" data-element_type=\"section\" data-settings=\"{&quot;background_background&quot;:&quot;classic&quot;}\">\n\t\t\t\t\t\t<div class=\"elementor-container elementor-column-gap-default\">\n\t\t\t\t\t<div class=\"elementor-column elementor-col-100 elementor-top-column elementor-element elementor-element-eb387bb\" data-id=\"eb387bb\" data-element_type=\"column\">\n\t\t\t<div class=\"elementor-widget-wrap elementor-element-populated\">\n\t\t\t\t\t\t<div class=\"elementor-element elementor-element-04b993b elementor-widget elementor-widget-heading\" data-id=\"04b993b\" data-element_type=\"widget\" data-widget_type=\"heading.default\">\n\t\t\t\t<div class=\"elementor-widget-container\">\n\t\t\t\t\t<h2 class=\"elementor-heading-title elementor-size-default\"> Technische Highlights: Was macht den Kia EV3 so besonders? <\/h2>\t\t\t\t<\/div>\n\t\t\t\t<\/div>\n\t\t\t\t<div class=\"elementor-element elementor-element-454b770 elementor-widget-divider--view-line elementor-widget elementor-widget-divider\" data-id=\"454b770\" data-element_type=\"widget\" data-widget_type=\"divider.default\">\n\t\t\t\t<div class=\"elementor-widget-container\">\n\t\t\t\t\t\t\t<div class=\"elementor-divider\">\n\t\t\t<span class=\"elementor-divider-separator\">\n\t\t\t\t\t\t<\/span>\n\t\t<\/div>\n\t\t\t\t\t\t<\/div>\n\t\t\t\t<\/div>\n\t\t\t\t\t<\/div>\n\t\t<\/div>\n\t\t\t\t\t<\/div>\n\t\t<\/section>\n\t\t\t\t<section class=\"elementor-section elementor-top-section elementor-element elementor-element-2d20e8c elementor-section-boxed elementor-section-height-default elementor-section-height-default\" data-id=\"2d20e8c\" data-element_type=\"section\" data-settings=\"{&quot;background_background&quot;:&quot;classic&quot;}\">\n\t\t\t\t\t\t<div class=\"elementor-container elementor-column-gap-default\">\n\t\t\t\t\t<div class=\"elementor-column elementor-col-100 elementor-top-column elementor-element elementor-element-e5c8d65\" data-id=\"e5c8d65\" data-element_type=\"column\">\n\t\t\t<div class=\"elementor-widget-wrap elementor-element-populated\">\n\t\t\t\t\t\t<div class=\"elementor-element elementor-element-4e6ed85 elementor-widget elementor-widget-eael-feature-list\" data-id=\"4e6ed85\" data-element_type=\"widget\" data-widget_type=\"eael-feature-list.default\">\n\t\t\t\t<div class=\"elementor-widget-container\">\n\t\t\t\t\t\t\t<div class=\"-icon-position-left -tablet-icon-position-left -mobile-icon-position-left\">\n\t\t\t<ul id=\"eael-feature-list-4e6ed85\" class=\"eael-feature-list-items rhombus stacked  eael-feature-list-vertical\" data-layout-tablet=\"vertical\" data-layout-mobile=\"vertical\">\n\t\t\t                <li class=\"eael-feature-list-item elementor-repeater-item-f7d41d9\">\n                    \n\t\t\t\t\t\t<div class=\"eael-feature-list-icon-box\">\n\t\t\t\t\t\t\t<div class=\"eael-feature-list-icon-inner\">\n\n\t\t\t\t\t\t\t\t<span class=\"eael-feature-list-icon fl-icon-0\">\n\n\t\t<i aria-hidden=\"true\" class=\"far fa-check-circle\"><\/i>\t\t\t\t\t\t\t\t<\/span>\n\t\t\t\t\t\t\t<\/div>\n\t\t\t\t\t\t<\/div>\n\t\t\t\t\t\t<div class=\"eael-feature-list-content-box\">\n                            <h2 class=\"eael-feature-list-title\">Reichweite: <\/h2>\t\t\t\t\t\t<p class=\"eael-feature-list-content\">Bis zu 605 km <sup>1<\/sup><\/p>\n\t\t\t\t\t\t<\/div>\n\n\t\t\t\t\t<\/li>\n\t\t\t\t                <li class=\"eael-feature-list-item elementor-repeater-item-9b6d3be\">\n                    \n\t\t\t\t\t\t<div class=\"eael-feature-list-icon-box\">\n\t\t\t\t\t\t\t<div class=\"eael-feature-list-icon-inner\">\n\n\t\t\t\t\t\t\t\t<span class=\"eael-feature-list-icon fl-icon-1\">\n\n\t\t<i aria-hidden=\"true\" class=\"far fa-check-circle\"><\/i>\t\t\t\t\t\t\t\t<\/span>\n\t\t\t\t\t\t\t<\/div>\n\t\t\t\t\t\t<\/div>\n\t\t\t\t\t\t<div class=\"eael-feature-list-content-box\">\n                            <h2 class=\"eael-feature-list-title\">Ladezeit: <\/h2>\t\t\t\t\t\t<p class=\"eael-feature-list-content\">Schnellladen auf von 10 auf 80 % in nur 31 Minuten\u00b2 <\/p>\n\t\t\t\t\t\t<\/div>\n\n\t\t\t\t\t<\/li>\n\t\t\t\t                <li class=\"eael-feature-list-item elementor-repeater-item-6046009\">\n                    \n\t\t\t\t\t\t<div class=\"eael-feature-list-icon-box\">\n\t\t\t\t\t\t\t<div class=\"eael-feature-list-icon-inner\">\n\n\t\t\t\t\t\t\t\t<span class=\"eael-feature-list-icon fl-icon-2\">\n\n\t\t<i aria-hidden=\"true\" class=\"far fa-check-circle\"><\/i>\t\t\t\t\t\t\t\t<\/span>\n\t\t\t\t\t\t\t<\/div>\n\t\t\t\t\t\t<\/div>\n\t\t\t\t\t\t<div class=\"eael-feature-list-content-box\">\n                            <h2 class=\"eael-feature-list-title\">Mobile Stromquelle: <\/h2>\t\t\t\t\t\t<p class=\"eael-feature-list-content\">Durch Vehicle-to-Load (V2L)\u00b3 <\/p>\n\t\t\t\t\t\t<\/div>\n\n\t\t\t\t\t<\/li>\n\t\t\t\t                <li class=\"eael-feature-list-item elementor-repeater-item-cd63697\">\n                    \n\t\t\t\t\t\t<div class=\"eael-feature-list-icon-box\">\n\t\t\t\t\t\t\t<div class=\"eael-feature-list-icon-inner\">\n\n\t\t\t\t\t\t\t\t<span class=\"eael-feature-list-icon fl-icon-3\">\n\n\t\t<i aria-hidden=\"true\" class=\"far fa-check-circle\"><\/i>\t\t\t\t\t\t\t\t<\/span>\n\t\t\t\t\t\t\t<\/div>\n\t\t\t\t\t\t<\/div>\n\t\t\t\t\t\t<div class=\"eael-feature-list-content-box\">\n                            <h2 class=\"eael-feature-list-title\">Leistung: <\/h2>\t\t\t\t\t\t<p class=\"eael-feature-list-content\">204 PS \n<\/p>\n\t\t\t\t\t\t<\/div>\n\n\t\t\t\t\t<\/li>\n\t\t\t\t                <li class=\"eael-feature-list-item elementor-repeater-item-f7bce84\">\n                    \n\t\t\t\t\t\t<div class=\"eael-feature-list-icon-box\">\n\t\t\t\t\t\t\t<div class=\"eael-feature-list-icon-inner\">\n\n\t\t\t\t\t\t\t\t<span class=\"eael-feature-list-icon fl-icon-4\">\n\n\t\t<i aria-hidden=\"true\" class=\"far fa-check-circle\"><\/i>\t\t\t\t\t\t\t\t<\/span>\n\t\t\t\t\t\t\t<\/div>\n\t\t\t\t\t\t<\/div>\n\t\t\t\t\t\t<div class=\"eael-feature-list-content-box\">\n                            <h2 class=\"eael-feature-list-title\">Innovative Sicherheitssysteme: <\/h2>\t\t\t\t\t\t<p class=\"eael-feature-list-content\">Entwickelt f\u00fcr einen neuen Schutz- und Assistenzstandard im Bereich der vollelektrischen Kompakt-SUVs \n<\/p>\n\t\t\t\t\t\t<\/div>\n\n\t\t\t\t\t<\/li>\n\t\t\t\t\t\t\t<\/ul>\n\t\t<\/div>\n\t\t\t\t\t\t<\/div>\n\t\t\t\t<\/div>\n\t\t\t\t\t<\/div>\n\t\t<\/div>\n\t\t\t\t\t<\/div>\n\t\t<\/section>\n\t\t\t\t<section class=\"elementor-section elementor-top-section elementor-element elementor-element-b3b7246 elementor-section-boxed elementor-section-height-default elementor-section-height-default\" data-id=\"b3b7246\" data-element_type=\"section\" id=\"probefahrt\" data-settings=\"{&quot;background_background&quot;:&quot;classic&quot;}\">\n\t\t\t\t\t\t<div class=\"elementor-container elementor-column-gap-default\">\n\t\t\t\t\t<div class=\"elementor-column elementor-col-100 elementor-top-column elementor-element elementor-element-65fe200\" data-id=\"65fe200\" data-element_type=\"column\" data-settings=\"{&quot;background_background&quot;:&quot;classic&quot;}\">\n\t\t\t<div class=\"elementor-widget-wrap elementor-element-populated\">\n\t\t\t\t\t\t<div class=\"elementor-element elementor-element-5612cf3 elementor-widget elementor-widget-heading\" data-id=\"5612cf3\" data-element_type=\"widget\" data-widget_type=\"heading.default\">\n\t\t\t\t<div class=\"elementor-widget-container\">\n\t\t\t\t\t<h2 class=\"elementor-heading-title elementor-size-default\">Probefahrt mit dem Kia EV3<\/h2>\t\t\t\t<\/div>\n\t\t\t\t<\/div>\n\t\t\t\t<div class=\"elementor-element elementor-element-0dc2cf8 elementor-widget elementor-widget-wpforms\" data-id=\"0dc2cf8\" data-element_type=\"widget\" data-widget_type=\"wpforms.default\">\n\t\t\t\t<div class=\"elementor-widget-container\">\n\t\t\t\t\t<div class=\"wpforms-container wpforms-container-full\" id=\"wpforms-102300\"><form id=\"wpforms-form-102300\" class=\"wpforms-validate wpforms-form\" data-formid=\"102300\" method=\"post\" enctype=\"multipart\/form-data\" action=\"\/kia\/wp-json\/wp\/v2\/posts\/102294\" data-token=\"8f094e267000dc116482f9ebd7328d17\" data-token-time=\"1777801564\"><noscript class=\"wpforms-error-noscript\">Bitte aktiviere JavaScript in deinem Browser, um dieses Formular fertigzustellen.<\/noscript><div class=\"wpforms-field-container\"><div id=\"wpforms-102300-field_14-container\" class=\"wpforms-field wpforms-field-radio wpforms-list-inline\" data-field-id=\"14\"><label class=\"wpforms-field-label\">Anrede <span class=\"wpforms-required-label\">*<\/span><\/label><ul id=\"wpforms-102300-field_14\" class=\"wpforms-field-required\"><li class=\"choice-1 depth-1 wpforms-selected\"><input type=\"radio\" id=\"wpforms-102300-field_14_1\" name=\"wpforms[fields][14]\" value=\"Herr\" required  checked='checked'><label class=\"wpforms-field-label-inline\" for=\"wpforms-102300-field_14_1\">Herr<\/label><\/li><li class=\"choice-2 depth-1\"><input type=\"radio\" id=\"wpforms-102300-field_14_2\" name=\"wpforms[fields][14]\" value=\"Frau\" required ><label class=\"wpforms-field-label-inline\" for=\"wpforms-102300-field_14_2\">Frau<\/label><\/li><li class=\"choice-3 depth-1\"><input type=\"radio\" id=\"wpforms-102300-field_14_3\" name=\"wpforms[fields][14]\" value=\"Divers\" required ><label class=\"wpforms-field-label-inline\" for=\"wpforms-102300-field_14_3\">Divers<\/label><\/li><li class=\"choice-4 depth-1\"><input type=\"radio\" id=\"wpforms-102300-field_14_4\" name=\"wpforms[fields][14]\" value=\"Keine\" required ><label class=\"wpforms-field-label-inline\" for=\"wpforms-102300-field_14_4\">Keine<\/label><\/li><\/ul><\/div><div id=\"wpforms-102300-field_0-container\" class=\"wpforms-field wpforms-field-name\" data-field-id=\"0\"><label class=\"wpforms-field-label\">Name <span class=\"wpforms-required-label\">*<\/span><\/label><div class=\"wpforms-field-row wpforms-field-large\"><div class=\"wpforms-field-row-block wpforms-first wpforms-one-half\"><input type=\"text\" id=\"wpforms-102300-field_0\" class=\"wpforms-field-name-first wpforms-field-required\" name=\"wpforms[fields][0][first]\" required><label for=\"wpforms-102300-field_0\" class=\"wpforms-field-sublabel after\">Vorname<\/label><\/div><div class=\"wpforms-field-row-block wpforms-one-half\"><input type=\"text\" id=\"wpforms-102300-field_0-last\" class=\"wpforms-field-name-last wpforms-field-required\" name=\"wpforms[fields][0][last]\" required><label for=\"wpforms-102300-field_0-last\" class=\"wpforms-field-sublabel after\">Nachname<\/label><\/div><\/div><\/div><div id=\"wpforms-102300-field_1-container\" class=\"wpforms-field wpforms-field-email\" data-field-id=\"1\"><label class=\"wpforms-field-label\" for=\"wpforms-102300-field_1\">Ihre E-Mailadresse <span class=\"wpforms-required-label\">*<\/span><\/label><input type=\"email\" id=\"wpforms-102300-field_1\" class=\"wpforms-field-large wpforms-field-required\" name=\"wpforms[fields][1]\" spellcheck=\"false\" required><\/div><div id=\"wpforms-102300-field_18-container\" class=\"wpforms-field wpforms-field-number\" data-field-id=\"18\"><label class=\"wpforms-field-label\" for=\"wpforms-102300-field_18\">Telefon<\/label><input type=\"number\" id=\"wpforms-102300-field_18\" class=\"wpforms-field-medium\" name=\"wpforms[fields][18]\" step=\"any\" ><\/div><div id=\"wpforms-102300-field_8-container\" class=\"wpforms-field wpforms-field-checkbox\" data-field-id=\"8\"><label class=\"wpforms-field-label\">Ihre Wunschfiliale (optional)<\/label><ul id=\"wpforms-102300-field_8\" data-choice-limit=\"1\"><li class=\"choice-1 depth-1\"><input type=\"checkbox\" id=\"wpforms-102300-field_8_1\" data-rule-check-limit=\"true\" name=\"wpforms[fields][8][]\" value=\"Hamburg-Poppenb\u00fcttel\"  ><label class=\"wpforms-field-label-inline\" for=\"wpforms-102300-field_8_1\">Hamburg-Poppenb\u00fcttel<\/label><\/li><li class=\"choice-2 depth-1\"><input type=\"checkbox\" id=\"wpforms-102300-field_8_2\" data-rule-check-limit=\"true\" name=\"wpforms[fields][8][]\" value=\"Hamburg-Hamm\"  ><label class=\"wpforms-field-label-inline\" for=\"wpforms-102300-field_8_2\">Hamburg-Hamm<\/label><\/li><li class=\"choice-3 depth-1\"><input type=\"checkbox\" id=\"wpforms-102300-field_8_3\" data-rule-check-limit=\"true\" name=\"wpforms[fields][8][]\" value=\"Ahrensburg\"  ><label class=\"wpforms-field-label-inline\" for=\"wpforms-102300-field_8_3\">Ahrensburg<\/label><\/li><li class=\"choice-4 depth-1\"><input type=\"checkbox\" id=\"wpforms-102300-field_8_4\" data-rule-check-limit=\"true\" name=\"wpforms[fields][8][]\" value=\"Halstenbek\"  ><label class=\"wpforms-field-label-inline\" for=\"wpforms-102300-field_8_4\">Halstenbek<\/label><\/li><\/ul><\/div><div id=\"wpforms-102300-field_15-container\" class=\"wpforms-field wpforms-field-checkbox wpforms-list-inline\" data-field-id=\"15\"><label class=\"wpforms-field-label\">Ja, ich interessiere mich f\u00fcr den Kia EV9<\/label><ul id=\"wpforms-102300-field_15\" class=\"wpforms-image-choices wpforms-image-choices-modern\" data-choice-limit=\"1\"><li class=\"choice-3 depth-1 wpforms-image-choices-item\"><label class=\"wpforms-field-label-inline\" for=\"wpforms-102300-field_15_3\" tabindex=\"0\"><span class=\"wpforms-image-choices-image\"><img decoding=\"async\" src=\"https:\/\/guenther-gruppe.de\/kia\/wp-content\/uploads\/sites\/9\/2025\/02\/25214-kia-ev3-formular.jpg\" alt=\"Der Kia EV9\" title=\"Der Kia EV9\"><\/span><input type=\"checkbox\" id=\"wpforms-102300-field_15_3\" class=\"wpforms-screen-reader-element\" data-rule-check-limit=\"true\" name=\"wpforms[fields][15][]\" value=\"Der Kia EV9\" tabindex=\"-1\"  ><span class=\"wpforms-image-choices-label\">Der Kia EV9<\/span><\/label><\/li><\/ul><\/div><div id=\"wpforms-102300-field_2-container\" class=\"wpforms-field wpforms-field-textarea\" data-field-id=\"2\"><label class=\"wpforms-field-label\" for=\"wpforms-102300-field_2\">Ihre Nachricht <span class=\"wpforms-required-label\">*<\/span><\/label><textarea id=\"wpforms-102300-field_2\" class=\"wpforms-field-medium wpforms-field-required\" name=\"wpforms[fields][2]\" required><\/textarea><\/div><div id=\"wpforms-102300-field_17-container\" class=\"wpforms-field wpforms-field-checkbox\" data-field-id=\"17\"><label class=\"wpforms-field-label\">DSGVO-Einverst\u00e4ndnis <span class=\"wpforms-required-label\">*<\/span><\/label><ul id=\"wpforms-102300-field_17\" class=\"wpforms-field-required\"><li class=\"choice-3 depth-1\"><input type=\"checkbox\" id=\"wpforms-102300-field_17_3\" name=\"wpforms[fields][17][]\" value=\"Durch das Absenden dieses Kontaktformulars \u00fcbermitteln Sie uns die aktuelle IP-Adresse Ihres Internetzugangs sowie die durch Sie eingegebenen Daten zur elektronischen Verarbeitung auf freiwilliger Basis. Die von Ihnen \u00fcbermittelten personenbezogenen Daten werden f\u00fcr die Bearbeitung der Anfrage oder der Kontaktaufnahme automatisch gespeichert. Es erfolgt keine Weitergabe dieser personenbezogenen Daten an Dritte.\" required ><label class=\"wpforms-field-label-inline\" for=\"wpforms-102300-field_17_3\">Durch das Absenden dieses Kontaktformulars \u00fcbermitteln Sie uns die aktuelle IP-Adresse Ihres Internetzugangs sowie die durch Sie eingegebenen Daten zur elektronischen Verarbeitung auf freiwilliger Basis. Die von Ihnen \u00fcbermittelten personenbezogenen Daten werden f\u00fcr die Bearbeitung der Anfrage oder der Kontaktaufnahme automatisch gespeichert. Es erfolgt keine Weitergabe dieser personenbezogenen Daten an Dritte.<\/label><\/li><\/ul><\/div><\/div><!-- .wpforms-field-container --><div class=\"wpforms-field wpforms-field-hp\"><label for=\"wpforms-102300-field-hp\" class=\"wpforms-field-label\">Website<\/label><input type=\"text\" name=\"wpforms[hp]\" id=\"wpforms-102300-field-hp\" class=\"wpforms-field-medium\"><\/div><div class=\"wpforms-submit-container\" ><input type=\"hidden\" name=\"wpforms[id]\" value=\"102300\"><input type=\"hidden\" name=\"page_title\" value=\"\"><input type=\"hidden\" name=\"page_url\" value=\"https:\/\/guenther-gruppe.de\/kia\/wp-json\/wp\/v2\/posts\/102294\"><input type=\"hidden\" name=\"url_referer\" value=\"\"><button type=\"submit\" name=\"wpforms[submit]\" id=\"wpforms-submit-102300\" class=\"wpforms-submit\" data-alt-text=\"Sending...\" data-submit-text=\"Senden\" aria-live=\"assertive\" value=\"wpforms-submit\">Senden<\/button><\/div><\/form><\/div>  <!-- .wpforms-container -->\t\t\t\t<\/div>\n\t\t\t\t<\/div>\n\t\t\t\t\t<\/div>\n\t\t<\/div>\n\t\t\t\t\t<\/div>\n\t\t<\/section>\n\t\t\t\t<section class=\"elementor-section elementor-top-section elementor-element elementor-element-3324dd5d elementor-section-content-middle elementor-section-boxed elementor-section-height-default elementor-section-height-default\" data-id=\"3324dd5d\" data-element_type=\"section\" data-settings=\"{&quot;background_background&quot;:&quot;classic&quot;}\">\n\t\t\t\t\t\t<div class=\"elementor-container elementor-column-gap-no\">\n\t\t\t\t\t<div class=\"elementor-column elementor-col-100 elementor-top-column elementor-element elementor-element-674750a4\" data-id=\"674750a4\" data-element_type=\"column\">\n\t\t\t<div class=\"elementor-widget-wrap elementor-element-populated\">\n\t\t\t\t\t\t<div class=\"elementor-element elementor-element-248c3727 elementor-widget elementor-widget-heading\" data-id=\"248c3727\" data-element_type=\"widget\" data-widget_type=\"heading.default\">\n\t\t\t\t<div class=\"elementor-widget-container\">\n\t\t\t\t\t<h2 class=\"elementor-heading-title elementor-size-default\">Wie k\u00f6nnen wir Ihnen helfen<\/h2>\t\t\t\t<\/div>\n\t\t\t\t<\/div>\n\t\t\t\t<div class=\"elementor-element elementor-element-4c2f5fd5 elementor-widget-divider--view-line elementor-widget elementor-widget-divider\" data-id=\"4c2f5fd5\" data-element_type=\"widget\" data-widget_type=\"divider.default\">\n\t\t\t\t<div class=\"elementor-widget-container\">\n\t\t\t\t\t\t\t<div class=\"elementor-divider\">\n\t\t\t<span class=\"elementor-divider-separator\">\n\t\t\t\t\t\t<\/span>\n\t\t<\/div>\n\t\t\t\t\t\t<\/div>\n\t\t\t\t<\/div>\n\t\t\t\t<section class=\"elementor-section elementor-inner-section elementor-element elementor-element-128797b1 elementor-section-boxed elementor-section-height-default elementor-section-height-default\" data-id=\"128797b1\" data-element_type=\"section\">\n\t\t\t\t\t\t<div class=\"elementor-container elementor-column-gap-default\">\n\t\t\t\t\t<div class=\"elementor-column elementor-col-33 elementor-inner-column elementor-element elementor-element-51a94c82\" data-id=\"51a94c82\" data-element_type=\"column\" data-settings=\"{&quot;background_background&quot;:&quot;classic&quot;}\">\n\t\t\t<div class=\"elementor-widget-wrap elementor-element-populated\">\n\t\t\t\t\t\t<div class=\"elementor-element elementor-element-6b8cb5e3 elementor-view-framed elementor-shape-circle elementor-position-top elementor-mobile-position-top elementor-widget elementor-widget-icon-box\" data-id=\"6b8cb5e3\" data-element_type=\"widget\" data-widget_type=\"icon-box.default\">\n\t\t\t\t<div class=\"elementor-widget-container\">\n\t\t\t\t\t\t\t<div class=\"elementor-icon-box-wrapper\">\n\n\t\t\t\t\t\t<div class=\"elementor-icon-box-icon\">\n\t\t\t\t<a href=\"\/kia\/kontakt\/\" class=\"elementor-icon\" tabindex=\"-1\" aria-label=\"Bleiben Sie in Kontakt\">\n\t\t\t\t<i aria-hidden=\"true\" class=\"fas fa-info\"><\/i>\t\t\t\t<\/a>\n\t\t\t<\/div>\n\t\t\t\n\t\t\t\t\t\t<div class=\"elementor-icon-box-content\">\n\n\t\t\t\t\t\t\t\t\t<h3 class=\"elementor-icon-box-title\">\n\t\t\t\t\t\t<a href=\"\/kia\/kontakt\/\" >\n\t\t\t\t\t\t\tBleiben Sie in Kontakt\t\t\t\t\t\t<\/a>\n\t\t\t\t\t<\/h3>\n\t\t\t\t\n\t\t\t\t\n\t\t\t<\/div>\n\t\t\t\n\t\t<\/div>\n\t\t\t\t\t\t<\/div>\n\t\t\t\t<\/div>\n\t\t\t\t\t<\/div>\n\t\t<\/div>\n\t\t\t\t<div class=\"elementor-column elementor-col-33 elementor-inner-column elementor-element elementor-element-4783099f\" data-id=\"4783099f\" data-element_type=\"column\" data-settings=\"{&quot;background_background&quot;:&quot;classic&quot;}\">\n\t\t\t<div class=\"elementor-widget-wrap elementor-element-populated\">\n\t\t\t\t\t\t<div class=\"elementor-element elementor-element-85dfa40 elementor-view-framed elementor-shape-circle elementor-position-top elementor-mobile-position-top elementor-widget elementor-widget-icon-box\" data-id=\"85dfa40\" data-element_type=\"widget\" data-widget_type=\"icon-box.default\">\n\t\t\t\t<div class=\"elementor-widget-container\">\n\t\t\t\t\t\t\t<div class=\"elementor-icon-box-wrapper\">\n\n\t\t\t\t\t\t<div class=\"elementor-icon-box-icon\">\n\t\t\t\t<a href=\"#probefahrt\" class=\"elementor-icon\" tabindex=\"-1\" aria-label=\"Probefahrt vereinbaren\">\n\t\t\t\t<i aria-hidden=\"true\" class=\"fas fa-car\"><\/i>\t\t\t\t<\/a>\n\t\t\t<\/div>\n\t\t\t\n\t\t\t\t\t\t<div class=\"elementor-icon-box-content\">\n\n\t\t\t\t\t\t\t\t\t<h3 class=\"elementor-icon-box-title\">\n\t\t\t\t\t\t<a href=\"#probefahrt\" >\n\t\t\t\t\t\t\tProbefahrt vereinbaren\t\t\t\t\t\t<\/a>\n\t\t\t\t\t<\/h3>\n\t\t\t\t\n\t\t\t\t\n\t\t\t<\/div>\n\t\t\t\n\t\t<\/div>\n\t\t\t\t\t\t<\/div>\n\t\t\t\t<\/div>\n\t\t\t\t\t<\/div>\n\t\t<\/div>\n\t\t\t\t<div class=\"elementor-column elementor-col-33 elementor-inner-column elementor-element elementor-element-33740d45\" data-id=\"33740d45\" data-element_type=\"column\" data-settings=\"{&quot;background_background&quot;:&quot;classic&quot;}\">\n\t\t\t<div class=\"elementor-widget-wrap elementor-element-populated\">\n\t\t\t\t\t\t<div class=\"elementor-element elementor-element-3ce8f0fb elementor-view-framed elementor-shape-circle elementor-position-top elementor-mobile-position-top elementor-widget elementor-widget-icon-box\" data-id=\"3ce8f0fb\" data-element_type=\"widget\" data-widget_type=\"icon-box.default\">\n\t\t\t\t<div class=\"elementor-widget-container\">\n\t\t\t\t\t\t\t<div class=\"elementor-icon-box-wrapper\">\n\n\t\t\t\t\t\t<div class=\"elementor-icon-box-icon\">\n\t\t\t\t<a href=\"\/kia\/standorte\/\" class=\"elementor-icon\" tabindex=\"-1\" aria-label=\"Standorte suchen\">\n\t\t\t\t<i aria-hidden=\"true\" class=\"fas fa-map-marker-alt\"><\/i>\t\t\t\t<\/a>\n\t\t\t<\/div>\n\t\t\t\n\t\t\t\t\t\t<div class=\"elementor-icon-box-content\">\n\n\t\t\t\t\t\t\t\t\t<h3 class=\"elementor-icon-box-title\">\n\t\t\t\t\t\t<a href=\"\/kia\/standorte\/\" >\n\t\t\t\t\t\t\tStandorte suchen\t\t\t\t\t\t<\/a>\n\t\t\t\t\t<\/h3>\n\t\t\t\t\n\t\t\t\t\n\t\t\t<\/div>\n\t\t\t\n\t\t<\/div>\n\t\t\t\t\t\t<\/div>\n\t\t\t\t<\/div>\n\t\t\t\t\t<\/div>\n\t\t<\/div>\n\t\t\t\t\t<\/div>\n\t\t<\/section>\n\t\t\t\t\t<\/div>\n\t\t<\/div>\n\t\t\t\t\t<\/div>\n\t\t<\/section>\n\t\t\t\t<section class=\"elementor-section elementor-top-section elementor-element elementor-element-59f76735 elementor-section-boxed elementor-section-height-default elementor-section-height-default\" data-id=\"59f76735\" data-element_type=\"section\">\n\t\t\t\t\t\t<div class=\"elementor-container elementor-column-gap-default\">\n\t\t\t\t\t<div class=\"elementor-column elementor-col-100 elementor-top-column elementor-element elementor-element-63a85d4e\" data-id=\"63a85d4e\" data-element_type=\"column\">\n\t\t\t<div class=\"elementor-widget-wrap elementor-element-populated\">\n\t\t\t\t\t\t<div class=\"elementor-element elementor-element-1420c396 elementor-widget elementor-widget-text-editor\" data-id=\"1420c396\" data-element_type=\"widget\" data-widget_type=\"text-editor.default\">\n\t\t\t\t<div class=\"elementor-widget-container\">\n\t\t\t\t\t\t\t\t\t<p><strong>\u00b9\u202fReichweite<\/strong><br \/>Die Reichweite wurde nach dem genormten EU-Messverfahren (WLTP) auf Basis eines 81,4-Wh-Batteriepacks, Hinterradantrieb und 17-Zoll-R\u00e4dern ermittelt. Der individuelle Fahrstil und weitere Faktoren wie Geschwindigkeit, Au\u00dfentemperatur, Topografie und der Einsatz von stromverbrauchenden Ger\u00e4ten haben Einfluss auf die reale Reichweite und k\u00f6nnen diese m\u00f6glicherweise verringern.<\/p><p><strong>\u00b2 Maximale Ladegeschwindigkeit<\/strong><\/p><p>Um die maximale Ladegeschwindigkeit zu erreichen, muss der Kia EV3 an einem 400-Volt-Elektrofahrzeug-Ladeger\u00e4t geladen werden, das mindestens 150 kW Strom liefert. Die zus\u00e4tzlich gewonnene reale Reichweite innerhalb von 15 Minuten ist von verschiedenen Faktoren abh\u00e4ngig, darunter der aktuelle Ladezustand der Batterie, die Batterietemperatur und das verwendete Ladeger\u00e4t. Sie wird auch durch den individuellen Fahrstil und den Energieverbrauch bestimmt. Die Beschleunigungszeit von 7,5 Sekunden entspricht der Standard-Reichweitenbatterie. Bei der Langstreckenbatterie betr\u00e4gt die Beschleunigungszeit 7,7 Sekunden. \u202f<\/p><p><strong>\u00b3Vehicle-to-Load<\/strong><br \/>V2L nicht Bestandteil der serienm\u00e4\u00dfigen Ausstattung<\/p><p>Weitere Informationen zum offiziellen Kraftstoffverbrauch und den offiziellen spezifischen CO2-Emissionen neuer Personenkraftwagen k\u00f6nnen dem \u201aLeitfaden \u00fcber den Kraftstoffverbrauch, die CO2-Emissionen und den Stromverbrauch neuer Personenkraftwagen\u2018 entnommen werden, der an allen Verkaufsstellen und bei Deutsche Automobil Treuhand GmbH, Hellmuth-Hirth-Stra\u00dfe 1, 73760 Ostfildern oder www.dat.de unentgeltlich erh\u00e4ltlich ist.<\/p>\t\t\t\t\t\t\t\t<\/div>\n\t\t\t\t<\/div>\n\t\t\t\t\t<\/div>\n\t\t<\/div>\n\t\t\t\t\t<\/div>\n\t\t<\/section>\n\t\t\t\t<\/div>\n\t\t","protected":false},"excerpt":{"rendered":"<p>Der mehrfach ausgezeichnete EV6, der 2022 zum \u201eAuto des Jahres in Europa\u201c gew\u00e4hlt wurde, diente als Vorlage f\u00fcr das Design des EV9, das im Einklang mit der neuen Kia-Designphilosophie \u201eOpposites United\u201c entwickelt wurde. <\/p>\n","protected":false},"author":10,"featured_media":27837,"comment_status":"closed","ping_status":"closed","sticky":false,"template":"","format":"standard","meta":{"_acf_changed":false,"site-sidebar-layout":"no-sidebar","site-content-layout":"page-builder","ast-site-content-layout":"full-width-container","site-content-style":"unboxed","site-sidebar-style":"unboxed","ast-global-header-display":"","ast-banner-title-visibility":"","ast-main-header-display":"","ast-hfb-above-header-display":"","ast-hfb-below-header-display":"","ast-hfb-mobile-header-display":"","site-post-title":"","ast-breadcrumbs-content":"","ast-featured-img":"disabled","footer-sml-layout":"","theme-transparent-header-meta":"enabled","adv-header-id-meta":"","stick-header-meta":"","header-above-stick-meta":"","header-main-stick-meta":"","header-below-stick-meta":"","astra-migrate-meta-layouts":"set","ast-page-background-enabled":"default","ast-page-background-meta":{"desktop":{"background-color":"","background-image":"","background-repeat":"repeat","background-position":"center center","background-size":"auto","background-attachment":"scroll","background-type":"","background-media":"","overlay-type":"","overlay-color":"","overlay-opacity":"","overlay-gradient":""},"tablet":{"background-color":"","background-image":"","background-repeat":"repeat","background-position":"center center","background-size":"auto","background-attachment":"scroll","background-type":"","background-media":"","overlay-type":"","overlay-color":"","overlay-opacity":"","overlay-gradient":""},"mobile":{"background-color":"","background-image":"","background-repeat":"repeat","background-position":"center center","background-size":"auto","background-attachment":"scroll","background-type":"","background-media":"","overlay-type":"","overlay-color":"","overlay-opacity":"","overlay-gradient":""}},"ast-content-background-meta":{"desktop":{"background-color":"var(--ast-global-color-5)","background-image":"","background-repeat":"repeat","background-position":"center center","background-size":"auto","background-attachment":"scroll","background-type":"","background-media":"","overlay-type":"","overlay-color":"","overlay-opacity":"","overlay-gradient":""},"tablet":{"background-color":"var(--ast-global-color-5)","background-image":"","background-repeat":"repeat","background-position":"center center","background-size":"auto","background-attachment":"scroll","background-type":"","background-media":"","overlay-type":"","overlay-color":"","overlay-opacity":"","overlay-gradient":""},"mobile":{"background-color":"var(--ast-global-color-5)","background-image":"","background-repeat":"repeat","background-position":"center center","background-size":"auto","background-attachment":"scroll","background-type":"","background-media":"","overlay-type":"","overlay-color":"","overlay-opacity":"","overlay-gradient":""}},"footnotes":""},"categories":[758],"tags":[11942,11943,11938,11941,11940,11939,2464,11937,11945,11944],"class_list":["post-102294","post","type-post","status-publish","format-standard","has-post-thumbnail","hentry","category-modelle","tag-6-oder-7-sitzplaetze","tag-ahrensburg","tag-autohaus-guenther-gmbh","tag-drehbare-sitze-in-der-zweiten-reihe","tag-familienauto","tag-gewinner-goldenes-lenkrad-2023","tag-hamburg","tag-kia-ev9","tag-schnelladetechnologie","tag-stromtanken"],"acf":[],"yoast_head":"<!-- This site is optimized with the Yoast SEO plugin v26.5 - https:\/\/yoast.com\/wordpress\/plugins\/seo\/ -->\n<title>Der KIA EV3 | Autohaus G\u00fcnther GmbH<\/title>\n<meta name=\"description\" content=\"Der Kia EV3 bei Autohaus G\u00fcnther. \u00dcberzeugen Sie sich selbst vom Gewinner des Goldenen Lenkrads 2024. Wie w\u00e4re es mit einer Probefahrt?\" \/>\n<meta name=\"robots\" content=\"index, follow, max-snippet:-1, max-image-preview:large, max-video-preview:-1\" \/>\n<link rel=\"canonical\" href=\"https:\/\/guenther-gruppe.de\/kia\/der-kia-ev3\/\" \/>\n<meta property=\"og:locale\" content=\"de_DE\" \/>\n<meta property=\"og:type\" content=\"article\" \/>\n<meta property=\"og:title\" content=\"Der Kia EV9 I Autohaus G\u00fcnther GmbH\" \/>\n<meta property=\"og:description\" content=\"Der Kia EV9 bei Autohaus G\u00fcnther. \u00dcberzeugen Sie sich selbst vom diesj\u00e4hrigen Gewinner des Goldenen Lenkrads 2023.\" \/>\n<meta property=\"og:url\" content=\"https:\/\/guenther-gruppe.de\/kia\/der-kia-ev3\/\" \/>\n<meta property=\"og:site_name\" content=\"Autohaus G\u00fcnther GmbH - Kia Vertragsh\u00e4ndler Hamburg und Ahrensburg\" \/>\n<meta property=\"article:published_time\" content=\"2025-02-14T08:49:11+00:00\" \/>\n<meta property=\"article:modified_time\" content=\"2025-02-15T22:58:00+00:00\" \/>\n<meta property=\"og:image\" content=\"https:\/\/guenther-gruppe.de\/kia\/wp-content\/uploads\/sites\/9\/2023\/11\/kia_ev9_elp_goldenes-lenkrad-720x360-1.jpg\" \/>\n\t<meta property=\"og:image:width\" content=\"720\" \/>\n\t<meta property=\"og:image:height\" content=\"360\" \/>\n\t<meta property=\"og:image:type\" content=\"image\/jpeg\" \/>\n<meta name=\"author\" content=\"madeleine\" \/>\n<meta name=\"twitter:card\" content=\"summary_large_image\" \/>\n<meta name=\"twitter:title\" content=\"Der Kia EV9 I Autohaus G\u00fcnther GmbH\" \/>\n<meta name=\"twitter:description\" content=\"Der Kia EV9 bei Autohaus G\u00fcnther. \u00dcberzeugen Sie sich selbst vom diesj\u00e4hrigen Gewinner des Goldenen Lenkrads 2023.\" \/>\n<meta name=\"twitter:image\" content=\"https:\/\/guenther-gruppe.de\/kia\/wp-content\/uploads\/sites\/9\/2023\/11\/kia_ev9_elp_goldenes-lenkrad-720x360-1.jpg\" \/>\n<meta name=\"twitter:label1\" content=\"Verfasst von\" \/>\n\t<meta name=\"twitter:data1\" content=\"\" \/>\n\t<meta name=\"twitter:label2\" content=\"Gesch\u00e4tzte Lesezeit\" \/>\n\t<meta name=\"twitter:data2\" content=\"6\u00a0Minuten\" \/>\n<script type=\"application\/ld+json\" class=\"yoast-schema-graph\">{\"@context\":\"https:\/\/schema.org\",\"@graph\":[{\"@type\":\"Article\",\"@id\":\"https:\/\/guenther-gruppe.de\/kia\/der-kia-ev3\/#article\",\"isPartOf\":{\"@id\":\"https:\/\/guenther-gruppe.de\/kia\/der-kia-ev3\/\"},\"author\":{\"name\":\"madeleine\",\"@id\":\"https:\/\/guenther-gruppe.de\/kia\/#\/schema\/person\/3f370438b6290791812d436398ff7cca\"},\"headline\":\"Der KIA EV3\",\"datePublished\":\"2025-02-14T08:49:11+00:00\",\"dateModified\":\"2025-02-15T22:58:00+00:00\",\"mainEntityOfPage\":{\"@id\":\"https:\/\/guenther-gruppe.de\/kia\/der-kia-ev3\/\"},\"wordCount\":699,\"publisher\":{\"@id\":\"https:\/\/guenther-gruppe.de\/kia\/#organization\"},\"image\":{\"@id\":\"https:\/\/guenther-gruppe.de\/kia\/der-kia-ev3\/#primaryimage\"},\"thumbnailUrl\":\"https:\/\/guenther-gruppe.de\/kia\/wp-content\/uploads\/sites\/9\/2021\/03\/beitragsbild-ev6.jpg\",\"keywords\":[\"6 oder 7 Sitzpl\u00e4tze\",\"Ahrensburg\",\"Autohaus G\u00fcnther GmbH\",\"Drehbare Sitze in der zweiten Reihe\",\"Familienauto\",\"Gewinner Goldenes Lenkrad 2023\",\"Hamburg\",\"Kia EV9\",\"Schnelladetechnologie\",\"Stromtanken\"],\"articleSection\":[\"Modelle\"],\"inLanguage\":\"de\"},{\"@type\":\"WebPage\",\"@id\":\"https:\/\/guenther-gruppe.de\/kia\/der-kia-ev3\/\",\"url\":\"https:\/\/guenther-gruppe.de\/kia\/der-kia-ev3\/\",\"name\":\"Der KIA EV3 | Autohaus G\u00fcnther GmbH\",\"isPartOf\":{\"@id\":\"https:\/\/guenther-gruppe.de\/kia\/#website\"},\"primaryImageOfPage\":{\"@id\":\"https:\/\/guenther-gruppe.de\/kia\/der-kia-ev3\/#primaryimage\"},\"image\":{\"@id\":\"https:\/\/guenther-gruppe.de\/kia\/der-kia-ev3\/#primaryimage\"},\"thumbnailUrl\":\"https:\/\/guenther-gruppe.de\/kia\/wp-content\/uploads\/sites\/9\/2021\/03\/beitragsbild-ev6.jpg\",\"datePublished\":\"2025-02-14T08:49:11+00:00\",\"dateModified\":\"2025-02-15T22:58:00+00:00\",\"description\":\"Der Kia EV3 bei Autohaus G\u00fcnther. \u00dcberzeugen Sie sich selbst vom Gewinner des Goldenen Lenkrads 2024. Wie w\u00e4re es mit einer Probefahrt?\",\"breadcrumb\":{\"@id\":\"https:\/\/guenther-gruppe.de\/kia\/der-kia-ev3\/#breadcrumb\"},\"inLanguage\":\"de\",\"potentialAction\":[{\"@type\":\"ReadAction\",\"target\":[\"https:\/\/guenther-gruppe.de\/kia\/der-kia-ev3\/\"]}]},{\"@type\":\"ImageObject\",\"inLanguage\":\"de\",\"@id\":\"https:\/\/guenther-gruppe.de\/kia\/der-kia-ev3\/#primaryimage\",\"url\":\"https:\/\/guenther-gruppe.de\/kia\/wp-content\/uploads\/sites\/9\/2021\/03\/beitragsbild-ev6.jpg\",\"contentUrl\":\"https:\/\/guenther-gruppe.de\/kia\/wp-content\/uploads\/sites\/9\/2021\/03\/beitragsbild-ev6.jpg\",\"width\":800,\"height\":600,\"caption\":\"Graues Elektroauto seitlich vor moderner Metallwand\"},{\"@type\":\"BreadcrumbList\",\"@id\":\"https:\/\/guenther-gruppe.de\/kia\/der-kia-ev3\/#breadcrumb\",\"itemListElement\":[{\"@type\":\"ListItem\",\"position\":1,\"name\":\"Startseite\",\"item\":\"https:\/\/guenther-gruppe.de\/kia\/\"},{\"@type\":\"ListItem\",\"position\":2,\"name\":\"Der KIA EV3\"}]},{\"@type\":\"WebSite\",\"@id\":\"https:\/\/guenther-gruppe.de\/kia\/#website\",\"url\":\"https:\/\/guenther-gruppe.de\/kia\/\",\"name\":\"Autohaus G\u00fcnther GmbH - Kia Vertragsh\u00e4ndler Hamburg und Ahrensburg\",\"description\":\"Offizieller Kia Vertragsh\u00e4ndler\",\"publisher\":{\"@id\":\"https:\/\/guenther-gruppe.de\/kia\/#organization\"},\"potentialAction\":[{\"@type\":\"SearchAction\",\"target\":{\"@type\":\"EntryPoint\",\"urlTemplate\":\"https:\/\/guenther-gruppe.de\/kia\/?s={search_term_string}\"},\"query-input\":{\"@type\":\"PropertyValueSpecification\",\"valueRequired\":true,\"valueName\":\"search_term_string\"}}],\"inLanguage\":\"de\"},{\"@type\":\"Organization\",\"@id\":\"https:\/\/guenther-gruppe.de\/kia\/#organization\",\"name\":\"Autohaus G\u00fcnther GmbH\",\"url\":\"https:\/\/guenther-gruppe.de\/kia\/\",\"logo\":{\"@type\":\"ImageObject\",\"inLanguage\":\"de\",\"@id\":\"https:\/\/guenther-gruppe.de\/kia\/#\/schema\/logo\/image\/\",\"url\":\"https:\/\/guenther-gruppe.de\/kia\/wp-content\/uploads\/sites\/9\/2021\/03\/guenther_logo-kia.png\",\"contentUrl\":\"https:\/\/guenther-gruppe.de\/kia\/wp-content\/uploads\/sites\/9\/2021\/03\/guenther_logo-kia.png\",\"width\":2506,\"height\":400,\"caption\":\"Autohaus G\u00fcnther GmbH\"},\"image\":{\"@id\":\"https:\/\/guenther-gruppe.de\/kia\/#\/schema\/logo\/image\/\"}},{\"@type\":\"Person\",\"@id\":\"https:\/\/guenther-gruppe.de\/kia\/#\/schema\/person\/3f370438b6290791812d436398ff7cca\",\"name\":\"madeleine\",\"url\":\"https:\/\/guenther-gruppe.de\/kia\/author\/madeleine\/\"}]}<\/script>\n<!-- \/ Yoast SEO plugin. -->","yoast_head_json":{"title":"Der KIA EV3 | Autohaus G\u00fcnther GmbH","description":"Der Kia EV3 bei Autohaus G\u00fcnther. \u00dcberzeugen Sie sich selbst vom Gewinner des Goldenen Lenkrads 2024. Wie w\u00e4re es mit einer Probefahrt?","robots":{"index":"index","follow":"follow","max-snippet":"max-snippet:-1","max-image-preview":"max-image-preview:large","max-video-preview":"max-video-preview:-1"},"canonical":"https:\/\/guenther-gruppe.de\/kia\/der-kia-ev3\/","og_locale":"de_DE","og_type":"article","og_title":"Der Kia EV9 I Autohaus G\u00fcnther GmbH","og_description":"Der Kia EV9 bei Autohaus G\u00fcnther. \u00dcberzeugen Sie sich selbst vom diesj\u00e4hrigen Gewinner des Goldenen Lenkrads 2023.","og_url":"https:\/\/guenther-gruppe.de\/kia\/der-kia-ev3\/","og_site_name":"Autohaus G\u00fcnther GmbH - Kia Vertragsh\u00e4ndler Hamburg und Ahrensburg","article_published_time":"2025-02-14T08:49:11+00:00","article_modified_time":"2025-02-15T22:58:00+00:00","og_image":[{"width":720,"height":360,"url":"https:\/\/guenther-gruppe.de\/kia\/wp-content\/uploads\/sites\/9\/2023\/11\/kia_ev9_elp_goldenes-lenkrad-720x360-1.jpg","type":"image\/jpeg"}],"author":"madeleine","twitter_card":"summary_large_image","twitter_title":"Der Kia EV9 I Autohaus G\u00fcnther GmbH","twitter_description":"Der Kia EV9 bei Autohaus G\u00fcnther. \u00dcberzeugen Sie sich selbst vom diesj\u00e4hrigen Gewinner des Goldenen Lenkrads 2023.","twitter_image":"https:\/\/guenther-gruppe.de\/kia\/wp-content\/uploads\/sites\/9\/2023\/11\/kia_ev9_elp_goldenes-lenkrad-720x360-1.jpg","twitter_misc":{"Verfasst von":false,"Gesch\u00e4tzte Lesezeit":"6\u00a0Minuten"},"schema":{"@context":"https:\/\/schema.org","@graph":[{"@type":"Article","@id":"https:\/\/guenther-gruppe.de\/kia\/der-kia-ev3\/#article","isPartOf":{"@id":"https:\/\/guenther-gruppe.de\/kia\/der-kia-ev3\/"},"author":{"name":"madeleine","@id":"https:\/\/guenther-gruppe.de\/kia\/#\/schema\/person\/3f370438b6290791812d436398ff7cca"},"headline":"Der KIA EV3","datePublished":"2025-02-14T08:49:11+00:00","dateModified":"2025-02-15T22:58:00+00:00","mainEntityOfPage":{"@id":"https:\/\/guenther-gruppe.de\/kia\/der-kia-ev3\/"},"wordCount":699,"publisher":{"@id":"https:\/\/guenther-gruppe.de\/kia\/#organization"},"image":{"@id":"https:\/\/guenther-gruppe.de\/kia\/der-kia-ev3\/#primaryimage"},"thumbnailUrl":"https:\/\/guenther-gruppe.de\/kia\/wp-content\/uploads\/sites\/9\/2021\/03\/beitragsbild-ev6.jpg","keywords":["6 oder 7 Sitzpl\u00e4tze","Ahrensburg","Autohaus G\u00fcnther GmbH","Drehbare Sitze in der zweiten Reihe","Familienauto","Gewinner Goldenes Lenkrad 2023","Hamburg","Kia EV9","Schnelladetechnologie","Stromtanken"],"articleSection":["Modelle"],"inLanguage":"de"},{"@type":"WebPage","@id":"https:\/\/guenther-gruppe.de\/kia\/der-kia-ev3\/","url":"https:\/\/guenther-gruppe.de\/kia\/der-kia-ev3\/","name":"Der KIA EV3 | Autohaus G\u00fcnther GmbH","isPartOf":{"@id":"https:\/\/guenther-gruppe.de\/kia\/#website"},"primaryImageOfPage":{"@id":"https:\/\/guenther-gruppe.de\/kia\/der-kia-ev3\/#primaryimage"},"image":{"@id":"https:\/\/guenther-gruppe.de\/kia\/der-kia-ev3\/#primaryimage"},"thumbnailUrl":"https:\/\/guenther-gruppe.de\/kia\/wp-content\/uploads\/sites\/9\/2021\/03\/beitragsbild-ev6.jpg","datePublished":"2025-02-14T08:49:11+00:00","dateModified":"2025-02-15T22:58:00+00:00","description":"Der Kia EV3 bei Autohaus G\u00fcnther. \u00dcberzeugen Sie sich selbst vom Gewinner des Goldenen Lenkrads 2024. Wie w\u00e4re es mit einer Probefahrt?","breadcrumb":{"@id":"https:\/\/guenther-gruppe.de\/kia\/der-kia-ev3\/#breadcrumb"},"inLanguage":"de","potentialAction":[{"@type":"ReadAction","target":["https:\/\/guenther-gruppe.de\/kia\/der-kia-ev3\/"]}]},{"@type":"ImageObject","inLanguage":"de","@id":"https:\/\/guenther-gruppe.de\/kia\/der-kia-ev3\/#primaryimage","url":"https:\/\/guenther-gruppe.de\/kia\/wp-content\/uploads\/sites\/9\/2021\/03\/beitragsbild-ev6.jpg","contentUrl":"https:\/\/guenther-gruppe.de\/kia\/wp-content\/uploads\/sites\/9\/2021\/03\/beitragsbild-ev6.jpg","width":800,"height":600,"caption":"Graues Elektroauto seitlich vor moderner Metallwand"},{"@type":"BreadcrumbList","@id":"https:\/\/guenther-gruppe.de\/kia\/der-kia-ev3\/#breadcrumb","itemListElement":[{"@type":"ListItem","position":1,"name":"Startseite","item":"https:\/\/guenther-gruppe.de\/kia\/"},{"@type":"ListItem","position":2,"name":"Der KIA EV3"}]},{"@type":"WebSite","@id":"https:\/\/guenther-gruppe.de\/kia\/#website","url":"https:\/\/guenther-gruppe.de\/kia\/","name":"Autohaus G\u00fcnther GmbH - Kia Vertragsh\u00e4ndler Hamburg und Ahrensburg","description":"Offizieller Kia Vertragsh\u00e4ndler","publisher":{"@id":"https:\/\/guenther-gruppe.de\/kia\/#organization"},"potentialAction":[{"@type":"SearchAction","target":{"@type":"EntryPoint","urlTemplate":"https:\/\/guenther-gruppe.de\/kia\/?s={search_term_string}"},"query-input":{"@type":"PropertyValueSpecification","valueRequired":true,"valueName":"search_term_string"}}],"inLanguage":"de"},{"@type":"Organization","@id":"https:\/\/guenther-gruppe.de\/kia\/#organization","name":"Autohaus G\u00fcnther GmbH","url":"https:\/\/guenther-gruppe.de\/kia\/","logo":{"@type":"ImageObject","inLanguage":"de","@id":"https:\/\/guenther-gruppe.de\/kia\/#\/schema\/logo\/image\/","url":"https:\/\/guenther-gruppe.de\/kia\/wp-content\/uploads\/sites\/9\/2021\/03\/guenther_logo-kia.png","contentUrl":"https:\/\/guenther-gruppe.de\/kia\/wp-content\/uploads\/sites\/9\/2021\/03\/guenther_logo-kia.png","width":2506,"height":400,"caption":"Autohaus G\u00fcnther GmbH"},"image":{"@id":"https:\/\/guenther-gruppe.de\/kia\/#\/schema\/logo\/image\/"}},{"@type":"Person","@id":"https:\/\/guenther-gruppe.de\/kia\/#\/schema\/person\/3f370438b6290791812d436398ff7cca","name":"madeleine","url":"https:\/\/guenther-gruppe.de\/kia\/author\/madeleine\/"}]}},"_links":{"self":[{"href":"https:\/\/guenther-gruppe.de\/kia\/wp-json\/wp\/v2\/posts\/102294","targetHints":{"allow":["GET"]}}],"collection":[{"href":"https:\/\/guenther-gruppe.de\/kia\/wp-json\/wp\/v2\/posts"}],"about":[{"href":"https:\/\/guenther-gruppe.de\/kia\/wp-json\/wp\/v2\/types\/post"}],"author":[{"embeddable":true,"href":"https:\/\/guenther-gruppe.de\/kia\/wp-json\/wp\/v2\/users\/10"}],"replies":[{"embeddable":true,"href":"https:\/\/guenther-gruppe.de\/kia\/wp-json\/wp\/v2\/comments?post=102294"}],"version-history":[{"count":5,"href":"https:\/\/guenther-gruppe.de\/kia\/wp-json\/wp\/v2\/posts\/102294\/revisions"}],"predecessor-version":[{"id":102364,"href":"https:\/\/guenther-gruppe.de\/kia\/wp-json\/wp\/v2\/posts\/102294\/revisions\/102364"}],"wp:featuredmedia":[{"embeddable":true,"href":"https:\/\/guenther-gruppe.de\/kia\/wp-json\/wp\/v2\/media\/27837"}],"wp:attachment":[{"href":"https:\/\/guenther-gruppe.de\/kia\/wp-json\/wp\/v2\/media?parent=102294"}],"wp:term":[{"taxonomy":"category","embeddable":true,"href":"https:\/\/guenther-gruppe.de\/kia\/wp-json\/wp\/v2\/categories?post=102294"},{"taxonomy":"post_tag","embeddable":true,"href":"https:\/\/guenther-gruppe.de\/kia\/wp-json\/wp\/v2\/tags?post=102294"}],"curies":[{"name":"wp","href":"https:\/\/api.w.org\/{rel}","templated":true}]}}